{"id":11417,"date":"2019-06-24T18:37:22","date_gmt":"2019-06-24T22:37:22","guid":{"rendered":"https:\/\/karatecanada.org\/?p=11417"},"modified":"2019-06-24T18:57:21","modified_gmt":"2019-06-24T22:57:21","slug":"karate1-serie-a-montreal-1-argent-et-2-bronze-pour-le-canada","status":"publish","type":"post","link":"https:\/\/karatecanada.org\/fr\/karate1-serie-a-montreal-1-argent-et-2-bronze-pour-le-canada\/","title":{"rendered":"KARAT\u00c91 S\u00c9RIE A MONTR\u00c9AL : 1 ARGENT ET 2 BRONZE POUR LE CANADA"},"content":{"rendered":"<p class=\"gmail-p1\"><span class=\"gmail-s1\">La premi\u00e8re \u00e9dition tenue en Am\u00e9rique du nord d\u2019un tournoi Karat\u00e9 1 S\u00e9rie A\u00a0a \u00e9t\u00e9 jug\u00e9e un franc succ\u00e8s, avec pr\u00e8s de 750 athl\u00e8tes de 79 pays luttant pour des m\u00e9dailles et des points de qualification pour Tokyo 2020. \u00ab Organiser cet \u00e9v\u00e9nement fut un \u00e9norme d\u00e9fi qu\u2019on s\u2019est donn\u00e9\u00a0\u00bb a avou\u00e9 Olivier Pineau, Directeur g\u00e9n\u00e9ral de Karat\u00e9 Canada. \u00ab\u00a0Mais nous sommes fiers de la performance de nos \u00e9quipes &#8211; nos b\u00e9n\u00e9voles et employ\u00e9s qui ont organis\u00e9 un tournoi exceptionnel et inoubliable, et notre \u00e9quipe canadienne qui a bien figur\u00e9, avec une m\u00e9daille d\u2019argent, 2 m\u00e9dailles de bronze et 2 Top 7. \u00c7a augure bien pour notre pr\u00e9paration pour les Olympiques de Tokyo 2020!\u00a0\u00bb<\/span><\/p>\n<p class=\"gmail-p1\"><span class=\"gmail-s1\">Daniel\u00a0Gaysinsky\u00a0(Caledon, ON) a rafl\u00e9 la m\u00e9daille d\u2019argent \u00e0 l\u2019\u00e9preuve kumit\u00e9 +84kg, s\u2019inclinant devant le Turque Alparslan Yamanoglu dans un match de finale tr\u00e8s serr\u00e9, un formidable adversaire class\u00e9 4e au monde. Haya Jumaa (Mississauga, ON) m\u00e9rita la m\u00e9daille de bronze \u00e0 l\u2019\u00e9preuve kumit\u00e9 -61kg, contre la Japonaise Mayumi Someya (9e au monde). L&rsquo;\u00e9quipe de kata masculin, compos\u00e9e de Nicholas Mustapha, Alison Nonato et Ryan Shields, a elle aussi remport\u00e9 le bronze. Pour conna\u00eetre tous les <a href=\"https:\/\/www.sportdata.org\/wkf\/set-online\/popup_main.php?popup_action=results&amp;vernr=271&amp;active_menu=calendar\" target=\"_blank\" rel=\"noopener noreferrer\">r\u00e9sultats<\/a> de la comp\u00e9tition, veuillez consulter la page Sportdata de l&rsquo;\u00e9v\u00e9nement.<\/span><\/p>\n<p class=\"gmail-p1\"><span class=\"gmail-s1\">La F\u00e9d\u00e9ration mondiale de karat\u00e9 octroie seulement 4 tournois des S\u00e9ries A \u00e0 travers le monde dans une ann\u00e9e. \u00ab\u00a0L\u2019organisation de ce tournoi d\u2019envergure importante a permis \u00e0 nos athl\u00e8tes de comp\u00e9titionner en sol canadien, devant leurs parents et amis\u00a0\u00bb avoua le Pr\u00e9sident de Karat\u00e9 Canada, Craig Vokey. \u00abCe fut une belle occasion de mettre en vedette le karat\u00e9 devant le public canadien, en plus de d\u00e9montrer le haut niveau et l\u2019expertise de nos athl\u00e8tes. Mission accomplie!\u00a0\u00bb<\/span><\/p>\n<p>Karat\u00e9 Canada et son partenaire organisateur Karat\u00e9 Qu\u00e9bec aimeraient remercier le <a href=\"https:\/\/www.canada.ca\/fr.html\" target=\"_blank\" rel=\"noopener noreferrer\">Gouvernement du Canada<\/a>, le <a href=\"https:\/\/www.quebec.ca\/tourisme-et-loisirs\/fier-partenaire\/\" target=\"_blank\" rel=\"noopener noreferrer\">Gouvernement du Qu\u00e9bec<\/a>, <a href=\"https:\/\/www.mtl.org\/fr\" target=\"_blank\" rel=\"noopener noreferrer\">Tourisme Montr\u00e9al<\/a>, la <a href=\"http:\/\/ville.montreal.qc.ca\/portal\/page?_pageid=5798,85041649&amp;_dad=portal&amp;_schema=PORTAL\" target=\"_blank\" rel=\"noopener noreferrer\">Ville de Montr\u00e9al<\/a>\u00a0et le <a href=\"https:\/\/www.marriott.fr\/hotels\/travel\/yulsi-le-centre-sheraton-montreal-hotel\" target=\"_blank\" rel=\"noopener noreferrer\">Centre Sheraton de Montr\u00e9al<\/a>. Cet \u00e9v\u00e9nement n&rsquo;aurait pas \u00e9t\u00e9 possible sans leur pr\u00e9cieux support. Nous aimerions aussi sinc\u00e8rement remercier la F\u00e9d\u00e9ration mondiale de karat\u00e9 et M. Dominique Sigill\u00e9 (Superviseur, FMK) pour leur confiance, Mme Fariba Madani (arbitre en chef du tournoi), toute l&rsquo;\u00e9quipe de Sportdata ainsi que le Comit\u00e9 organisateur de l&rsquo;\u00e9v\u00e9nement. Finalement un dernier merci du fond du coeur \u00e0 tous les athl\u00e8tes, entra\u00eeneurs, arbitres et b\u00e9n\u00e9voles d&rsquo;avoir particip\u00e9 au Karat\u00e9 1 S\u00e9rie A de Montr\u00e9al et d&rsquo;en avoir fait un succ\u00e8s!<\/p>\n<p>Photo: Jean-Philippe B\u00e9land<\/p>\n","protected":false},"excerpt":{"rendered":"<p>La premi\u00e8re \u00e9dition tenue en Am\u00e9rique du nord d\u2019un tournoi Karat\u00e9 1 S\u00e9rie A\u00a0a \u00e9t\u00e9 jug\u00e9e un franc succ\u00e8s, avec pr\u00e8s de 750 athl\u00e8tes de 79 pays luttant pour des m\u00e9dailles et des points de qualification pour Tokyo 2020. \u00ab Organiser cet \u00e9v\u00e9nement fut un \u00e9norme d\u00e9fi qu\u2019on s\u2019est donn\u00e9\u00a0\u00bb a avou\u00e9 Olivier Pineau, Directeur [&hellip;]<\/p>\n","protected":false},"author":7,"featured_media":11418,"comment_status":"open","ping_status":"open","sticky":false,"template":"","format":"standard","meta":{"_acf_changed":false,"footnotes":""},"categories":[218,212,216],"tags":[],"class_list":["post-11417","post","type-post","status-publish","format-standard","has-post-thumbnail","hentry","category-benevole","category-equipe-nationale","category-olympiques"],"acf":[],"yoast_head":"<!-- This site is optimized with the Yoast SEO plugin v27.3 - https:\/\/yoast.com\/product\/yoast-seo-wordpress\/ -->\n<title>KARAT\u00c91 S\u00c9RIE A MONTR\u00c9AL : 1 ARGENT ET 2 BRONZE POUR LE CANADA - Karate Canada<\/title>\n<meta name=\"robots\" content=\"index, follow, max-snippet:-1, max-image-preview:large, max-video-preview:-1\" \/>\n<link rel=\"canonical\" href=\"https:\/\/karatecanada.org\/fr\/karate1-serie-a-montreal-1-argent-et-2-bronze-pour-le-canada\/\" \/>\n<meta property=\"og:locale\" content=\"fr_FR\" \/>\n<meta property=\"og:type\" content=\"article\" \/>\n<meta property=\"og:title\" content=\"KARAT\u00c91 S\u00c9RIE A MONTR\u00c9AL : 1 ARGENT ET 2 BRONZE POUR LE CANADA - Karate Canada\" \/>\n<meta property=\"og:description\" content=\"La premi\u00e8re \u00e9dition tenue en Am\u00e9rique du nord d\u2019un tournoi Karat\u00e9 1 S\u00e9rie A\u00a0a \u00e9t\u00e9 jug\u00e9e un franc succ\u00e8s, avec pr\u00e8s de 750 athl\u00e8tes de 79 pays luttant pour des m\u00e9dailles et des points de qualification pour Tokyo 2020. \u00ab Organiser cet \u00e9v\u00e9nement fut un \u00e9norme d\u00e9fi qu\u2019on s\u2019est donn\u00e9\u00a0\u00bb a avou\u00e9 Olivier Pineau, Directeur [&hellip;]\" \/>\n<meta property=\"og:url\" content=\"https:\/\/karatecanada.org\/fr\/karate1-serie-a-montreal-1-argent-et-2-bronze-pour-le-canada\/\" \/>\n<meta property=\"og:site_name\" content=\"Karate Canada\" \/>\n<meta property=\"article:published_time\" content=\"2019-06-24T22:37:22+00:00\" \/>\n<meta property=\"article:modified_time\" content=\"2019-06-24T22:57:21+00:00\" \/>\n<meta property=\"og:image\" content=\"https:\/\/karatecanada.org\/wp-content\/uploads\/2019\/06\/2019-06-24_web.jpg\" \/>\n\t<meta property=\"og:image:width\" content=\"767\" \/>\n\t<meta property=\"og:image:height\" content=\"484\" \/>\n\t<meta property=\"og:image:type\" content=\"image\/jpeg\" \/>\n<meta name=\"author\" content=\"Andrea Mortenson\" \/>\n<meta name=\"twitter:card\" content=\"summary_large_image\" \/>\n<meta name=\"twitter:label1\" content=\"\u00c9crit par\" \/>\n\t<meta name=\"twitter:data1\" content=\"Andrea Mortenson\" \/>\n\t<meta name=\"twitter:label2\" content=\"Dur\u00e9e de lecture estim\u00e9e\" \/>\n\t<meta name=\"twitter:data2\" content=\"2 minutes\" \/>\n<script type=\"application\/ld+json\" class=\"yoast-schema-graph\">{\"@context\":\"https:\\\/\\\/schema.org\",\"@graph\":[{\"@type\":\"Article\",\"@id\":\"https:\\\/\\\/karatecanada.org\\\/fr\\\/karate1-serie-a-montreal-1-argent-et-2-bronze-pour-le-canada\\\/#article\",\"isPartOf\":{\"@id\":\"https:\\\/\\\/karatecanada.org\\\/fr\\\/karate1-serie-a-montreal-1-argent-et-2-bronze-pour-le-canada\\\/\"},\"author\":{\"name\":\"Andrea Mortenson\",\"@id\":\"https:\\\/\\\/karatecanada.org\\\/fr\\\/#\\\/schema\\\/person\\\/4bf5431dbf9d58396308966e19cd3509\"},\"headline\":\"KARAT\u00c91 S\u00c9RIE A MONTR\u00c9AL : 1 ARGENT ET 2 BRONZE POUR LE CANADA\",\"datePublished\":\"2019-06-24T22:37:22+00:00\",\"dateModified\":\"2019-06-24T22:57:21+00:00\",\"mainEntityOfPage\":{\"@id\":\"https:\\\/\\\/karatecanada.org\\\/fr\\\/karate1-serie-a-montreal-1-argent-et-2-bronze-pour-le-canada\\\/\"},\"wordCount\":462,\"commentCount\":0,\"image\":{\"@id\":\"https:\\\/\\\/karatecanada.org\\\/fr\\\/karate1-serie-a-montreal-1-argent-et-2-bronze-pour-le-canada\\\/#primaryimage\"},\"thumbnailUrl\":\"https:\\\/\\\/karatecanada.org\\\/wp-content\\\/uploads\\\/2019\\\/06\\\/2019-06-24_web.jpg\",\"articleSection\":[\"B\u00e9n\u00e9vole\",\"\u00c9quipe nationale\",\"Olympiques\"],\"inLanguage\":\"fr-FR\",\"potentialAction\":[{\"@type\":\"CommentAction\",\"name\":\"Comment\",\"target\":[\"https:\\\/\\\/karatecanada.org\\\/fr\\\/karate1-serie-a-montreal-1-argent-et-2-bronze-pour-le-canada\\\/#respond\"]}]},{\"@type\":\"WebPage\",\"@id\":\"https:\\\/\\\/karatecanada.org\\\/fr\\\/karate1-serie-a-montreal-1-argent-et-2-bronze-pour-le-canada\\\/\",\"url\":\"https:\\\/\\\/karatecanada.org\\\/fr\\\/karate1-serie-a-montreal-1-argent-et-2-bronze-pour-le-canada\\\/\",\"name\":\"KARAT\u00c91 S\u00c9RIE A MONTR\u00c9AL : 1 ARGENT ET 2 BRONZE POUR LE CANADA - Karate Canada\",\"isPartOf\":{\"@id\":\"https:\\\/\\\/karatecanada.org\\\/fr\\\/#website\"},\"primaryImageOfPage\":{\"@id\":\"https:\\\/\\\/karatecanada.org\\\/fr\\\/karate1-serie-a-montreal-1-argent-et-2-bronze-pour-le-canada\\\/#primaryimage\"},\"image\":{\"@id\":\"https:\\\/\\\/karatecanada.org\\\/fr\\\/karate1-serie-a-montreal-1-argent-et-2-bronze-pour-le-canada\\\/#primaryimage\"},\"thumbnailUrl\":\"https:\\\/\\\/karatecanada.org\\\/wp-content\\\/uploads\\\/2019\\\/06\\\/2019-06-24_web.jpg\",\"datePublished\":\"2019-06-24T22:37:22+00:00\",\"dateModified\":\"2019-06-24T22:57:21+00:00\",\"author\":{\"@id\":\"https:\\\/\\\/karatecanada.org\\\/fr\\\/#\\\/schema\\\/person\\\/4bf5431dbf9d58396308966e19cd3509\"},\"breadcrumb\":{\"@id\":\"https:\\\/\\\/karatecanada.org\\\/fr\\\/karate1-serie-a-montreal-1-argent-et-2-bronze-pour-le-canada\\\/#breadcrumb\"},\"inLanguage\":\"fr-FR\",\"potentialAction\":[{\"@type\":\"ReadAction\",\"target\":[\"https:\\\/\\\/karatecanada.org\\\/fr\\\/karate1-serie-a-montreal-1-argent-et-2-bronze-pour-le-canada\\\/\"]}]},{\"@type\":\"ImageObject\",\"inLanguage\":\"fr-FR\",\"@id\":\"https:\\\/\\\/karatecanada.org\\\/fr\\\/karate1-serie-a-montreal-1-argent-et-2-bronze-pour-le-canada\\\/#primaryimage\",\"url\":\"https:\\\/\\\/karatecanada.org\\\/wp-content\\\/uploads\\\/2019\\\/06\\\/2019-06-24_web.jpg\",\"contentUrl\":\"https:\\\/\\\/karatecanada.org\\\/wp-content\\\/uploads\\\/2019\\\/06\\\/2019-06-24_web.jpg\",\"width\":767,\"height\":484},{\"@type\":\"BreadcrumbList\",\"@id\":\"https:\\\/\\\/karatecanada.org\\\/fr\\\/karate1-serie-a-montreal-1-argent-et-2-bronze-pour-le-canada\\\/#breadcrumb\",\"itemListElement\":[{\"@type\":\"ListItem\",\"position\":1,\"name\":\"Home\",\"item\":\"https:\\\/\\\/karatecanada.org\\\/fr\\\/\"},{\"@type\":\"ListItem\",\"position\":2,\"name\":\"KARAT\u00c91 S\u00c9RIE A MONTR\u00c9AL : 1 ARGENT ET 2 BRONZE POUR LE CANADA\"}]},{\"@type\":\"WebSite\",\"@id\":\"https:\\\/\\\/karatecanada.org\\\/fr\\\/#website\",\"url\":\"https:\\\/\\\/karatecanada.org\\\/fr\\\/\",\"name\":\"Karate Canada\",\"description\":\"Just another WordPress site\",\"potentialAction\":[{\"@type\":\"SearchAction\",\"target\":{\"@type\":\"EntryPoint\",\"urlTemplate\":\"https:\\\/\\\/karatecanada.org\\\/fr\\\/?s={search_term_string}\"},\"query-input\":{\"@type\":\"PropertyValueSpecification\",\"valueRequired\":true,\"valueName\":\"search_term_string\"}}],\"inLanguage\":\"fr-FR\"},{\"@type\":\"Person\",\"@id\":\"https:\\\/\\\/karatecanada.org\\\/fr\\\/#\\\/schema\\\/person\\\/4bf5431dbf9d58396308966e19cd3509\",\"name\":\"Andrea Mortenson\",\"image\":{\"@type\":\"ImageObject\",\"inLanguage\":\"fr-FR\",\"@id\":\"https:\\\/\\\/secure.gravatar.com\\\/avatar\\\/c0fbb2ccf4c18c46c3889bd8919e99cf6ddb6bbda8924ffd8391edcb42b3ae47?s=96&d=mm&r=g\",\"url\":\"https:\\\/\\\/secure.gravatar.com\\\/avatar\\\/c0fbb2ccf4c18c46c3889bd8919e99cf6ddb6bbda8924ffd8391edcb42b3ae47?s=96&d=mm&r=g\",\"contentUrl\":\"https:\\\/\\\/secure.gravatar.com\\\/avatar\\\/c0fbb2ccf4c18c46c3889bd8919e99cf6ddb6bbda8924ffd8391edcb42b3ae47?s=96&d=mm&r=g\",\"caption\":\"Andrea Mortenson\"},\"url\":\"https:\\\/\\\/karatecanada.org\\\/fr\\\/author\\\/andi\\\/\"}]}<\/script>\n<!-- \/ Yoast SEO plugin. -->","yoast_head_json":{"title":"KARAT\u00c91 S\u00c9RIE A MONTR\u00c9AL : 1 ARGENT ET 2 BRONZE POUR LE CANADA - Karate Canada","robots":{"index":"index","follow":"follow","max-snippet":"max-snippet:-1","max-image-preview":"max-image-preview:large","max-video-preview":"max-video-preview:-1"},"canonical":"https:\/\/karatecanada.org\/fr\/karate1-serie-a-montreal-1-argent-et-2-bronze-pour-le-canada\/","og_locale":"fr_FR","og_type":"article","og_title":"KARAT\u00c91 S\u00c9RIE A MONTR\u00c9AL : 1 ARGENT ET 2 BRONZE POUR LE CANADA - Karate Canada","og_description":"La premi\u00e8re \u00e9dition tenue en Am\u00e9rique du nord d\u2019un tournoi Karat\u00e9 1 S\u00e9rie A\u00a0a \u00e9t\u00e9 jug\u00e9e un franc succ\u00e8s, avec pr\u00e8s de 750 athl\u00e8tes de 79 pays luttant pour des m\u00e9dailles et des points de qualification pour Tokyo 2020. \u00ab Organiser cet \u00e9v\u00e9nement fut un \u00e9norme d\u00e9fi qu\u2019on s\u2019est donn\u00e9\u00a0\u00bb a avou\u00e9 Olivier Pineau, Directeur [&hellip;]","og_url":"https:\/\/karatecanada.org\/fr\/karate1-serie-a-montreal-1-argent-et-2-bronze-pour-le-canada\/","og_site_name":"Karate Canada","article_published_time":"2019-06-24T22:37:22+00:00","article_modified_time":"2019-06-24T22:57:21+00:00","og_image":[{"width":767,"height":484,"url":"https:\/\/karatecanada.org\/wp-content\/uploads\/2019\/06\/2019-06-24_web.jpg","type":"image\/jpeg"}],"author":"Andrea Mortenson","twitter_card":"summary_large_image","twitter_misc":{"\u00c9crit par":"Andrea Mortenson","Dur\u00e9e de lecture estim\u00e9e":"2 minutes"},"schema":{"@context":"https:\/\/schema.org","@graph":[{"@type":"Article","@id":"https:\/\/karatecanada.org\/fr\/karate1-serie-a-montreal-1-argent-et-2-bronze-pour-le-canada\/#article","isPartOf":{"@id":"https:\/\/karatecanada.org\/fr\/karate1-serie-a-montreal-1-argent-et-2-bronze-pour-le-canada\/"},"author":{"name":"Andrea Mortenson","@id":"https:\/\/karatecanada.org\/fr\/#\/schema\/person\/4bf5431dbf9d58396308966e19cd3509"},"headline":"KARAT\u00c91 S\u00c9RIE A MONTR\u00c9AL : 1 ARGENT ET 2 BRONZE POUR LE CANADA","datePublished":"2019-06-24T22:37:22+00:00","dateModified":"2019-06-24T22:57:21+00:00","mainEntityOfPage":{"@id":"https:\/\/karatecanada.org\/fr\/karate1-serie-a-montreal-1-argent-et-2-bronze-pour-le-canada\/"},"wordCount":462,"commentCount":0,"image":{"@id":"https:\/\/karatecanada.org\/fr\/karate1-serie-a-montreal-1-argent-et-2-bronze-pour-le-canada\/#primaryimage"},"thumbnailUrl":"https:\/\/karatecanada.org\/wp-content\/uploads\/2019\/06\/2019-06-24_web.jpg","articleSection":["B\u00e9n\u00e9vole","\u00c9quipe nationale","Olympiques"],"inLanguage":"fr-FR","potentialAction":[{"@type":"CommentAction","name":"Comment","target":["https:\/\/karatecanada.org\/fr\/karate1-serie-a-montreal-1-argent-et-2-bronze-pour-le-canada\/#respond"]}]},{"@type":"WebPage","@id":"https:\/\/karatecanada.org\/fr\/karate1-serie-a-montreal-1-argent-et-2-bronze-pour-le-canada\/","url":"https:\/\/karatecanada.org\/fr\/karate1-serie-a-montreal-1-argent-et-2-bronze-pour-le-canada\/","name":"KARAT\u00c91 S\u00c9RIE A MONTR\u00c9AL : 1 ARGENT ET 2 BRONZE POUR LE CANADA - Karate Canada","isPartOf":{"@id":"https:\/\/karatecanada.org\/fr\/#website"},"primaryImageOfPage":{"@id":"https:\/\/karatecanada.org\/fr\/karate1-serie-a-montreal-1-argent-et-2-bronze-pour-le-canada\/#primaryimage"},"image":{"@id":"https:\/\/karatecanada.org\/fr\/karate1-serie-a-montreal-1-argent-et-2-bronze-pour-le-canada\/#primaryimage"},"thumbnailUrl":"https:\/\/karatecanada.org\/wp-content\/uploads\/2019\/06\/2019-06-24_web.jpg","datePublished":"2019-06-24T22:37:22+00:00","dateModified":"2019-06-24T22:57:21+00:00","author":{"@id":"https:\/\/karatecanada.org\/fr\/#\/schema\/person\/4bf5431dbf9d58396308966e19cd3509"},"breadcrumb":{"@id":"https:\/\/karatecanada.org\/fr\/karate1-serie-a-montreal-1-argent-et-2-bronze-pour-le-canada\/#breadcrumb"},"inLanguage":"fr-FR","potentialAction":[{"@type":"ReadAction","target":["https:\/\/karatecanada.org\/fr\/karate1-serie-a-montreal-1-argent-et-2-bronze-pour-le-canada\/"]}]},{"@type":"ImageObject","inLanguage":"fr-FR","@id":"https:\/\/karatecanada.org\/fr\/karate1-serie-a-montreal-1-argent-et-2-bronze-pour-le-canada\/#primaryimage","url":"https:\/\/karatecanada.org\/wp-content\/uploads\/2019\/06\/2019-06-24_web.jpg","contentUrl":"https:\/\/karatecanada.org\/wp-content\/uploads\/2019\/06\/2019-06-24_web.jpg","width":767,"height":484},{"@type":"BreadcrumbList","@id":"https:\/\/karatecanada.org\/fr\/karate1-serie-a-montreal-1-argent-et-2-bronze-pour-le-canada\/#breadcrumb","itemListElement":[{"@type":"ListItem","position":1,"name":"Home","item":"https:\/\/karatecanada.org\/fr\/"},{"@type":"ListItem","position":2,"name":"KARAT\u00c91 S\u00c9RIE A MONTR\u00c9AL : 1 ARGENT ET 2 BRONZE POUR LE CANADA"}]},{"@type":"WebSite","@id":"https:\/\/karatecanada.org\/fr\/#website","url":"https:\/\/karatecanada.org\/fr\/","name":"Karate Canada","description":"Just another WordPress site","potentialAction":[{"@type":"SearchAction","target":{"@type":"EntryPoint","urlTemplate":"https:\/\/karatecanada.org\/fr\/?s={search_term_string}"},"query-input":{"@type":"PropertyValueSpecification","valueRequired":true,"valueName":"search_term_string"}}],"inLanguage":"fr-FR"},{"@type":"Person","@id":"https:\/\/karatecanada.org\/fr\/#\/schema\/person\/4bf5431dbf9d58396308966e19cd3509","name":"Andrea Mortenson","image":{"@type":"ImageObject","inLanguage":"fr-FR","@id":"https:\/\/secure.gravatar.com\/avatar\/c0fbb2ccf4c18c46c3889bd8919e99cf6ddb6bbda8924ffd8391edcb42b3ae47?s=96&d=mm&r=g","url":"https:\/\/secure.gravatar.com\/avatar\/c0fbb2ccf4c18c46c3889bd8919e99cf6ddb6bbda8924ffd8391edcb42b3ae47?s=96&d=mm&r=g","contentUrl":"https:\/\/secure.gravatar.com\/avatar\/c0fbb2ccf4c18c46c3889bd8919e99cf6ddb6bbda8924ffd8391edcb42b3ae47?s=96&d=mm&r=g","caption":"Andrea Mortenson"},"url":"https:\/\/karatecanada.org\/fr\/author\/andi\/"}]}},"featured_image_src":"https:\/\/karatecanada.org\/wp-content\/uploads\/2019\/06\/2019-06-24_web.jpg","date_format":"juin 24, 2019","_links":{"self":[{"href":"https:\/\/karatecanada.org\/fr\/wp-json\/wp\/v2\/posts\/11417","targetHints":{"allow":["GET"]}}],"collection":[{"href":"https:\/\/karatecanada.org\/fr\/wp-json\/wp\/v2\/posts"}],"about":[{"href":"https:\/\/karatecanada.org\/fr\/wp-json\/wp\/v2\/types\/post"}],"author":[{"embeddable":true,"href":"https:\/\/karatecanada.org\/fr\/wp-json\/wp\/v2\/users\/7"}],"replies":[{"embeddable":true,"href":"https:\/\/karatecanada.org\/fr\/wp-json\/wp\/v2\/comments?post=11417"}],"version-history":[{"count":0,"href":"https:\/\/karatecanada.org\/fr\/wp-json\/wp\/v2\/posts\/11417\/revisions"}],"wp:featuredmedia":[{"embeddable":true,"href":"https:\/\/karatecanada.org\/fr\/wp-json\/wp\/v2\/media\/11418"}],"wp:attachment":[{"href":"https:\/\/karatecanada.org\/fr\/wp-json\/wp\/v2\/media?parent=11417"}],"wp:term":[{"taxonomy":"category","embeddable":true,"href":"https:\/\/karatecanada.org\/fr\/wp-json\/wp\/v2\/categories?post=11417"},{"taxonomy":"post_tag","embeddable":true,"href":"https:\/\/karatecanada.org\/fr\/wp-json\/wp\/v2\/tags?post=11417"}],"curies":[{"name":"wp","href":"https:\/\/api.w.org\/{rel}","templated":true}]}}