{"id":11533,"date":"2019-07-11T11:37:26","date_gmt":"2019-07-11T15:37:26","guid":{"rendered":"https:\/\/karatecanada.org\/?p=11533"},"modified":"2019-07-11T11:37:26","modified_gmt":"2019-07-11T15:37:26","slug":"karate-canada-est-a-la-recherche-dentraineurs-de-kumite-adjoints-pour-lequipe-nationale-junior","status":"publish","type":"post","link":"https:\/\/karatecanada.org\/fr\/karate-canada-est-a-la-recherche-dentraineurs-de-kumite-adjoints-pour-lequipe-nationale-junior\/","title":{"rendered":"KARAT\u00c9 CANADA EST \u00c0 LA RECHERCHE D\u2019ENTRA\u00ceNEURS DE KUMIT\u00c9 ADJOINTS POUR L\u2019\u00c9QUIPE NATIONALE JUNIOR"},"content":{"rendered":"<p>Karat\u00e9 Canada est actuellement \u00e0 la recherche de quelques entra\u00eeneurs\u00a0de kumit\u00e9 adjoints de l\u2019\u00e9quipe nationale junior, qui appuieront l&rsquo;entra\u00eeneur-chef et les athl\u00e8tes membres de l\u2019\u00e9quipe nationale junior lors d\u2019\u00e9v\u00e9nements cl\u00e9s de la prochaine saison de comp\u00e9tition. <a href=\"https:\/\/karatecanada.org\/wp-content\/uploads\/2019\/07\/KC_KumiteNatlTeam_AssistantCoach_JOB-DESCRIPTION_2019_11July2019_FR.pdf\" target=\"_blank\" rel=\"noopener noreferrer\">Cliquez ici\u00a0afin de lire la description du poste<\/a><span class=\"\" style=\"color: #0433ff;\">.<\/span>\u00a0Veuillez svp noter que toutes les personnes int\u00e9ress\u00e9es doivent soumettre leur candidature au plus tard le <strong>18 juillet 2019<\/strong>.<\/p>\n<p>Photo: Anthony Small<\/p>\n","protected":false},"excerpt":{"rendered":"<p>Karat\u00e9 Canada est actuellement \u00e0 la recherche de quelques entra\u00eeneurs\u00a0de kumit\u00e9 adjoints de l\u2019\u00e9quipe nationale junior, qui appuieront l&rsquo;entra\u00eeneur-chef et les athl\u00e8tes membres de l\u2019\u00e9quipe nationale junior lors d\u2019\u00e9v\u00e9nements cl\u00e9s de la prochaine saison de comp\u00e9tition. Cliquez ici\u00a0afin de lire la description du poste.\u00a0Veuillez svp noter que toutes les personnes int\u00e9ress\u00e9es doivent soumettre leur candidature [&hellip;]<\/p>\n","protected":false},"author":7,"featured_media":11531,"comment_status":"open","ping_status":"open","sticky":false,"template":"","format":"standard","meta":{"_acf_changed":false,"footnotes":""},"categories":[217,212],"tags":[],"class_list":["post-11533","post","type-post","status-publish","format-standard","has-post-thumbnail","hentry","category-championnats-panam","category-equipe-nationale"],"acf":[],"yoast_head":"<!-- This site is optimized with the Yoast SEO plugin v27.3 - https:\/\/yoast.com\/product\/yoast-seo-wordpress\/ -->\n<title>KARAT\u00c9 CANADA EST \u00c0 LA RECHERCHE D\u2019ENTRA\u00ceNEURS DE KUMIT\u00c9 ADJOINTS POUR L\u2019\u00c9QUIPE NATIONALE JUNIOR - Karate Canada<\/title>\n<meta name=\"robots\" content=\"index, follow, max-snippet:-1, max-image-preview:large, max-video-preview:-1\" \/>\n<link rel=\"canonical\" href=\"https:\/\/karatecanada.org\/fr\/karate-canada-est-a-la-recherche-dentraineurs-de-kumite-adjoints-pour-lequipe-nationale-junior\/\" \/>\n<meta property=\"og:locale\" content=\"fr_FR\" \/>\n<meta property=\"og:type\" content=\"article\" \/>\n<meta property=\"og:title\" content=\"KARAT\u00c9 CANADA EST \u00c0 LA RECHERCHE D\u2019ENTRA\u00ceNEURS DE KUMIT\u00c9 ADJOINTS POUR L\u2019\u00c9QUIPE NATIONALE JUNIOR - Karate Canada\" \/>\n<meta property=\"og:description\" content=\"Karat\u00e9 Canada est actuellement \u00e0 la recherche de quelques entra\u00eeneurs\u00a0de kumit\u00e9 adjoints de l\u2019\u00e9quipe nationale junior, qui appuieront l&rsquo;entra\u00eeneur-chef et les athl\u00e8tes membres de l\u2019\u00e9quipe nationale junior lors d\u2019\u00e9v\u00e9nements cl\u00e9s de la prochaine saison de comp\u00e9tition. Cliquez ici\u00a0afin de lire la description du poste.\u00a0Veuillez svp noter que toutes les personnes int\u00e9ress\u00e9es doivent soumettre leur candidature [&hellip;]\" \/>\n<meta property=\"og:url\" content=\"https:\/\/karatecanada.org\/fr\/karate-canada-est-a-la-recherche-dentraineurs-de-kumite-adjoints-pour-lequipe-nationale-junior\/\" \/>\n<meta property=\"og:site_name\" content=\"Karate Canada\" \/>\n<meta property=\"article:published_time\" content=\"2019-07-11T15:37:26+00:00\" \/>\n<meta property=\"og:image\" content=\"https:\/\/karatecanada.org\/wp-content\/uploads\/2019\/07\/News_2019-07-11.jpeg\" \/>\n\t<meta property=\"og:image:width\" content=\"768\" \/>\n\t<meta property=\"og:image:height\" content=\"484\" \/>\n\t<meta property=\"og:image:type\" content=\"image\/jpeg\" \/>\n<meta name=\"author\" content=\"Andrea Mortenson\" \/>\n<meta name=\"twitter:card\" content=\"summary_large_image\" \/>\n<meta name=\"twitter:label1\" content=\"\u00c9crit par\" \/>\n\t<meta name=\"twitter:data1\" content=\"Andrea Mortenson\" \/>\n<script type=\"application\/ld+json\" class=\"yoast-schema-graph\">{\"@context\":\"https:\\\/\\\/schema.org\",\"@graph\":[{\"@type\":\"Article\",\"@id\":\"https:\\\/\\\/karatecanada.org\\\/fr\\\/karate-canada-est-a-la-recherche-dentraineurs-de-kumite-adjoints-pour-lequipe-nationale-junior\\\/#article\",\"isPartOf\":{\"@id\":\"https:\\\/\\\/karatecanada.org\\\/fr\\\/karate-canada-est-a-la-recherche-dentraineurs-de-kumite-adjoints-pour-lequipe-nationale-junior\\\/\"},\"author\":{\"name\":\"Andrea Mortenson\",\"@id\":\"https:\\\/\\\/karatecanada.org\\\/fr\\\/#\\\/schema\\\/person\\\/4bf5431dbf9d58396308966e19cd3509\"},\"headline\":\"KARAT\u00c9 CANADA EST \u00c0 LA RECHERCHE D\u2019ENTRA\u00ceNEURS DE KUMIT\u00c9 ADJOINTS POUR L\u2019\u00c9QUIPE NATIONALE JUNIOR\",\"datePublished\":\"2019-07-11T15:37:26+00:00\",\"mainEntityOfPage\":{\"@id\":\"https:\\\/\\\/karatecanada.org\\\/fr\\\/karate-canada-est-a-la-recherche-dentraineurs-de-kumite-adjoints-pour-lequipe-nationale-junior\\\/\"},\"wordCount\":93,\"commentCount\":0,\"image\":{\"@id\":\"https:\\\/\\\/karatecanada.org\\\/fr\\\/karate-canada-est-a-la-recherche-dentraineurs-de-kumite-adjoints-pour-lequipe-nationale-junior\\\/#primaryimage\"},\"thumbnailUrl\":\"https:\\\/\\\/karatecanada.org\\\/wp-content\\\/uploads\\\/2019\\\/07\\\/News_2019-07-11.jpeg\",\"articleSection\":[\"Championnats Panam\",\"\u00c9quipe nationale\"],\"inLanguage\":\"fr-FR\",\"potentialAction\":[{\"@type\":\"CommentAction\",\"name\":\"Comment\",\"target\":[\"https:\\\/\\\/karatecanada.org\\\/fr\\\/karate-canada-est-a-la-recherche-dentraineurs-de-kumite-adjoints-pour-lequipe-nationale-junior\\\/#respond\"]}]},{\"@type\":\"WebPage\",\"@id\":\"https:\\\/\\\/karatecanada.org\\\/fr\\\/karate-canada-est-a-la-recherche-dentraineurs-de-kumite-adjoints-pour-lequipe-nationale-junior\\\/\",\"url\":\"https:\\\/\\\/karatecanada.org\\\/fr\\\/karate-canada-est-a-la-recherche-dentraineurs-de-kumite-adjoints-pour-lequipe-nationale-junior\\\/\",\"name\":\"KARAT\u00c9 CANADA EST \u00c0 LA RECHERCHE D\u2019ENTRA\u00ceNEURS DE KUMIT\u00c9 ADJOINTS POUR L\u2019\u00c9QUIPE NATIONALE JUNIOR - Karate Canada\",\"isPartOf\":{\"@id\":\"https:\\\/\\\/karatecanada.org\\\/fr\\\/#website\"},\"primaryImageOfPage\":{\"@id\":\"https:\\\/\\\/karatecanada.org\\\/fr\\\/karate-canada-est-a-la-recherche-dentraineurs-de-kumite-adjoints-pour-lequipe-nationale-junior\\\/#primaryimage\"},\"image\":{\"@id\":\"https:\\\/\\\/karatecanada.org\\\/fr\\\/karate-canada-est-a-la-recherche-dentraineurs-de-kumite-adjoints-pour-lequipe-nationale-junior\\\/#primaryimage\"},\"thumbnailUrl\":\"https:\\\/\\\/karatecanada.org\\\/wp-content\\\/uploads\\\/2019\\\/07\\\/News_2019-07-11.jpeg\",\"datePublished\":\"2019-07-11T15:37:26+00:00\",\"author\":{\"@id\":\"https:\\\/\\\/karatecanada.org\\\/fr\\\/#\\\/schema\\\/person\\\/4bf5431dbf9d58396308966e19cd3509\"},\"breadcrumb\":{\"@id\":\"https:\\\/\\\/karatecanada.org\\\/fr\\\/karate-canada-est-a-la-recherche-dentraineurs-de-kumite-adjoints-pour-lequipe-nationale-junior\\\/#breadcrumb\"},\"inLanguage\":\"fr-FR\",\"potentialAction\":[{\"@type\":\"ReadAction\",\"target\":[\"https:\\\/\\\/karatecanada.org\\\/fr\\\/karate-canada-est-a-la-recherche-dentraineurs-de-kumite-adjoints-pour-lequipe-nationale-junior\\\/\"]}]},{\"@type\":\"ImageObject\",\"inLanguage\":\"fr-FR\",\"@id\":\"https:\\\/\\\/karatecanada.org\\\/fr\\\/karate-canada-est-a-la-recherche-dentraineurs-de-kumite-adjoints-pour-lequipe-nationale-junior\\\/#primaryimage\",\"url\":\"https:\\\/\\\/karatecanada.org\\\/wp-content\\\/uploads\\\/2019\\\/07\\\/News_2019-07-11.jpeg\",\"contentUrl\":\"https:\\\/\\\/karatecanada.org\\\/wp-content\\\/uploads\\\/2019\\\/07\\\/News_2019-07-11.jpeg\",\"width\":768,\"height\":484},{\"@type\":\"BreadcrumbList\",\"@id\":\"https:\\\/\\\/karatecanada.org\\\/fr\\\/karate-canada-est-a-la-recherche-dentraineurs-de-kumite-adjoints-pour-lequipe-nationale-junior\\\/#breadcrumb\",\"itemListElement\":[{\"@type\":\"ListItem\",\"position\":1,\"name\":\"Home\",\"item\":\"https:\\\/\\\/karatecanada.org\\\/fr\\\/\"},{\"@type\":\"ListItem\",\"position\":2,\"name\":\"KARAT\u00c9 CANADA EST \u00c0 LA RECHERCHE D\u2019ENTRA\u00ceNEURS DE KUMIT\u00c9 ADJOINTS POUR L\u2019\u00c9QUIPE NATIONALE JUNIOR\"}]},{\"@type\":\"WebSite\",\"@id\":\"https:\\\/\\\/karatecanada.org\\\/fr\\\/#website\",\"url\":\"https:\\\/\\\/karatecanada.org\\\/fr\\\/\",\"name\":\"Karate Canada\",\"description\":\"Just another WordPress site\",\"potentialAction\":[{\"@type\":\"SearchAction\",\"target\":{\"@type\":\"EntryPoint\",\"urlTemplate\":\"https:\\\/\\\/karatecanada.org\\\/fr\\\/?s={search_term_string}\"},\"query-input\":{\"@type\":\"PropertyValueSpecification\",\"valueRequired\":true,\"valueName\":\"search_term_string\"}}],\"inLanguage\":\"fr-FR\"},{\"@type\":\"Person\",\"@id\":\"https:\\\/\\\/karatecanada.org\\\/fr\\\/#\\\/schema\\\/person\\\/4bf5431dbf9d58396308966e19cd3509\",\"name\":\"Andrea Mortenson\",\"image\":{\"@type\":\"ImageObject\",\"inLanguage\":\"fr-FR\",\"@id\":\"https:\\\/\\\/secure.gravatar.com\\\/avatar\\\/c0fbb2ccf4c18c46c3889bd8919e99cf6ddb6bbda8924ffd8391edcb42b3ae47?s=96&d=mm&r=g\",\"url\":\"https:\\\/\\\/secure.gravatar.com\\\/avatar\\\/c0fbb2ccf4c18c46c3889bd8919e99cf6ddb6bbda8924ffd8391edcb42b3ae47?s=96&d=mm&r=g\",\"contentUrl\":\"https:\\\/\\\/secure.gravatar.com\\\/avatar\\\/c0fbb2ccf4c18c46c3889bd8919e99cf6ddb6bbda8924ffd8391edcb42b3ae47?s=96&d=mm&r=g\",\"caption\":\"Andrea Mortenson\"},\"url\":\"https:\\\/\\\/karatecanada.org\\\/fr\\\/author\\\/andi\\\/\"}]}<\/script>\n<!-- \/ Yoast SEO plugin. -->","yoast_head_json":{"title":"KARAT\u00c9 CANADA EST \u00c0 LA RECHERCHE D\u2019ENTRA\u00ceNEURS DE KUMIT\u00c9 ADJOINTS POUR L\u2019\u00c9QUIPE NATIONALE JUNIOR - Karate Canada","robots":{"index":"index","follow":"follow","max-snippet":"max-snippet:-1","max-image-preview":"max-image-preview:large","max-video-preview":"max-video-preview:-1"},"canonical":"https:\/\/karatecanada.org\/fr\/karate-canada-est-a-la-recherche-dentraineurs-de-kumite-adjoints-pour-lequipe-nationale-junior\/","og_locale":"fr_FR","og_type":"article","og_title":"KARAT\u00c9 CANADA EST \u00c0 LA RECHERCHE D\u2019ENTRA\u00ceNEURS DE KUMIT\u00c9 ADJOINTS POUR L\u2019\u00c9QUIPE NATIONALE JUNIOR - Karate Canada","og_description":"Karat\u00e9 Canada est actuellement \u00e0 la recherche de quelques entra\u00eeneurs\u00a0de kumit\u00e9 adjoints de l\u2019\u00e9quipe nationale junior, qui appuieront l&rsquo;entra\u00eeneur-chef et les athl\u00e8tes membres de l\u2019\u00e9quipe nationale junior lors d\u2019\u00e9v\u00e9nements cl\u00e9s de la prochaine saison de comp\u00e9tition. Cliquez ici\u00a0afin de lire la description du poste.\u00a0Veuillez svp noter que toutes les personnes int\u00e9ress\u00e9es doivent soumettre leur candidature [&hellip;]","og_url":"https:\/\/karatecanada.org\/fr\/karate-canada-est-a-la-recherche-dentraineurs-de-kumite-adjoints-pour-lequipe-nationale-junior\/","og_site_name":"Karate Canada","article_published_time":"2019-07-11T15:37:26+00:00","og_image":[{"width":768,"height":484,"url":"https:\/\/karatecanada.org\/wp-content\/uploads\/2019\/07\/News_2019-07-11.jpeg","type":"image\/jpeg"}],"author":"Andrea Mortenson","twitter_card":"summary_large_image","twitter_misc":{"\u00c9crit par":"Andrea Mortenson"},"schema":{"@context":"https:\/\/schema.org","@graph":[{"@type":"Article","@id":"https:\/\/karatecanada.org\/fr\/karate-canada-est-a-la-recherche-dentraineurs-de-kumite-adjoints-pour-lequipe-nationale-junior\/#article","isPartOf":{"@id":"https:\/\/karatecanada.org\/fr\/karate-canada-est-a-la-recherche-dentraineurs-de-kumite-adjoints-pour-lequipe-nationale-junior\/"},"author":{"name":"Andrea Mortenson","@id":"https:\/\/karatecanada.org\/fr\/#\/schema\/person\/4bf5431dbf9d58396308966e19cd3509"},"headline":"KARAT\u00c9 CANADA EST \u00c0 LA RECHERCHE D\u2019ENTRA\u00ceNEURS DE KUMIT\u00c9 ADJOINTS POUR L\u2019\u00c9QUIPE NATIONALE JUNIOR","datePublished":"2019-07-11T15:37:26+00:00","mainEntityOfPage":{"@id":"https:\/\/karatecanada.org\/fr\/karate-canada-est-a-la-recherche-dentraineurs-de-kumite-adjoints-pour-lequipe-nationale-junior\/"},"wordCount":93,"commentCount":0,"image":{"@id":"https:\/\/karatecanada.org\/fr\/karate-canada-est-a-la-recherche-dentraineurs-de-kumite-adjoints-pour-lequipe-nationale-junior\/#primaryimage"},"thumbnailUrl":"https:\/\/karatecanada.org\/wp-content\/uploads\/2019\/07\/News_2019-07-11.jpeg","articleSection":["Championnats Panam","\u00c9quipe nationale"],"inLanguage":"fr-FR","potentialAction":[{"@type":"CommentAction","name":"Comment","target":["https:\/\/karatecanada.org\/fr\/karate-canada-est-a-la-recherche-dentraineurs-de-kumite-adjoints-pour-lequipe-nationale-junior\/#respond"]}]},{"@type":"WebPage","@id":"https:\/\/karatecanada.org\/fr\/karate-canada-est-a-la-recherche-dentraineurs-de-kumite-adjoints-pour-lequipe-nationale-junior\/","url":"https:\/\/karatecanada.org\/fr\/karate-canada-est-a-la-recherche-dentraineurs-de-kumite-adjoints-pour-lequipe-nationale-junior\/","name":"KARAT\u00c9 CANADA EST \u00c0 LA RECHERCHE D\u2019ENTRA\u00ceNEURS DE KUMIT\u00c9 ADJOINTS POUR L\u2019\u00c9QUIPE NATIONALE JUNIOR - Karate Canada","isPartOf":{"@id":"https:\/\/karatecanada.org\/fr\/#website"},"primaryImageOfPage":{"@id":"https:\/\/karatecanada.org\/fr\/karate-canada-est-a-la-recherche-dentraineurs-de-kumite-adjoints-pour-lequipe-nationale-junior\/#primaryimage"},"image":{"@id":"https:\/\/karatecanada.org\/fr\/karate-canada-est-a-la-recherche-dentraineurs-de-kumite-adjoints-pour-lequipe-nationale-junior\/#primaryimage"},"thumbnailUrl":"https:\/\/karatecanada.org\/wp-content\/uploads\/2019\/07\/News_2019-07-11.jpeg","datePublished":"2019-07-11T15:37:26+00:00","author":{"@id":"https:\/\/karatecanada.org\/fr\/#\/schema\/person\/4bf5431dbf9d58396308966e19cd3509"},"breadcrumb":{"@id":"https:\/\/karatecanada.org\/fr\/karate-canada-est-a-la-recherche-dentraineurs-de-kumite-adjoints-pour-lequipe-nationale-junior\/#breadcrumb"},"inLanguage":"fr-FR","potentialAction":[{"@type":"ReadAction","target":["https:\/\/karatecanada.org\/fr\/karate-canada-est-a-la-recherche-dentraineurs-de-kumite-adjoints-pour-lequipe-nationale-junior\/"]}]},{"@type":"ImageObject","inLanguage":"fr-FR","@id":"https:\/\/karatecanada.org\/fr\/karate-canada-est-a-la-recherche-dentraineurs-de-kumite-adjoints-pour-lequipe-nationale-junior\/#primaryimage","url":"https:\/\/karatecanada.org\/wp-content\/uploads\/2019\/07\/News_2019-07-11.jpeg","contentUrl":"https:\/\/karatecanada.org\/wp-content\/uploads\/2019\/07\/News_2019-07-11.jpeg","width":768,"height":484},{"@type":"BreadcrumbList","@id":"https:\/\/karatecanada.org\/fr\/karate-canada-est-a-la-recherche-dentraineurs-de-kumite-adjoints-pour-lequipe-nationale-junior\/#breadcrumb","itemListElement":[{"@type":"ListItem","position":1,"name":"Home","item":"https:\/\/karatecanada.org\/fr\/"},{"@type":"ListItem","position":2,"name":"KARAT\u00c9 CANADA EST \u00c0 LA RECHERCHE D\u2019ENTRA\u00ceNEURS DE KUMIT\u00c9 ADJOINTS POUR L\u2019\u00c9QUIPE NATIONALE JUNIOR"}]},{"@type":"WebSite","@id":"https:\/\/karatecanada.org\/fr\/#website","url":"https:\/\/karatecanada.org\/fr\/","name":"Karate Canada","description":"Just another WordPress site","potentialAction":[{"@type":"SearchAction","target":{"@type":"EntryPoint","urlTemplate":"https:\/\/karatecanada.org\/fr\/?s={search_term_string}"},"query-input":{"@type":"PropertyValueSpecification","valueRequired":true,"valueName":"search_term_string"}}],"inLanguage":"fr-FR"},{"@type":"Person","@id":"https:\/\/karatecanada.org\/fr\/#\/schema\/person\/4bf5431dbf9d58396308966e19cd3509","name":"Andrea Mortenson","image":{"@type":"ImageObject","inLanguage":"fr-FR","@id":"https:\/\/secure.gravatar.com\/avatar\/c0fbb2ccf4c18c46c3889bd8919e99cf6ddb6bbda8924ffd8391edcb42b3ae47?s=96&d=mm&r=g","url":"https:\/\/secure.gravatar.com\/avatar\/c0fbb2ccf4c18c46c3889bd8919e99cf6ddb6bbda8924ffd8391edcb42b3ae47?s=96&d=mm&r=g","contentUrl":"https:\/\/secure.gravatar.com\/avatar\/c0fbb2ccf4c18c46c3889bd8919e99cf6ddb6bbda8924ffd8391edcb42b3ae47?s=96&d=mm&r=g","caption":"Andrea Mortenson"},"url":"https:\/\/karatecanada.org\/fr\/author\/andi\/"}]}},"featured_image_src":"https:\/\/karatecanada.org\/wp-content\/uploads\/2019\/07\/News_2019-07-11-768x484.jpeg","date_format":"juillet 11, 2019","_links":{"self":[{"href":"https:\/\/karatecanada.org\/fr\/wp-json\/wp\/v2\/posts\/11533","targetHints":{"allow":["GET"]}}],"collection":[{"href":"https:\/\/karatecanada.org\/fr\/wp-json\/wp\/v2\/posts"}],"about":[{"href":"https:\/\/karatecanada.org\/fr\/wp-json\/wp\/v2\/types\/post"}],"author":[{"embeddable":true,"href":"https:\/\/karatecanada.org\/fr\/wp-json\/wp\/v2\/users\/7"}],"replies":[{"embeddable":true,"href":"https:\/\/karatecanada.org\/fr\/wp-json\/wp\/v2\/comments?post=11533"}],"version-history":[{"count":0,"href":"https:\/\/karatecanada.org\/fr\/wp-json\/wp\/v2\/posts\/11533\/revisions"}],"wp:featuredmedia":[{"embeddable":true,"href":"https:\/\/karatecanada.org\/fr\/wp-json\/wp\/v2\/media\/11531"}],"wp:attachment":[{"href":"https:\/\/karatecanada.org\/fr\/wp-json\/wp\/v2\/media?parent=11533"}],"wp:term":[{"taxonomy":"category","embeddable":true,"href":"https:\/\/karatecanada.org\/fr\/wp-json\/wp\/v2\/categories?post=11533"},{"taxonomy":"post_tag","embeddable":true,"href":"https:\/\/karatecanada.org\/fr\/wp-json\/wp\/v2\/tags?post=11533"}],"curies":[{"name":"wp","href":"https:\/\/api.w.org\/{rel}","templated":true}]}}