{"id":11576,"date":"2019-08-11T12:14:29","date_gmt":"2019-08-11T16:14:29","guid":{"rendered":"https:\/\/karatecanada.org\/?p=11576"},"modified":"2019-08-12T10:33:14","modified_gmt":"2019-08-12T14:33:14","slug":"2-medailles-dargent-en-karate-a-lima","status":"publish","type":"post","link":"https:\/\/karatecanada.org\/fr\/2-medailles-dargent-en-karate-a-lima\/","title":{"rendered":"2 M\u00c9DAILLES D&rsquo;ARGENT EN KARAT\u00c9 \u00c0 LIMA"},"content":{"rendered":"<p class=\"gmail-p1\"><span class=\"gmail-s1\"><span lang=\"FR-CA\">Les Jeux panam\u00e9ricains 2019 avaient lieu \u00e0 Lima, au P\u00e9rou, et le karat\u00e9 \u00e9tait pr\u00e9vu pour les trois derniers jours de comp\u00e9tition. La d\u00e9l\u00e9gation canadienne comprenait 4 athl\u00e8tes et 2 d&rsquo;entre eux sont revenus avec des m\u00e9dailles d&rsquo;argent. Kathryn Campbell (Fredericton, N.-B.) a remport\u00e9 la m\u00e9daille d\u2019argent dans la cat\u00e9gorie de kumit\u00e9 -55 kg femmes et Daniel Gaysinsky (Vaughan, Ont.) dans la cat\u00e9gorie kumit\u00e9 +84 kg hommes.<\/span><\/span><\/p>\n<p class=\"gmail-p1\"><span class=\"gmail-s1\"><span lang=\"FR-CA\">Le kata \u00e9tait de retour au programme des Jeux apr\u00e8s une interruption de 16 ans et il s\u2019agissait du premier \u00e9v\u00e9nement \u00e0 l\u2019horaire. Rita Ha Thi Ngo (Vancouver, C.-B.) \u00e9tait la premi\u00e8re Canadienne \u00e0 fouler les tatamis en kata individuel f\u00e9minin. Au premier tour, elle a termin\u00e9 deuxi\u00e8me de son groupe avec une note de 24.40, ce qui lui a permis de passer au tour de classement. Ngo s&rsquo;est class\u00e9e troisi\u00e8me dans son groupe et s&rsquo;est donc qualifi\u00e9e pour lutter pour le bronze. Elle s&rsquo;est malheureusement inclin\u00e9e devant la V\u00e9n\u00e9zu\u00e9lienne Andrea Armada Ruiz, triple m\u00e9daill\u00e9e de bronze aux Championnats panam\u00e9ricains. Ngo termina donc dans le top 5 \u00e0 ses premiers Jeux panam\u00e9ricains.<\/span><\/span><\/p>\n<p class=\"gmail-p1\"><span class=\"gmail-s1\"><span lang=\"FR-CA\">Le lendemain \u00e9tait une journ\u00e9e charg\u00e9e pour le Canada, puisque les trois athl\u00e8tes restants concourraient en kumit\u00e9. Haya Jumaa (Mississauga, Ont.) a termin\u00e9 le <i>round-robin\u00a0<\/i>en kumit\u00e9 -61 kg chez les femmes avec une fiche de 1-1-1, et a fini troisi\u00e8me de son groupe, ce qui ne lui a h\u00e9las pas permis de passer \u00e0 la ronde suivante.<\/span><\/span><\/p>\n<p class=\"gmail-p1\"><span class=\"gmail-s1\"><span lang=\"FR-CA\">Kathryn Campbell, kumit\u00e9 -55 kg femmes, a termin\u00e9 deuxi\u00e8me de son groupe avec une fiche de 1-2. Elle est ensuite pass\u00e9e en demi-finale contre Paula Ivonne Flores (MEX), qu&rsquo;elle a battue 4-1 pour obtenir sa place en finale. Campbell faisait face au top 7 mondial, Valeria Kumizaki (BRA), pour une reprise du match de la m\u00e9daille d&rsquo;or des Jeux panam\u00e9ricains de 2015. Campbell a finalement remport\u00e9 la m\u00e9daille d\u2019argent pour ses deuxi\u00e8mes Jeux cons\u00e9cutifs!<\/span><\/span><\/p>\n<p class=\"gmail-p1\"><span class=\"gmail-s1\"><span lang=\"FR-CA\">Dans la cat\u00e9gorie kumit\u00e9 hommes +84 kg, Daniel Gaysinsky a termin\u00e9 premier de son groupe avec 2 victoires et 1 match nul (contre l&rsquo;Am\u00e9ricain Brian Irr). Il a facilement pass\u00e9 au travers des demi-finales avec une victoire de 8-0 sur Diego Lenis de Colombie, pour affronter Irr \u00e0 nouveau en finale. Gaysinsky a h\u00e9las perdu son dernier match, mais a remport\u00e9 la m\u00e9daille d&rsquo;argent dans sa cat\u00e9gorie!<\/span><\/span><\/p>\n<p class=\"gmail-p1\"><span class=\"gmail-s1\"><span lang=\"FR-CA\">\u00ab Karat\u00e9 Canada a couronn\u00e9 d&rsquo;excellents Jeux avec deux m\u00e9dailles d&rsquo;argent. Kate est une m\u00e9daill\u00e9e d\u2019argent de Toronto 2015 et maintenant de Lima. Daniel avait rat\u00e9 les Jeux de 2015 \u00e0 cause d\u2019une blessure, c\u2019est donc une excellente compensation \u00bb, a d\u00e9clar\u00e9 le pr\u00e9sident de Karat\u00e9 Canada, M. Craig Vokey, \u00e9galement pr\u00e9sent \u00e0 Lima.<\/span><\/span><\/p>\n<p class=\"gmail-p1\"><span class=\"gmail-s1\"><span lang=\"FR-CA\">Pour les r\u00e9sultats complets de la comp\u00e9tition, veuillez visiter le <\/span><\/span><a href=\"https:\/\/www.lima2019.pe\/en\/results\" target=\"_blank\" rel=\"noopener noreferrer\"><span lang=\"FR-CA\">site internet des Jeux panam\u00e9ricains<\/span><\/a><span class=\"gmail-s1\"><span lang=\"FR-CA\">.<\/span><\/span><\/p>\n<p>Photos: Vincent Ethier \/ COC<\/p>\n","protected":false},"excerpt":{"rendered":"<p>Les Jeux panam\u00e9ricains 2019 avaient lieu \u00e0 Lima, au P\u00e9rou, et le karat\u00e9 \u00e9tait pr\u00e9vu pour les trois derniers jours de comp\u00e9tition. La d\u00e9l\u00e9gation canadienne comprenait 4 athl\u00e8tes et 2 d&rsquo;entre eux sont revenus avec des m\u00e9dailles d&rsquo;argent. Kathryn Campbell (Fredericton, N.-B.) a remport\u00e9 la m\u00e9daille d\u2019argent dans la cat\u00e9gorie de kumit\u00e9 -55 kg femmes [&hellip;]<\/p>\n","protected":false},"author":7,"featured_media":11574,"comment_status":"open","ping_status":"open","sticky":false,"template":"","format":"standard","meta":{"_acf_changed":false,"footnotes":""},"categories":[212,216],"tags":[],"class_list":["post-11576","post","type-post","status-publish","format-standard","has-post-thumbnail","hentry","category-equipe-nationale","category-olympiques"],"acf":[],"yoast_head":"<!-- This site is optimized with the Yoast SEO plugin v27.3 - https:\/\/yoast.com\/product\/yoast-seo-wordpress\/ -->\n<title>2 M\u00c9DAILLES D&#039;ARGENT EN KARAT\u00c9 \u00c0 LIMA - Karate Canada<\/title>\n<meta name=\"robots\" content=\"index, follow, max-snippet:-1, max-image-preview:large, max-video-preview:-1\" \/>\n<link rel=\"canonical\" href=\"https:\/\/karatecanada.org\/fr\/2-medailles-dargent-en-karate-a-lima\/\" \/>\n<meta property=\"og:locale\" content=\"fr_FR\" \/>\n<meta property=\"og:type\" content=\"article\" \/>\n<meta property=\"og:title\" content=\"2 M\u00c9DAILLES D&#039;ARGENT EN KARAT\u00c9 \u00c0 LIMA - Karate Canada\" \/>\n<meta property=\"og:description\" content=\"Les Jeux panam\u00e9ricains 2019 avaient lieu \u00e0 Lima, au P\u00e9rou, et le karat\u00e9 \u00e9tait pr\u00e9vu pour les trois derniers jours de comp\u00e9tition. La d\u00e9l\u00e9gation canadienne comprenait 4 athl\u00e8tes et 2 d&rsquo;entre eux sont revenus avec des m\u00e9dailles d&rsquo;argent. Kathryn Campbell (Fredericton, N.-B.) a remport\u00e9 la m\u00e9daille d\u2019argent dans la cat\u00e9gorie de kumit\u00e9 -55 kg femmes [&hellip;]\" \/>\n<meta property=\"og:url\" content=\"https:\/\/karatecanada.org\/fr\/2-medailles-dargent-en-karate-a-lima\/\" \/>\n<meta property=\"og:site_name\" content=\"Karate Canada\" \/>\n<meta property=\"article:published_time\" content=\"2019-08-11T16:14:29+00:00\" \/>\n<meta property=\"article:modified_time\" content=\"2019-08-12T14:33:14+00:00\" \/>\n<meta property=\"og:image\" content=\"https:\/\/karatecanada.org\/wp-content\/uploads\/2019\/08\/2019-08-11_News.jpg\" \/>\n\t<meta property=\"og:image:width\" content=\"768\" \/>\n\t<meta property=\"og:image:height\" content=\"480\" \/>\n\t<meta property=\"og:image:type\" content=\"image\/jpeg\" \/>\n<meta name=\"author\" content=\"Andrea Mortenson\" \/>\n<meta name=\"twitter:card\" content=\"summary_large_image\" \/>\n<meta name=\"twitter:label1\" content=\"\u00c9crit par\" \/>\n\t<meta name=\"twitter:data1\" content=\"Andrea Mortenson\" \/>\n\t<meta name=\"twitter:label2\" content=\"Dur\u00e9e de lecture estim\u00e9e\" \/>\n\t<meta name=\"twitter:data2\" content=\"2 minutes\" \/>\n<script type=\"application\/ld+json\" class=\"yoast-schema-graph\">{\"@context\":\"https:\\\/\\\/schema.org\",\"@graph\":[{\"@type\":\"Article\",\"@id\":\"https:\\\/\\\/karatecanada.org\\\/fr\\\/2-medailles-dargent-en-karate-a-lima\\\/#article\",\"isPartOf\":{\"@id\":\"https:\\\/\\\/karatecanada.org\\\/fr\\\/2-medailles-dargent-en-karate-a-lima\\\/\"},\"author\":{\"name\":\"Andrea Mortenson\",\"@id\":\"https:\\\/\\\/karatecanada.org\\\/fr\\\/#\\\/schema\\\/person\\\/4bf5431dbf9d58396308966e19cd3509\"},\"headline\":\"2 M\u00c9DAILLES D&rsquo;ARGENT EN KARAT\u00c9 \u00c0 LIMA\",\"datePublished\":\"2019-08-11T16:14:29+00:00\",\"dateModified\":\"2019-08-12T14:33:14+00:00\",\"mainEntityOfPage\":{\"@id\":\"https:\\\/\\\/karatecanada.org\\\/fr\\\/2-medailles-dargent-en-karate-a-lima\\\/\"},\"wordCount\":508,\"commentCount\":0,\"image\":{\"@id\":\"https:\\\/\\\/karatecanada.org\\\/fr\\\/2-medailles-dargent-en-karate-a-lima\\\/#primaryimage\"},\"thumbnailUrl\":\"https:\\\/\\\/karatecanada.org\\\/wp-content\\\/uploads\\\/2019\\\/08\\\/2019-08-11_News.jpg\",\"articleSection\":[\"\u00c9quipe nationale\",\"Olympiques\"],\"inLanguage\":\"fr-FR\",\"potentialAction\":[{\"@type\":\"CommentAction\",\"name\":\"Comment\",\"target\":[\"https:\\\/\\\/karatecanada.org\\\/fr\\\/2-medailles-dargent-en-karate-a-lima\\\/#respond\"]}]},{\"@type\":\"WebPage\",\"@id\":\"https:\\\/\\\/karatecanada.org\\\/fr\\\/2-medailles-dargent-en-karate-a-lima\\\/\",\"url\":\"https:\\\/\\\/karatecanada.org\\\/fr\\\/2-medailles-dargent-en-karate-a-lima\\\/\",\"name\":\"2 M\u00c9DAILLES D'ARGENT EN KARAT\u00c9 \u00c0 LIMA - Karate Canada\",\"isPartOf\":{\"@id\":\"https:\\\/\\\/karatecanada.org\\\/fr\\\/#website\"},\"primaryImageOfPage\":{\"@id\":\"https:\\\/\\\/karatecanada.org\\\/fr\\\/2-medailles-dargent-en-karate-a-lima\\\/#primaryimage\"},\"image\":{\"@id\":\"https:\\\/\\\/karatecanada.org\\\/fr\\\/2-medailles-dargent-en-karate-a-lima\\\/#primaryimage\"},\"thumbnailUrl\":\"https:\\\/\\\/karatecanada.org\\\/wp-content\\\/uploads\\\/2019\\\/08\\\/2019-08-11_News.jpg\",\"datePublished\":\"2019-08-11T16:14:29+00:00\",\"dateModified\":\"2019-08-12T14:33:14+00:00\",\"author\":{\"@id\":\"https:\\\/\\\/karatecanada.org\\\/fr\\\/#\\\/schema\\\/person\\\/4bf5431dbf9d58396308966e19cd3509\"},\"breadcrumb\":{\"@id\":\"https:\\\/\\\/karatecanada.org\\\/fr\\\/2-medailles-dargent-en-karate-a-lima\\\/#breadcrumb\"},\"inLanguage\":\"fr-FR\",\"potentialAction\":[{\"@type\":\"ReadAction\",\"target\":[\"https:\\\/\\\/karatecanada.org\\\/fr\\\/2-medailles-dargent-en-karate-a-lima\\\/\"]}]},{\"@type\":\"ImageObject\",\"inLanguage\":\"fr-FR\",\"@id\":\"https:\\\/\\\/karatecanada.org\\\/fr\\\/2-medailles-dargent-en-karate-a-lima\\\/#primaryimage\",\"url\":\"https:\\\/\\\/karatecanada.org\\\/wp-content\\\/uploads\\\/2019\\\/08\\\/2019-08-11_News.jpg\",\"contentUrl\":\"https:\\\/\\\/karatecanada.org\\\/wp-content\\\/uploads\\\/2019\\\/08\\\/2019-08-11_News.jpg\",\"width\":768,\"height\":480},{\"@type\":\"BreadcrumbList\",\"@id\":\"https:\\\/\\\/karatecanada.org\\\/fr\\\/2-medailles-dargent-en-karate-a-lima\\\/#breadcrumb\",\"itemListElement\":[{\"@type\":\"ListItem\",\"position\":1,\"name\":\"Home\",\"item\":\"https:\\\/\\\/karatecanada.org\\\/fr\\\/\"},{\"@type\":\"ListItem\",\"position\":2,\"name\":\"2 M\u00c9DAILLES D&rsquo;ARGENT EN KARAT\u00c9 \u00c0 LIMA\"}]},{\"@type\":\"WebSite\",\"@id\":\"https:\\\/\\\/karatecanada.org\\\/fr\\\/#website\",\"url\":\"https:\\\/\\\/karatecanada.org\\\/fr\\\/\",\"name\":\"Karate Canada\",\"description\":\"Just another WordPress site\",\"potentialAction\":[{\"@type\":\"SearchAction\",\"target\":{\"@type\":\"EntryPoint\",\"urlTemplate\":\"https:\\\/\\\/karatecanada.org\\\/fr\\\/?s={search_term_string}\"},\"query-input\":{\"@type\":\"PropertyValueSpecification\",\"valueRequired\":true,\"valueName\":\"search_term_string\"}}],\"inLanguage\":\"fr-FR\"},{\"@type\":\"Person\",\"@id\":\"https:\\\/\\\/karatecanada.org\\\/fr\\\/#\\\/schema\\\/person\\\/4bf5431dbf9d58396308966e19cd3509\",\"name\":\"Andrea Mortenson\",\"image\":{\"@type\":\"ImageObject\",\"inLanguage\":\"fr-FR\",\"@id\":\"https:\\\/\\\/secure.gravatar.com\\\/avatar\\\/c0fbb2ccf4c18c46c3889bd8919e99cf6ddb6bbda8924ffd8391edcb42b3ae47?s=96&d=mm&r=g\",\"url\":\"https:\\\/\\\/secure.gravatar.com\\\/avatar\\\/c0fbb2ccf4c18c46c3889bd8919e99cf6ddb6bbda8924ffd8391edcb42b3ae47?s=96&d=mm&r=g\",\"contentUrl\":\"https:\\\/\\\/secure.gravatar.com\\\/avatar\\\/c0fbb2ccf4c18c46c3889bd8919e99cf6ddb6bbda8924ffd8391edcb42b3ae47?s=96&d=mm&r=g\",\"caption\":\"Andrea Mortenson\"},\"url\":\"https:\\\/\\\/karatecanada.org\\\/fr\\\/author\\\/andi\\\/\"}]}<\/script>\n<!-- \/ Yoast SEO plugin. -->","yoast_head_json":{"title":"2 M\u00c9DAILLES D'ARGENT EN KARAT\u00c9 \u00c0 LIMA - Karate Canada","robots":{"index":"index","follow":"follow","max-snippet":"max-snippet:-1","max-image-preview":"max-image-preview:large","max-video-preview":"max-video-preview:-1"},"canonical":"https:\/\/karatecanada.org\/fr\/2-medailles-dargent-en-karate-a-lima\/","og_locale":"fr_FR","og_type":"article","og_title":"2 M\u00c9DAILLES D'ARGENT EN KARAT\u00c9 \u00c0 LIMA - Karate Canada","og_description":"Les Jeux panam\u00e9ricains 2019 avaient lieu \u00e0 Lima, au P\u00e9rou, et le karat\u00e9 \u00e9tait pr\u00e9vu pour les trois derniers jours de comp\u00e9tition. La d\u00e9l\u00e9gation canadienne comprenait 4 athl\u00e8tes et 2 d&rsquo;entre eux sont revenus avec des m\u00e9dailles d&rsquo;argent. Kathryn Campbell (Fredericton, N.-B.) a remport\u00e9 la m\u00e9daille d\u2019argent dans la cat\u00e9gorie de kumit\u00e9 -55 kg femmes [&hellip;]","og_url":"https:\/\/karatecanada.org\/fr\/2-medailles-dargent-en-karate-a-lima\/","og_site_name":"Karate Canada","article_published_time":"2019-08-11T16:14:29+00:00","article_modified_time":"2019-08-12T14:33:14+00:00","og_image":[{"width":768,"height":480,"url":"https:\/\/karatecanada.org\/wp-content\/uploads\/2019\/08\/2019-08-11_News.jpg","type":"image\/jpeg"}],"author":"Andrea Mortenson","twitter_card":"summary_large_image","twitter_misc":{"\u00c9crit par":"Andrea Mortenson","Dur\u00e9e de lecture estim\u00e9e":"2 minutes"},"schema":{"@context":"https:\/\/schema.org","@graph":[{"@type":"Article","@id":"https:\/\/karatecanada.org\/fr\/2-medailles-dargent-en-karate-a-lima\/#article","isPartOf":{"@id":"https:\/\/karatecanada.org\/fr\/2-medailles-dargent-en-karate-a-lima\/"},"author":{"name":"Andrea Mortenson","@id":"https:\/\/karatecanada.org\/fr\/#\/schema\/person\/4bf5431dbf9d58396308966e19cd3509"},"headline":"2 M\u00c9DAILLES D&rsquo;ARGENT EN KARAT\u00c9 \u00c0 LIMA","datePublished":"2019-08-11T16:14:29+00:00","dateModified":"2019-08-12T14:33:14+00:00","mainEntityOfPage":{"@id":"https:\/\/karatecanada.org\/fr\/2-medailles-dargent-en-karate-a-lima\/"},"wordCount":508,"commentCount":0,"image":{"@id":"https:\/\/karatecanada.org\/fr\/2-medailles-dargent-en-karate-a-lima\/#primaryimage"},"thumbnailUrl":"https:\/\/karatecanada.org\/wp-content\/uploads\/2019\/08\/2019-08-11_News.jpg","articleSection":["\u00c9quipe nationale","Olympiques"],"inLanguage":"fr-FR","potentialAction":[{"@type":"CommentAction","name":"Comment","target":["https:\/\/karatecanada.org\/fr\/2-medailles-dargent-en-karate-a-lima\/#respond"]}]},{"@type":"WebPage","@id":"https:\/\/karatecanada.org\/fr\/2-medailles-dargent-en-karate-a-lima\/","url":"https:\/\/karatecanada.org\/fr\/2-medailles-dargent-en-karate-a-lima\/","name":"2 M\u00c9DAILLES D'ARGENT EN KARAT\u00c9 \u00c0 LIMA - Karate Canada","isPartOf":{"@id":"https:\/\/karatecanada.org\/fr\/#website"},"primaryImageOfPage":{"@id":"https:\/\/karatecanada.org\/fr\/2-medailles-dargent-en-karate-a-lima\/#primaryimage"},"image":{"@id":"https:\/\/karatecanada.org\/fr\/2-medailles-dargent-en-karate-a-lima\/#primaryimage"},"thumbnailUrl":"https:\/\/karatecanada.org\/wp-content\/uploads\/2019\/08\/2019-08-11_News.jpg","datePublished":"2019-08-11T16:14:29+00:00","dateModified":"2019-08-12T14:33:14+00:00","author":{"@id":"https:\/\/karatecanada.org\/fr\/#\/schema\/person\/4bf5431dbf9d58396308966e19cd3509"},"breadcrumb":{"@id":"https:\/\/karatecanada.org\/fr\/2-medailles-dargent-en-karate-a-lima\/#breadcrumb"},"inLanguage":"fr-FR","potentialAction":[{"@type":"ReadAction","target":["https:\/\/karatecanada.org\/fr\/2-medailles-dargent-en-karate-a-lima\/"]}]},{"@type":"ImageObject","inLanguage":"fr-FR","@id":"https:\/\/karatecanada.org\/fr\/2-medailles-dargent-en-karate-a-lima\/#primaryimage","url":"https:\/\/karatecanada.org\/wp-content\/uploads\/2019\/08\/2019-08-11_News.jpg","contentUrl":"https:\/\/karatecanada.org\/wp-content\/uploads\/2019\/08\/2019-08-11_News.jpg","width":768,"height":480},{"@type":"BreadcrumbList","@id":"https:\/\/karatecanada.org\/fr\/2-medailles-dargent-en-karate-a-lima\/#breadcrumb","itemListElement":[{"@type":"ListItem","position":1,"name":"Home","item":"https:\/\/karatecanada.org\/fr\/"},{"@type":"ListItem","position":2,"name":"2 M\u00c9DAILLES D&rsquo;ARGENT EN KARAT\u00c9 \u00c0 LIMA"}]},{"@type":"WebSite","@id":"https:\/\/karatecanada.org\/fr\/#website","url":"https:\/\/karatecanada.org\/fr\/","name":"Karate Canada","description":"Just another WordPress site","potentialAction":[{"@type":"SearchAction","target":{"@type":"EntryPoint","urlTemplate":"https:\/\/karatecanada.org\/fr\/?s={search_term_string}"},"query-input":{"@type":"PropertyValueSpecification","valueRequired":true,"valueName":"search_term_string"}}],"inLanguage":"fr-FR"},{"@type":"Person","@id":"https:\/\/karatecanada.org\/fr\/#\/schema\/person\/4bf5431dbf9d58396308966e19cd3509","name":"Andrea Mortenson","image":{"@type":"ImageObject","inLanguage":"fr-FR","@id":"https:\/\/secure.gravatar.com\/avatar\/c0fbb2ccf4c18c46c3889bd8919e99cf6ddb6bbda8924ffd8391edcb42b3ae47?s=96&d=mm&r=g","url":"https:\/\/secure.gravatar.com\/avatar\/c0fbb2ccf4c18c46c3889bd8919e99cf6ddb6bbda8924ffd8391edcb42b3ae47?s=96&d=mm&r=g","contentUrl":"https:\/\/secure.gravatar.com\/avatar\/c0fbb2ccf4c18c46c3889bd8919e99cf6ddb6bbda8924ffd8391edcb42b3ae47?s=96&d=mm&r=g","caption":"Andrea Mortenson"},"url":"https:\/\/karatecanada.org\/fr\/author\/andi\/"}]}},"featured_image_src":"https:\/\/karatecanada.org\/wp-content\/uploads\/2019\/08\/2019-08-11_News-768x480.jpg","date_format":"ao\u00fbt 11, 2019","_links":{"self":[{"href":"https:\/\/karatecanada.org\/fr\/wp-json\/wp\/v2\/posts\/11576","targetHints":{"allow":["GET"]}}],"collection":[{"href":"https:\/\/karatecanada.org\/fr\/wp-json\/wp\/v2\/posts"}],"about":[{"href":"https:\/\/karatecanada.org\/fr\/wp-json\/wp\/v2\/types\/post"}],"author":[{"embeddable":true,"href":"https:\/\/karatecanada.org\/fr\/wp-json\/wp\/v2\/users\/7"}],"replies":[{"embeddable":true,"href":"https:\/\/karatecanada.org\/fr\/wp-json\/wp\/v2\/comments?post=11576"}],"version-history":[{"count":0,"href":"https:\/\/karatecanada.org\/fr\/wp-json\/wp\/v2\/posts\/11576\/revisions"}],"wp:featuredmedia":[{"embeddable":true,"href":"https:\/\/karatecanada.org\/fr\/wp-json\/wp\/v2\/media\/11574"}],"wp:attachment":[{"href":"https:\/\/karatecanada.org\/fr\/wp-json\/wp\/v2\/media?parent=11576"}],"wp:term":[{"taxonomy":"category","embeddable":true,"href":"https:\/\/karatecanada.org\/fr\/wp-json\/wp\/v2\/categories?post=11576"},{"taxonomy":"post_tag","embeddable":true,"href":"https:\/\/karatecanada.org\/fr\/wp-json\/wp\/v2\/tags?post=11576"}],"curies":[{"name":"wp","href":"https:\/\/api.w.org\/{rel}","templated":true}]}}