{"id":12254,"date":"2020-06-03T11:17:05","date_gmt":"2020-06-03T15:17:05","guid":{"rendered":"https:\/\/karatecanada.org\/?p=12254"},"modified":"2020-06-03T12:43:31","modified_gmt":"2020-06-03T16:43:31","slug":"appel-de-candidature-conseil-des-athletes","status":"publish","type":"post","link":"https:\/\/karatecanada.org\/fr\/appel-de-candidature-conseil-des-athletes\/","title":{"rendered":"APPEL DE CANDIDATURES : CONSEIL DES ATHL\u00c8TES"},"content":{"rendered":"<div>\n<p><span lang=\"EN-US\">Karat\u00e9 Canada est \u00e0 la recherche d&rsquo;athl\u00e8tes pour faire partie de son premier Conseil des athl\u00e8tes.<\/span><\/p>\n<p><span lang=\"EN-US\">Le Conseil des athl\u00e8tes est un comit\u00e9 de Karat\u00e9 Canada compris d&rsquo;athl\u00e8tes qui ont repr\u00e9sent\u00e9 le Canada \u00e0 l&rsquo;\u00e9chelle internationale au nom de KC dans les deux principales disciplines (kata et kumit\u00e9) au cours des trois derni\u00e8res ann\u00e9es. Tous les athl\u00e8tes de l&rsquo;\u00e9quipe nationale senior, les athl\u00e8tes de l&rsquo;\u00e9quipe nationale Para, les athl\u00e8tes de l&rsquo;\u00e9quipe nationale U21 et les athl\u00e8tes de l&rsquo;\u00e9quipe nationale r\u00e9cemment retrait\u00e9s sont admissibles. Des postes par discipline sp\u00e9cifique avec des mandats \u00e9chelonn\u00e9s sont inclus pour cr\u00e9er un collectif diversifi\u00e9 et inclusif d&rsquo;athl\u00e8tes de l&rsquo;\u00e9quipe nationale. Voir le <strong><a href=\"https:\/\/karatecanada.org\/wp-content\/uploads\/2020\/06\/Athlete-Council-TOR-Karate-Canada-FR.pdf\" target=\"_blank\" rel=\"noopener noreferrer\">mandat<\/a><\/strong>\u00a0pour les crit\u00e8res d&rsquo;admissibilit\u00e9, les proc\u00e9dures de nomination, le vote et le mandat en d\u00e9tails.<\/span><\/p>\n<p><span lang=\"EN-US\">Le r\u00f4le principal du Conseil est de veiller \u00e0 ce que les athl\u00e8tes de haut niveau et de l&rsquo;\u00e9quipe nationale soient ad\u00e9quatement repr\u00e9sent\u00e9s au sein de KC, y compris leurs int\u00e9r\u00eats, leurs pr\u00e9occupations et leurs perspectives.<\/span><\/p>\n<p>Les nominations seront accept\u00e9es jusqu&rsquo;au mercredi 17 juin et le vote aura lieu dans la semaine du 29 juin. Les athl\u00e8tes concern\u00e9s (\u00e9ligibles \u00e0 nominer et voter) ont \u00e9t\u00e9 contact\u00e9s par courriel avec tous les d\u00e9tails.<\/p>\n<p>&nbsp;<\/p>\n<div>Photo : kphotos.net<\/div>\n<\/div>\n","protected":false},"excerpt":{"rendered":"<p>Karat\u00e9 Canada est \u00e0 la recherche d&rsquo;athl\u00e8tes pour faire partie de son premier Conseil des athl\u00e8tes. Le Conseil des athl\u00e8tes est un comit\u00e9 de Karat\u00e9 Canada compris d&rsquo;athl\u00e8tes qui ont repr\u00e9sent\u00e9 le Canada \u00e0 l&rsquo;\u00e9chelle internationale au nom de KC dans les deux principales disciplines (kata et kumit\u00e9) au cours des trois derni\u00e8res ann\u00e9es. Tous [&hellip;]<\/p>\n","protected":false},"author":7,"featured_media":12260,"comment_status":"open","ping_status":"open","sticky":false,"template":"","format":"standard","meta":{"_acf_changed":false,"footnotes":""},"categories":[212],"tags":[],"class_list":["post-12254","post","type-post","status-publish","format-standard","has-post-thumbnail","hentry","category-equipe-nationale"],"acf":[],"yoast_head":"<!-- This site is optimized with the Yoast SEO plugin v27.3 - https:\/\/yoast.com\/product\/yoast-seo-wordpress\/ -->\n<title>APPEL DE CANDIDATURES : CONSEIL DES ATHL\u00c8TES - Karate Canada<\/title>\n<meta name=\"robots\" content=\"index, follow, max-snippet:-1, max-image-preview:large, max-video-preview:-1\" \/>\n<link rel=\"canonical\" href=\"https:\/\/karatecanada.org\/fr\/appel-de-candidature-conseil-des-athletes\/\" \/>\n<meta property=\"og:locale\" content=\"fr_FR\" \/>\n<meta property=\"og:type\" content=\"article\" \/>\n<meta property=\"og:title\" content=\"APPEL DE CANDIDATURES : CONSEIL DES ATHL\u00c8TES - Karate Canada\" \/>\n<meta property=\"og:description\" content=\"Karat\u00e9 Canada est \u00e0 la recherche d&rsquo;athl\u00e8tes pour faire partie de son premier Conseil des athl\u00e8tes. Le Conseil des athl\u00e8tes est un comit\u00e9 de Karat\u00e9 Canada compris d&rsquo;athl\u00e8tes qui ont repr\u00e9sent\u00e9 le Canada \u00e0 l&rsquo;\u00e9chelle internationale au nom de KC dans les deux principales disciplines (kata et kumit\u00e9) au cours des trois derni\u00e8res ann\u00e9es. Tous [&hellip;]\" \/>\n<meta property=\"og:url\" content=\"https:\/\/karatecanada.org\/fr\/appel-de-candidature-conseil-des-athletes\/\" \/>\n<meta property=\"og:site_name\" content=\"Karate Canada\" \/>\n<meta property=\"article:published_time\" content=\"2020-06-03T15:17:05+00:00\" \/>\n<meta property=\"article:modified_time\" content=\"2020-06-03T16:43:31+00:00\" \/>\n<meta property=\"og:image\" content=\"https:\/\/karatecanada.org\/wp-content\/uploads\/2020\/06\/News_2020-06-03.jpg\" \/>\n\t<meta property=\"og:image:width\" content=\"768\" \/>\n\t<meta property=\"og:image:height\" content=\"485\" \/>\n\t<meta property=\"og:image:type\" content=\"image\/jpeg\" \/>\n<meta name=\"author\" content=\"Andrea Mortenson\" \/>\n<meta name=\"twitter:card\" content=\"summary_large_image\" \/>\n<meta name=\"twitter:label1\" content=\"\u00c9crit par\" \/>\n\t<meta name=\"twitter:data1\" content=\"Andrea Mortenson\" \/>\n\t<meta name=\"twitter:label2\" content=\"Dur\u00e9e de lecture estim\u00e9e\" \/>\n\t<meta name=\"twitter:data2\" content=\"1 minute\" \/>\n<script type=\"application\/ld+json\" class=\"yoast-schema-graph\">{\"@context\":\"https:\\\/\\\/schema.org\",\"@graph\":[{\"@type\":\"Article\",\"@id\":\"https:\\\/\\\/karatecanada.org\\\/fr\\\/appel-de-candidature-conseil-des-athletes\\\/#article\",\"isPartOf\":{\"@id\":\"https:\\\/\\\/karatecanada.org\\\/fr\\\/appel-de-candidature-conseil-des-athletes\\\/\"},\"author\":{\"name\":\"Andrea Mortenson\",\"@id\":\"https:\\\/\\\/karatecanada.org\\\/fr\\\/#\\\/schema\\\/person\\\/4bf5431dbf9d58396308966e19cd3509\"},\"headline\":\"APPEL DE CANDIDATURES : CONSEIL DES ATHL\u00c8TES\",\"datePublished\":\"2020-06-03T15:17:05+00:00\",\"dateModified\":\"2020-06-03T16:43:31+00:00\",\"mainEntityOfPage\":{\"@id\":\"https:\\\/\\\/karatecanada.org\\\/fr\\\/appel-de-candidature-conseil-des-athletes\\\/\"},\"wordCount\":245,\"commentCount\":0,\"image\":{\"@id\":\"https:\\\/\\\/karatecanada.org\\\/fr\\\/appel-de-candidature-conseil-des-athletes\\\/#primaryimage\"},\"thumbnailUrl\":\"https:\\\/\\\/karatecanada.org\\\/wp-content\\\/uploads\\\/2020\\\/06\\\/News_2020-06-03.jpg\",\"articleSection\":[\"\u00c9quipe nationale\"],\"inLanguage\":\"fr-FR\",\"potentialAction\":[{\"@type\":\"CommentAction\",\"name\":\"Comment\",\"target\":[\"https:\\\/\\\/karatecanada.org\\\/fr\\\/appel-de-candidature-conseil-des-athletes\\\/#respond\"]}]},{\"@type\":\"WebPage\",\"@id\":\"https:\\\/\\\/karatecanada.org\\\/fr\\\/appel-de-candidature-conseil-des-athletes\\\/\",\"url\":\"https:\\\/\\\/karatecanada.org\\\/fr\\\/appel-de-candidature-conseil-des-athletes\\\/\",\"name\":\"APPEL DE CANDIDATURES : CONSEIL DES ATHL\u00c8TES - Karate Canada\",\"isPartOf\":{\"@id\":\"https:\\\/\\\/karatecanada.org\\\/fr\\\/#website\"},\"primaryImageOfPage\":{\"@id\":\"https:\\\/\\\/karatecanada.org\\\/fr\\\/appel-de-candidature-conseil-des-athletes\\\/#primaryimage\"},\"image\":{\"@id\":\"https:\\\/\\\/karatecanada.org\\\/fr\\\/appel-de-candidature-conseil-des-athletes\\\/#primaryimage\"},\"thumbnailUrl\":\"https:\\\/\\\/karatecanada.org\\\/wp-content\\\/uploads\\\/2020\\\/06\\\/News_2020-06-03.jpg\",\"datePublished\":\"2020-06-03T15:17:05+00:00\",\"dateModified\":\"2020-06-03T16:43:31+00:00\",\"author\":{\"@id\":\"https:\\\/\\\/karatecanada.org\\\/fr\\\/#\\\/schema\\\/person\\\/4bf5431dbf9d58396308966e19cd3509\"},\"breadcrumb\":{\"@id\":\"https:\\\/\\\/karatecanada.org\\\/fr\\\/appel-de-candidature-conseil-des-athletes\\\/#breadcrumb\"},\"inLanguage\":\"fr-FR\",\"potentialAction\":[{\"@type\":\"ReadAction\",\"target\":[\"https:\\\/\\\/karatecanada.org\\\/fr\\\/appel-de-candidature-conseil-des-athletes\\\/\"]}]},{\"@type\":\"ImageObject\",\"inLanguage\":\"fr-FR\",\"@id\":\"https:\\\/\\\/karatecanada.org\\\/fr\\\/appel-de-candidature-conseil-des-athletes\\\/#primaryimage\",\"url\":\"https:\\\/\\\/karatecanada.org\\\/wp-content\\\/uploads\\\/2020\\\/06\\\/News_2020-06-03.jpg\",\"contentUrl\":\"https:\\\/\\\/karatecanada.org\\\/wp-content\\\/uploads\\\/2020\\\/06\\\/News_2020-06-03.jpg\",\"width\":768,\"height\":485},{\"@type\":\"BreadcrumbList\",\"@id\":\"https:\\\/\\\/karatecanada.org\\\/fr\\\/appel-de-candidature-conseil-des-athletes\\\/#breadcrumb\",\"itemListElement\":[{\"@type\":\"ListItem\",\"position\":1,\"name\":\"Home\",\"item\":\"https:\\\/\\\/karatecanada.org\\\/fr\\\/\"},{\"@type\":\"ListItem\",\"position\":2,\"name\":\"APPEL DE CANDIDATURES : CONSEIL DES ATHL\u00c8TES\"}]},{\"@type\":\"WebSite\",\"@id\":\"https:\\\/\\\/karatecanada.org\\\/fr\\\/#website\",\"url\":\"https:\\\/\\\/karatecanada.org\\\/fr\\\/\",\"name\":\"Karate Canada\",\"description\":\"Just another WordPress site\",\"potentialAction\":[{\"@type\":\"SearchAction\",\"target\":{\"@type\":\"EntryPoint\",\"urlTemplate\":\"https:\\\/\\\/karatecanada.org\\\/fr\\\/?s={search_term_string}\"},\"query-input\":{\"@type\":\"PropertyValueSpecification\",\"valueRequired\":true,\"valueName\":\"search_term_string\"}}],\"inLanguage\":\"fr-FR\"},{\"@type\":\"Person\",\"@id\":\"https:\\\/\\\/karatecanada.org\\\/fr\\\/#\\\/schema\\\/person\\\/4bf5431dbf9d58396308966e19cd3509\",\"name\":\"Andrea Mortenson\",\"image\":{\"@type\":\"ImageObject\",\"inLanguage\":\"fr-FR\",\"@id\":\"https:\\\/\\\/secure.gravatar.com\\\/avatar\\\/c0fbb2ccf4c18c46c3889bd8919e99cf6ddb6bbda8924ffd8391edcb42b3ae47?s=96&d=mm&r=g\",\"url\":\"https:\\\/\\\/secure.gravatar.com\\\/avatar\\\/c0fbb2ccf4c18c46c3889bd8919e99cf6ddb6bbda8924ffd8391edcb42b3ae47?s=96&d=mm&r=g\",\"contentUrl\":\"https:\\\/\\\/secure.gravatar.com\\\/avatar\\\/c0fbb2ccf4c18c46c3889bd8919e99cf6ddb6bbda8924ffd8391edcb42b3ae47?s=96&d=mm&r=g\",\"caption\":\"Andrea Mortenson\"},\"url\":\"https:\\\/\\\/karatecanada.org\\\/fr\\\/author\\\/andi\\\/\"}]}<\/script>\n<!-- \/ Yoast SEO plugin. -->","yoast_head_json":{"title":"APPEL DE CANDIDATURES : CONSEIL DES ATHL\u00c8TES - Karate Canada","robots":{"index":"index","follow":"follow","max-snippet":"max-snippet:-1","max-image-preview":"max-image-preview:large","max-video-preview":"max-video-preview:-1"},"canonical":"https:\/\/karatecanada.org\/fr\/appel-de-candidature-conseil-des-athletes\/","og_locale":"fr_FR","og_type":"article","og_title":"APPEL DE CANDIDATURES : CONSEIL DES ATHL\u00c8TES - Karate Canada","og_description":"Karat\u00e9 Canada est \u00e0 la recherche d&rsquo;athl\u00e8tes pour faire partie de son premier Conseil des athl\u00e8tes. Le Conseil des athl\u00e8tes est un comit\u00e9 de Karat\u00e9 Canada compris d&rsquo;athl\u00e8tes qui ont repr\u00e9sent\u00e9 le Canada \u00e0 l&rsquo;\u00e9chelle internationale au nom de KC dans les deux principales disciplines (kata et kumit\u00e9) au cours des trois derni\u00e8res ann\u00e9es. Tous [&hellip;]","og_url":"https:\/\/karatecanada.org\/fr\/appel-de-candidature-conseil-des-athletes\/","og_site_name":"Karate Canada","article_published_time":"2020-06-03T15:17:05+00:00","article_modified_time":"2020-06-03T16:43:31+00:00","og_image":[{"width":768,"height":485,"url":"https:\/\/karatecanada.org\/wp-content\/uploads\/2020\/06\/News_2020-06-03.jpg","type":"image\/jpeg"}],"author":"Andrea Mortenson","twitter_card":"summary_large_image","twitter_misc":{"\u00c9crit par":"Andrea Mortenson","Dur\u00e9e de lecture estim\u00e9e":"1 minute"},"schema":{"@context":"https:\/\/schema.org","@graph":[{"@type":"Article","@id":"https:\/\/karatecanada.org\/fr\/appel-de-candidature-conseil-des-athletes\/#article","isPartOf":{"@id":"https:\/\/karatecanada.org\/fr\/appel-de-candidature-conseil-des-athletes\/"},"author":{"name":"Andrea Mortenson","@id":"https:\/\/karatecanada.org\/fr\/#\/schema\/person\/4bf5431dbf9d58396308966e19cd3509"},"headline":"APPEL DE CANDIDATURES : CONSEIL DES ATHL\u00c8TES","datePublished":"2020-06-03T15:17:05+00:00","dateModified":"2020-06-03T16:43:31+00:00","mainEntityOfPage":{"@id":"https:\/\/karatecanada.org\/fr\/appel-de-candidature-conseil-des-athletes\/"},"wordCount":245,"commentCount":0,"image":{"@id":"https:\/\/karatecanada.org\/fr\/appel-de-candidature-conseil-des-athletes\/#primaryimage"},"thumbnailUrl":"https:\/\/karatecanada.org\/wp-content\/uploads\/2020\/06\/News_2020-06-03.jpg","articleSection":["\u00c9quipe nationale"],"inLanguage":"fr-FR","potentialAction":[{"@type":"CommentAction","name":"Comment","target":["https:\/\/karatecanada.org\/fr\/appel-de-candidature-conseil-des-athletes\/#respond"]}]},{"@type":"WebPage","@id":"https:\/\/karatecanada.org\/fr\/appel-de-candidature-conseil-des-athletes\/","url":"https:\/\/karatecanada.org\/fr\/appel-de-candidature-conseil-des-athletes\/","name":"APPEL DE CANDIDATURES : CONSEIL DES ATHL\u00c8TES - Karate Canada","isPartOf":{"@id":"https:\/\/karatecanada.org\/fr\/#website"},"primaryImageOfPage":{"@id":"https:\/\/karatecanada.org\/fr\/appel-de-candidature-conseil-des-athletes\/#primaryimage"},"image":{"@id":"https:\/\/karatecanada.org\/fr\/appel-de-candidature-conseil-des-athletes\/#primaryimage"},"thumbnailUrl":"https:\/\/karatecanada.org\/wp-content\/uploads\/2020\/06\/News_2020-06-03.jpg","datePublished":"2020-06-03T15:17:05+00:00","dateModified":"2020-06-03T16:43:31+00:00","author":{"@id":"https:\/\/karatecanada.org\/fr\/#\/schema\/person\/4bf5431dbf9d58396308966e19cd3509"},"breadcrumb":{"@id":"https:\/\/karatecanada.org\/fr\/appel-de-candidature-conseil-des-athletes\/#breadcrumb"},"inLanguage":"fr-FR","potentialAction":[{"@type":"ReadAction","target":["https:\/\/karatecanada.org\/fr\/appel-de-candidature-conseil-des-athletes\/"]}]},{"@type":"ImageObject","inLanguage":"fr-FR","@id":"https:\/\/karatecanada.org\/fr\/appel-de-candidature-conseil-des-athletes\/#primaryimage","url":"https:\/\/karatecanada.org\/wp-content\/uploads\/2020\/06\/News_2020-06-03.jpg","contentUrl":"https:\/\/karatecanada.org\/wp-content\/uploads\/2020\/06\/News_2020-06-03.jpg","width":768,"height":485},{"@type":"BreadcrumbList","@id":"https:\/\/karatecanada.org\/fr\/appel-de-candidature-conseil-des-athletes\/#breadcrumb","itemListElement":[{"@type":"ListItem","position":1,"name":"Home","item":"https:\/\/karatecanada.org\/fr\/"},{"@type":"ListItem","position":2,"name":"APPEL DE CANDIDATURES : CONSEIL DES ATHL\u00c8TES"}]},{"@type":"WebSite","@id":"https:\/\/karatecanada.org\/fr\/#website","url":"https:\/\/karatecanada.org\/fr\/","name":"Karate Canada","description":"Just another WordPress site","potentialAction":[{"@type":"SearchAction","target":{"@type":"EntryPoint","urlTemplate":"https:\/\/karatecanada.org\/fr\/?s={search_term_string}"},"query-input":{"@type":"PropertyValueSpecification","valueRequired":true,"valueName":"search_term_string"}}],"inLanguage":"fr-FR"},{"@type":"Person","@id":"https:\/\/karatecanada.org\/fr\/#\/schema\/person\/4bf5431dbf9d58396308966e19cd3509","name":"Andrea Mortenson","image":{"@type":"ImageObject","inLanguage":"fr-FR","@id":"https:\/\/secure.gravatar.com\/avatar\/c0fbb2ccf4c18c46c3889bd8919e99cf6ddb6bbda8924ffd8391edcb42b3ae47?s=96&d=mm&r=g","url":"https:\/\/secure.gravatar.com\/avatar\/c0fbb2ccf4c18c46c3889bd8919e99cf6ddb6bbda8924ffd8391edcb42b3ae47?s=96&d=mm&r=g","contentUrl":"https:\/\/secure.gravatar.com\/avatar\/c0fbb2ccf4c18c46c3889bd8919e99cf6ddb6bbda8924ffd8391edcb42b3ae47?s=96&d=mm&r=g","caption":"Andrea Mortenson"},"url":"https:\/\/karatecanada.org\/fr\/author\/andi\/"}]}},"featured_image_src":"https:\/\/karatecanada.org\/wp-content\/uploads\/2020\/06\/News_2020-06-03.jpg","date_format":"juin 03, 2020","_links":{"self":[{"href":"https:\/\/karatecanada.org\/fr\/wp-json\/wp\/v2\/posts\/12254","targetHints":{"allow":["GET"]}}],"collection":[{"href":"https:\/\/karatecanada.org\/fr\/wp-json\/wp\/v2\/posts"}],"about":[{"href":"https:\/\/karatecanada.org\/fr\/wp-json\/wp\/v2\/types\/post"}],"author":[{"embeddable":true,"href":"https:\/\/karatecanada.org\/fr\/wp-json\/wp\/v2\/users\/7"}],"replies":[{"embeddable":true,"href":"https:\/\/karatecanada.org\/fr\/wp-json\/wp\/v2\/comments?post=12254"}],"version-history":[{"count":0,"href":"https:\/\/karatecanada.org\/fr\/wp-json\/wp\/v2\/posts\/12254\/revisions"}],"wp:featuredmedia":[{"embeddable":true,"href":"https:\/\/karatecanada.org\/fr\/wp-json\/wp\/v2\/media\/12260"}],"wp:attachment":[{"href":"https:\/\/karatecanada.org\/fr\/wp-json\/wp\/v2\/media?parent=12254"}],"wp:term":[{"taxonomy":"category","embeddable":true,"href":"https:\/\/karatecanada.org\/fr\/wp-json\/wp\/v2\/categories?post=12254"},{"taxonomy":"post_tag","embeddable":true,"href":"https:\/\/karatecanada.org\/fr\/wp-json\/wp\/v2\/tags?post=12254"}],"curies":[{"name":"wp","href":"https:\/\/api.w.org\/{rel}","templated":true}]}}