{"id":12353,"date":"2020-08-13T16:38:28","date_gmt":"2020-08-13T20:38:28","guid":{"rendered":"https:\/\/karatecanada.org\/?p=12353"},"modified":"2020-08-13T16:38:28","modified_gmt":"2020-08-13T20:38:28","slug":"nomination-representante-des-athletes","status":"publish","type":"post","link":"https:\/\/karatecanada.org\/fr\/nomination-representante-des-athletes\/","title":{"rendered":"NOMINATION REPR\u00c9SENTANT(E) DES ATHL\u00c8TES"},"content":{"rendered":"<div>\n<div class=\"\">\n<div>\n<div class=\"\">\n<p>Le terme du Repr\u00e9sentant des athl\u00e8tes actuel se terminera sous peu et Karat\u00e9 Canada accepte d\u00e9sormais les nominations pour combler ce poste pour un terme de 3 ans. Le\/la\u00a0repr\u00e9sentant(e) des athl\u00e8tes est une personne qui parle au nom des athl\u00e8tes et aide ceux-ci \u00e0 faire partie du cercle d\u00e9cisionnel. Il\/elle\u00a0si\u00e8ge au sein du Conseil d\u2019administration de Karat\u00e9 Canada et\u00a0agit \u00e9galement\u00a0comme Pr\u00e9sident(e) du Conseil des athl\u00e8tes (<a href=\"https:\/\/karatecanada.org\/wp-content\/uploads\/2020\/06\/Athlete-Council-TOR-Karate-Canada-FR.pdf\">cliquez ici<\/a>\u00a0pour voir les responsabilit\u00e9s du Pr\u00e9sident).<\/p>\n<p>Les candidats doivent \u00eatre membres de l\u2019\u00e9quipe nationale senior ou membres retrait\u00e9s de l\u2019\u00e9quipe nationale senior depuis au plus deux (2) ans. Les nominations doivent venir des athl\u00e8tes\u00a0du bassin\u00a0de l\u2019\u00e9quipe nationale. Ils ont d\u00e9j\u00e0 re\u00e7u toutes les informations par courriel. Vous pouvez consulter les proc\u00e9dures de mise en candidature et d\u2019\u00e9lection du(de la) repr\u00e9sentant(e) des athl\u00e8tes \u00e0 l\u2019article 5.04-5 des\u00a0<a href=\"https:\/\/karatecanada.org\/wp-content\/uploads\/2018\/07\/Karate_Canada_Bylaws_28Sep2018_Final_FR.pdf\">R\u00e8glements g\u00e9n\u00e9raux<\/a>\u00a0en vigueur de Karat\u00e9 Canada.<\/p>\n<p>Les nominations valides seront communiqu\u00e9es \u00e0 tous les athl\u00e8tes membres\u00a0du bassin\u00a0de\u00a0l\u2019\u00e9quipe nationale senior par courriel \u00e0 la suite de la date limite du 9 septembre.<\/p>\n<p>Le\/la candidate ayant obtenu la majorit\u00e9 des voix sera d\u00e9clar\u00e9(e) vainqueur\/victorieuse. Le tout sera officiellement annonc\u00e9 lors de l\u2019Assembl\u00e9e g\u00e9n\u00e9rale annuelle de Karat\u00e9 Canada (virtuelle) le 25 septembre.<\/p>\n<\/div>\n<\/div>\n<\/div>\n<\/div>\n<div><\/div>\n<div class=\"\">\n<div class=\"\"><\/div>\n<\/div>\n","protected":false},"excerpt":{"rendered":"<p>Le terme du Repr\u00e9sentant des athl\u00e8tes actuel se terminera sous peu et Karat\u00e9 Canada accepte d\u00e9sormais les nominations pour combler ce poste pour un terme de 3 ans. Le\/la\u00a0repr\u00e9sentant(e) des athl\u00e8tes est une personne qui parle au nom des athl\u00e8tes et aide ceux-ci \u00e0 faire partie du cercle d\u00e9cisionnel. Il\/elle\u00a0si\u00e8ge au sein du Conseil d\u2019administration [&hellip;]<\/p>\n","protected":false},"author":7,"featured_media":12351,"comment_status":"open","ping_status":"open","sticky":false,"template":"","format":"standard","meta":{"_acf_changed":false,"footnotes":""},"categories":[218,212],"tags":[],"class_list":["post-12353","post","type-post","status-publish","format-standard","has-post-thumbnail","hentry","category-benevole","category-equipe-nationale"],"acf":[],"yoast_head":"<!-- This site is optimized with the Yoast SEO plugin v27.3 - https:\/\/yoast.com\/product\/yoast-seo-wordpress\/ -->\n<title>NOMINATION REPR\u00c9SENTANT(E) DES ATHL\u00c8TES - Karate Canada<\/title>\n<meta name=\"robots\" content=\"index, follow, max-snippet:-1, max-image-preview:large, max-video-preview:-1\" \/>\n<link rel=\"canonical\" href=\"https:\/\/karatecanada.org\/fr\/nomination-representante-des-athletes\/\" \/>\n<meta property=\"og:locale\" content=\"fr_FR\" \/>\n<meta property=\"og:type\" content=\"article\" \/>\n<meta property=\"og:title\" content=\"NOMINATION REPR\u00c9SENTANT(E) DES ATHL\u00c8TES - Karate Canada\" \/>\n<meta property=\"og:description\" content=\"Le terme du Repr\u00e9sentant des athl\u00e8tes actuel se terminera sous peu et Karat\u00e9 Canada accepte d\u00e9sormais les nominations pour combler ce poste pour un terme de 3 ans. Le\/la\u00a0repr\u00e9sentant(e) des athl\u00e8tes est une personne qui parle au nom des athl\u00e8tes et aide ceux-ci \u00e0 faire partie du cercle d\u00e9cisionnel. Il\/elle\u00a0si\u00e8ge au sein du Conseil d\u2019administration [&hellip;]\" \/>\n<meta property=\"og:url\" content=\"https:\/\/karatecanada.org\/fr\/nomination-representante-des-athletes\/\" \/>\n<meta property=\"og:site_name\" content=\"Karate Canada\" \/>\n<meta property=\"article:published_time\" content=\"2020-08-13T20:38:28+00:00\" \/>\n<meta property=\"og:image\" content=\"https:\/\/karatecanada.org\/wp-content\/uploads\/2020\/08\/2020-08-13_News.jpg\" \/>\n\t<meta property=\"og:image:width\" content=\"719\" \/>\n\t<meta property=\"og:image:height\" content=\"484\" \/>\n\t<meta property=\"og:image:type\" content=\"image\/jpeg\" \/>\n<meta name=\"author\" content=\"Andrea Mortenson\" \/>\n<meta name=\"twitter:card\" content=\"summary_large_image\" \/>\n<meta name=\"twitter:label1\" content=\"\u00c9crit par\" \/>\n\t<meta name=\"twitter:data1\" content=\"Andrea Mortenson\" \/>\n\t<meta name=\"twitter:label2\" content=\"Dur\u00e9e de lecture estim\u00e9e\" \/>\n\t<meta name=\"twitter:data2\" content=\"1 minute\" \/>\n<script type=\"application\/ld+json\" class=\"yoast-schema-graph\">{\"@context\":\"https:\\\/\\\/schema.org\",\"@graph\":[{\"@type\":\"Article\",\"@id\":\"https:\\\/\\\/karatecanada.org\\\/fr\\\/nomination-representante-des-athletes\\\/#article\",\"isPartOf\":{\"@id\":\"https:\\\/\\\/karatecanada.org\\\/fr\\\/nomination-representante-des-athletes\\\/\"},\"author\":{\"name\":\"Andrea Mortenson\",\"@id\":\"https:\\\/\\\/karatecanada.org\\\/fr\\\/#\\\/schema\\\/person\\\/4bf5431dbf9d58396308966e19cd3509\"},\"headline\":\"NOMINATION REPR\u00c9SENTANT(E) DES ATHL\u00c8TES\",\"datePublished\":\"2020-08-13T20:38:28+00:00\",\"mainEntityOfPage\":{\"@id\":\"https:\\\/\\\/karatecanada.org\\\/fr\\\/nomination-representante-des-athletes\\\/\"},\"wordCount\":246,\"commentCount\":0,\"image\":{\"@id\":\"https:\\\/\\\/karatecanada.org\\\/fr\\\/nomination-representante-des-athletes\\\/#primaryimage\"},\"thumbnailUrl\":\"https:\\\/\\\/karatecanada.org\\\/wp-content\\\/uploads\\\/2020\\\/08\\\/2020-08-13_News.jpg\",\"articleSection\":[\"B\u00e9n\u00e9vole\",\"\u00c9quipe nationale\"],\"inLanguage\":\"fr-FR\",\"potentialAction\":[{\"@type\":\"CommentAction\",\"name\":\"Comment\",\"target\":[\"https:\\\/\\\/karatecanada.org\\\/fr\\\/nomination-representante-des-athletes\\\/#respond\"]}]},{\"@type\":\"WebPage\",\"@id\":\"https:\\\/\\\/karatecanada.org\\\/fr\\\/nomination-representante-des-athletes\\\/\",\"url\":\"https:\\\/\\\/karatecanada.org\\\/fr\\\/nomination-representante-des-athletes\\\/\",\"name\":\"NOMINATION REPR\u00c9SENTANT(E) DES ATHL\u00c8TES - Karate Canada\",\"isPartOf\":{\"@id\":\"https:\\\/\\\/karatecanada.org\\\/fr\\\/#website\"},\"primaryImageOfPage\":{\"@id\":\"https:\\\/\\\/karatecanada.org\\\/fr\\\/nomination-representante-des-athletes\\\/#primaryimage\"},\"image\":{\"@id\":\"https:\\\/\\\/karatecanada.org\\\/fr\\\/nomination-representante-des-athletes\\\/#primaryimage\"},\"thumbnailUrl\":\"https:\\\/\\\/karatecanada.org\\\/wp-content\\\/uploads\\\/2020\\\/08\\\/2020-08-13_News.jpg\",\"datePublished\":\"2020-08-13T20:38:28+00:00\",\"author\":{\"@id\":\"https:\\\/\\\/karatecanada.org\\\/fr\\\/#\\\/schema\\\/person\\\/4bf5431dbf9d58396308966e19cd3509\"},\"breadcrumb\":{\"@id\":\"https:\\\/\\\/karatecanada.org\\\/fr\\\/nomination-representante-des-athletes\\\/#breadcrumb\"},\"inLanguage\":\"fr-FR\",\"potentialAction\":[{\"@type\":\"ReadAction\",\"target\":[\"https:\\\/\\\/karatecanada.org\\\/fr\\\/nomination-representante-des-athletes\\\/\"]}]},{\"@type\":\"ImageObject\",\"inLanguage\":\"fr-FR\",\"@id\":\"https:\\\/\\\/karatecanada.org\\\/fr\\\/nomination-representante-des-athletes\\\/#primaryimage\",\"url\":\"https:\\\/\\\/karatecanada.org\\\/wp-content\\\/uploads\\\/2020\\\/08\\\/2020-08-13_News.jpg\",\"contentUrl\":\"https:\\\/\\\/karatecanada.org\\\/wp-content\\\/uploads\\\/2020\\\/08\\\/2020-08-13_News.jpg\",\"width\":719,\"height\":484},{\"@type\":\"BreadcrumbList\",\"@id\":\"https:\\\/\\\/karatecanada.org\\\/fr\\\/nomination-representante-des-athletes\\\/#breadcrumb\",\"itemListElement\":[{\"@type\":\"ListItem\",\"position\":1,\"name\":\"Home\",\"item\":\"https:\\\/\\\/karatecanada.org\\\/fr\\\/\"},{\"@type\":\"ListItem\",\"position\":2,\"name\":\"NOMINATION REPR\u00c9SENTANT(E) DES ATHL\u00c8TES\"}]},{\"@type\":\"WebSite\",\"@id\":\"https:\\\/\\\/karatecanada.org\\\/fr\\\/#website\",\"url\":\"https:\\\/\\\/karatecanada.org\\\/fr\\\/\",\"name\":\"Karate Canada\",\"description\":\"Just another WordPress site\",\"potentialAction\":[{\"@type\":\"SearchAction\",\"target\":{\"@type\":\"EntryPoint\",\"urlTemplate\":\"https:\\\/\\\/karatecanada.org\\\/fr\\\/?s={search_term_string}\"},\"query-input\":{\"@type\":\"PropertyValueSpecification\",\"valueRequired\":true,\"valueName\":\"search_term_string\"}}],\"inLanguage\":\"fr-FR\"},{\"@type\":\"Person\",\"@id\":\"https:\\\/\\\/karatecanada.org\\\/fr\\\/#\\\/schema\\\/person\\\/4bf5431dbf9d58396308966e19cd3509\",\"name\":\"Andrea Mortenson\",\"image\":{\"@type\":\"ImageObject\",\"inLanguage\":\"fr-FR\",\"@id\":\"https:\\\/\\\/secure.gravatar.com\\\/avatar\\\/c0fbb2ccf4c18c46c3889bd8919e99cf6ddb6bbda8924ffd8391edcb42b3ae47?s=96&d=mm&r=g\",\"url\":\"https:\\\/\\\/secure.gravatar.com\\\/avatar\\\/c0fbb2ccf4c18c46c3889bd8919e99cf6ddb6bbda8924ffd8391edcb42b3ae47?s=96&d=mm&r=g\",\"contentUrl\":\"https:\\\/\\\/secure.gravatar.com\\\/avatar\\\/c0fbb2ccf4c18c46c3889bd8919e99cf6ddb6bbda8924ffd8391edcb42b3ae47?s=96&d=mm&r=g\",\"caption\":\"Andrea Mortenson\"},\"url\":\"https:\\\/\\\/karatecanada.org\\\/fr\\\/author\\\/andi\\\/\"}]}<\/script>\n<!-- \/ Yoast SEO plugin. -->","yoast_head_json":{"title":"NOMINATION REPR\u00c9SENTANT(E) DES ATHL\u00c8TES - Karate Canada","robots":{"index":"index","follow":"follow","max-snippet":"max-snippet:-1","max-image-preview":"max-image-preview:large","max-video-preview":"max-video-preview:-1"},"canonical":"https:\/\/karatecanada.org\/fr\/nomination-representante-des-athletes\/","og_locale":"fr_FR","og_type":"article","og_title":"NOMINATION REPR\u00c9SENTANT(E) DES ATHL\u00c8TES - Karate Canada","og_description":"Le terme du Repr\u00e9sentant des athl\u00e8tes actuel se terminera sous peu et Karat\u00e9 Canada accepte d\u00e9sormais les nominations pour combler ce poste pour un terme de 3 ans. Le\/la\u00a0repr\u00e9sentant(e) des athl\u00e8tes est une personne qui parle au nom des athl\u00e8tes et aide ceux-ci \u00e0 faire partie du cercle d\u00e9cisionnel. Il\/elle\u00a0si\u00e8ge au sein du Conseil d\u2019administration [&hellip;]","og_url":"https:\/\/karatecanada.org\/fr\/nomination-representante-des-athletes\/","og_site_name":"Karate Canada","article_published_time":"2020-08-13T20:38:28+00:00","og_image":[{"width":719,"height":484,"url":"https:\/\/karatecanada.org\/wp-content\/uploads\/2020\/08\/2020-08-13_News.jpg","type":"image\/jpeg"}],"author":"Andrea Mortenson","twitter_card":"summary_large_image","twitter_misc":{"\u00c9crit par":"Andrea Mortenson","Dur\u00e9e de lecture estim\u00e9e":"1 minute"},"schema":{"@context":"https:\/\/schema.org","@graph":[{"@type":"Article","@id":"https:\/\/karatecanada.org\/fr\/nomination-representante-des-athletes\/#article","isPartOf":{"@id":"https:\/\/karatecanada.org\/fr\/nomination-representante-des-athletes\/"},"author":{"name":"Andrea Mortenson","@id":"https:\/\/karatecanada.org\/fr\/#\/schema\/person\/4bf5431dbf9d58396308966e19cd3509"},"headline":"NOMINATION REPR\u00c9SENTANT(E) DES ATHL\u00c8TES","datePublished":"2020-08-13T20:38:28+00:00","mainEntityOfPage":{"@id":"https:\/\/karatecanada.org\/fr\/nomination-representante-des-athletes\/"},"wordCount":246,"commentCount":0,"image":{"@id":"https:\/\/karatecanada.org\/fr\/nomination-representante-des-athletes\/#primaryimage"},"thumbnailUrl":"https:\/\/karatecanada.org\/wp-content\/uploads\/2020\/08\/2020-08-13_News.jpg","articleSection":["B\u00e9n\u00e9vole","\u00c9quipe nationale"],"inLanguage":"fr-FR","potentialAction":[{"@type":"CommentAction","name":"Comment","target":["https:\/\/karatecanada.org\/fr\/nomination-representante-des-athletes\/#respond"]}]},{"@type":"WebPage","@id":"https:\/\/karatecanada.org\/fr\/nomination-representante-des-athletes\/","url":"https:\/\/karatecanada.org\/fr\/nomination-representante-des-athletes\/","name":"NOMINATION REPR\u00c9SENTANT(E) DES ATHL\u00c8TES - Karate Canada","isPartOf":{"@id":"https:\/\/karatecanada.org\/fr\/#website"},"primaryImageOfPage":{"@id":"https:\/\/karatecanada.org\/fr\/nomination-representante-des-athletes\/#primaryimage"},"image":{"@id":"https:\/\/karatecanada.org\/fr\/nomination-representante-des-athletes\/#primaryimage"},"thumbnailUrl":"https:\/\/karatecanada.org\/wp-content\/uploads\/2020\/08\/2020-08-13_News.jpg","datePublished":"2020-08-13T20:38:28+00:00","author":{"@id":"https:\/\/karatecanada.org\/fr\/#\/schema\/person\/4bf5431dbf9d58396308966e19cd3509"},"breadcrumb":{"@id":"https:\/\/karatecanada.org\/fr\/nomination-representante-des-athletes\/#breadcrumb"},"inLanguage":"fr-FR","potentialAction":[{"@type":"ReadAction","target":["https:\/\/karatecanada.org\/fr\/nomination-representante-des-athletes\/"]}]},{"@type":"ImageObject","inLanguage":"fr-FR","@id":"https:\/\/karatecanada.org\/fr\/nomination-representante-des-athletes\/#primaryimage","url":"https:\/\/karatecanada.org\/wp-content\/uploads\/2020\/08\/2020-08-13_News.jpg","contentUrl":"https:\/\/karatecanada.org\/wp-content\/uploads\/2020\/08\/2020-08-13_News.jpg","width":719,"height":484},{"@type":"BreadcrumbList","@id":"https:\/\/karatecanada.org\/fr\/nomination-representante-des-athletes\/#breadcrumb","itemListElement":[{"@type":"ListItem","position":1,"name":"Home","item":"https:\/\/karatecanada.org\/fr\/"},{"@type":"ListItem","position":2,"name":"NOMINATION REPR\u00c9SENTANT(E) DES ATHL\u00c8TES"}]},{"@type":"WebSite","@id":"https:\/\/karatecanada.org\/fr\/#website","url":"https:\/\/karatecanada.org\/fr\/","name":"Karate Canada","description":"Just another WordPress site","potentialAction":[{"@type":"SearchAction","target":{"@type":"EntryPoint","urlTemplate":"https:\/\/karatecanada.org\/fr\/?s={search_term_string}"},"query-input":{"@type":"PropertyValueSpecification","valueRequired":true,"valueName":"search_term_string"}}],"inLanguage":"fr-FR"},{"@type":"Person","@id":"https:\/\/karatecanada.org\/fr\/#\/schema\/person\/4bf5431dbf9d58396308966e19cd3509","name":"Andrea Mortenson","image":{"@type":"ImageObject","inLanguage":"fr-FR","@id":"https:\/\/secure.gravatar.com\/avatar\/c0fbb2ccf4c18c46c3889bd8919e99cf6ddb6bbda8924ffd8391edcb42b3ae47?s=96&d=mm&r=g","url":"https:\/\/secure.gravatar.com\/avatar\/c0fbb2ccf4c18c46c3889bd8919e99cf6ddb6bbda8924ffd8391edcb42b3ae47?s=96&d=mm&r=g","contentUrl":"https:\/\/secure.gravatar.com\/avatar\/c0fbb2ccf4c18c46c3889bd8919e99cf6ddb6bbda8924ffd8391edcb42b3ae47?s=96&d=mm&r=g","caption":"Andrea Mortenson"},"url":"https:\/\/karatecanada.org\/fr\/author\/andi\/"}]}},"featured_image_src":"https:\/\/karatecanada.org\/wp-content\/uploads\/2020\/08\/2020-08-13_News.jpg","date_format":"ao\u00fbt 13, 2020","_links":{"self":[{"href":"https:\/\/karatecanada.org\/fr\/wp-json\/wp\/v2\/posts\/12353","targetHints":{"allow":["GET"]}}],"collection":[{"href":"https:\/\/karatecanada.org\/fr\/wp-json\/wp\/v2\/posts"}],"about":[{"href":"https:\/\/karatecanada.org\/fr\/wp-json\/wp\/v2\/types\/post"}],"author":[{"embeddable":true,"href":"https:\/\/karatecanada.org\/fr\/wp-json\/wp\/v2\/users\/7"}],"replies":[{"embeddable":true,"href":"https:\/\/karatecanada.org\/fr\/wp-json\/wp\/v2\/comments?post=12353"}],"version-history":[{"count":0,"href":"https:\/\/karatecanada.org\/fr\/wp-json\/wp\/v2\/posts\/12353\/revisions"}],"wp:featuredmedia":[{"embeddable":true,"href":"https:\/\/karatecanada.org\/fr\/wp-json\/wp\/v2\/media\/12351"}],"wp:attachment":[{"href":"https:\/\/karatecanada.org\/fr\/wp-json\/wp\/v2\/media?parent=12353"}],"wp:term":[{"taxonomy":"category","embeddable":true,"href":"https:\/\/karatecanada.org\/fr\/wp-json\/wp\/v2\/categories?post=12353"},{"taxonomy":"post_tag","embeddable":true,"href":"https:\/\/karatecanada.org\/fr\/wp-json\/wp\/v2\/tags?post=12353"}],"curies":[{"name":"wp","href":"https:\/\/api.w.org\/{rel}","templated":true}]}}