{"id":12360,"date":"2020-08-24T15:09:14","date_gmt":"2020-08-24T19:09:14","guid":{"rendered":"https:\/\/karatecanada.org\/?p=12360"},"modified":"2020-08-24T15:09:14","modified_gmt":"2020-08-24T19:09:14","slug":"convocation-a-lassemblee-annuelle-2020","status":"publish","type":"post","link":"https:\/\/karatecanada.org\/fr\/convocation-a-lassemblee-annuelle-2020\/","title":{"rendered":"CONVOCATION \u00c0 L\u2019ASSEMBL\u00c9E ANNUELLE 2020"},"content":{"rendered":"<p>Vous pouvez <a href=\"https:\/\/karatecanada.org\/wp-content\/uploads\/2020\/08\/Notice_2020_KC_AGM_12Aug2020_FR.pdf\" target=\"_blank\" rel=\"noopener noreferrer\">cliquer ici afin de lire l\u2019avis de convocation \u00e0 l\u2019Assembl\u00e9e g\u00e9n\u00e9rale annuelle 2020 de Karat\u00e9 Canada<\/a>, qui aura lieu le 25 septembre 2020, de 18h00 \u00e0 20h00 (Heure de l\u2019Est), via visioconf\u00e9rence. Vous pouvez aussi <a href=\"https:\/\/karatecanada.org\/wp-content\/uploads\/2020\/08\/KC-AGM-Agenda-2020_FR.pdf\" target=\"_blank\" rel=\"noopener noreferrer\">cliquer ici afin de lire l\u2019ordre du jour de cette r\u00e9union<\/a>.<\/p>\n","protected":false},"excerpt":{"rendered":"<p>Vous pouvez cliquer ici afin de lire l\u2019avis de convocation \u00e0 l\u2019Assembl\u00e9e g\u00e9n\u00e9rale annuelle 2020 de Karat\u00e9 Canada, qui aura lieu le 25 septembre 2020, de 18h00 \u00e0 20h00 (Heure de l\u2019Est), via visioconf\u00e9rence. Vous pouvez aussi cliquer ici afin de lire l\u2019ordre du jour de cette r\u00e9union.<\/p>\n","protected":false},"author":22,"featured_media":5834,"comment_status":"open","ping_status":"open","sticky":false,"template":"","format":"standard","meta":{"_acf_changed":false,"footnotes":""},"categories":[],"tags":[],"class_list":["post-12360","post","type-post","status-publish","format-standard","has-post-thumbnail","hentry"],"acf":[],"yoast_head":"<!-- This site is optimized with the Yoast SEO plugin v28.3 - https:\/\/yoast.com\/product\/yoast-seo-wordpress\/ -->\n<title>CONVOCATION \u00c0 L\u2019ASSEMBL\u00c9E ANNUELLE 2020 - Karate Canada<\/title>\n<meta name=\"robots\" content=\"index, follow, max-snippet:-1, max-image-preview:large, max-video-preview:-1\" \/>\n<link rel=\"canonical\" href=\"https:\/\/karatecanada.org\/fr\/convocation-a-lassemblee-annuelle-2020\/\" \/>\n<meta property=\"og:locale\" content=\"fr_FR\" \/>\n<meta property=\"og:type\" content=\"article\" \/>\n<meta property=\"og:title\" content=\"CONVOCATION \u00c0 L\u2019ASSEMBL\u00c9E ANNUELLE 2020 - Karate Canada\" \/>\n<meta property=\"og:description\" content=\"Vous pouvez cliquer ici afin de lire l\u2019avis de convocation \u00e0 l\u2019Assembl\u00e9e g\u00e9n\u00e9rale annuelle 2020 de Karat\u00e9 Canada, qui aura lieu le 25 septembre 2020, de 18h00 \u00e0 20h00 (Heure de l\u2019Est), via visioconf\u00e9rence. Vous pouvez aussi cliquer ici afin de lire l\u2019ordre du jour de cette r\u00e9union.\" \/>\n<meta property=\"og:url\" content=\"https:\/\/karatecanada.org\/fr\/convocation-a-lassemblee-annuelle-2020\/\" \/>\n<meta property=\"og:site_name\" content=\"Karate Canada\" \/>\n<meta property=\"article:published_time\" content=\"2020-08-24T19:09:14+00:00\" \/>\n<meta property=\"og:image\" content=\"https:\/\/karatecanada.org\/wp-content\/uploads\/2018\/05\/gni-4a.jpg\" \/>\n\t<meta property=\"og:image:width\" content=\"768\" \/>\n\t<meta property=\"og:image:height\" content=\"492\" \/>\n\t<meta property=\"og:image:type\" content=\"image\/jpeg\" \/>\n<meta name=\"author\" content=\"Chris Bright\" \/>\n<meta name=\"twitter:card\" content=\"summary_large_image\" \/>\n<meta name=\"twitter:label1\" content=\"\u00c9crit par\" \/>\n\t<meta name=\"twitter:data1\" content=\"Chris Bright\" \/>\n<script type=\"application\/ld+json\" class=\"yoast-schema-graph\">{\"@context\":\"https:\\\/\\\/schema.org\",\"@graph\":[{\"@type\":\"Article\",\"@id\":\"https:\\\/\\\/karatecanada.org\\\/fr\\\/convocation-a-lassemblee-annuelle-2020\\\/#article\",\"isPartOf\":{\"@id\":\"https:\\\/\\\/karatecanada.org\\\/fr\\\/convocation-a-lassemblee-annuelle-2020\\\/\"},\"author\":{\"name\":\"Chris Bright\",\"@id\":\"https:\\\/\\\/karatecanada.org\\\/fr\\\/#\\\/schema\\\/person\\\/eb636e7711258964a6b1475611fe6d97\"},\"headline\":\"CONVOCATION \u00c0 L\u2019ASSEMBL\u00c9E ANNUELLE 2020\",\"datePublished\":\"2020-08-24T19:09:14+00:00\",\"mainEntityOfPage\":{\"@id\":\"https:\\\/\\\/karatecanada.org\\\/fr\\\/convocation-a-lassemblee-annuelle-2020\\\/\"},\"wordCount\":57,\"commentCount\":0,\"image\":{\"@id\":\"https:\\\/\\\/karatecanada.org\\\/fr\\\/convocation-a-lassemblee-annuelle-2020\\\/#primaryimage\"},\"thumbnailUrl\":\"https:\\\/\\\/karatecanada.org\\\/wp-content\\\/uploads\\\/2018\\\/05\\\/gni-4a.jpg\",\"inLanguage\":\"fr-FR\",\"potentialAction\":[{\"@type\":\"CommentAction\",\"name\":\"Comment\",\"target\":[\"https:\\\/\\\/karatecanada.org\\\/fr\\\/convocation-a-lassemblee-annuelle-2020\\\/#respond\"]}]},{\"@type\":\"WebPage\",\"@id\":\"https:\\\/\\\/karatecanada.org\\\/fr\\\/convocation-a-lassemblee-annuelle-2020\\\/\",\"url\":\"https:\\\/\\\/karatecanada.org\\\/fr\\\/convocation-a-lassemblee-annuelle-2020\\\/\",\"name\":\"CONVOCATION \u00c0 L\u2019ASSEMBL\u00c9E ANNUELLE 2020 - Karate Canada\",\"isPartOf\":{\"@id\":\"https:\\\/\\\/karatecanada.org\\\/fr\\\/#website\"},\"primaryImageOfPage\":{\"@id\":\"https:\\\/\\\/karatecanada.org\\\/fr\\\/convocation-a-lassemblee-annuelle-2020\\\/#primaryimage\"},\"image\":{\"@id\":\"https:\\\/\\\/karatecanada.org\\\/fr\\\/convocation-a-lassemblee-annuelle-2020\\\/#primaryimage\"},\"thumbnailUrl\":\"https:\\\/\\\/karatecanada.org\\\/wp-content\\\/uploads\\\/2018\\\/05\\\/gni-4a.jpg\",\"datePublished\":\"2020-08-24T19:09:14+00:00\",\"author\":{\"@id\":\"https:\\\/\\\/karatecanada.org\\\/fr\\\/#\\\/schema\\\/person\\\/eb636e7711258964a6b1475611fe6d97\"},\"breadcrumb\":{\"@id\":\"https:\\\/\\\/karatecanada.org\\\/fr\\\/convocation-a-lassemblee-annuelle-2020\\\/#breadcrumb\"},\"inLanguage\":\"fr-FR\",\"potentialAction\":[{\"@type\":\"ReadAction\",\"target\":[\"https:\\\/\\\/karatecanada.org\\\/fr\\\/convocation-a-lassemblee-annuelle-2020\\\/\"]}]},{\"@type\":\"ImageObject\",\"inLanguage\":\"fr-FR\",\"@id\":\"https:\\\/\\\/karatecanada.org\\\/fr\\\/convocation-a-lassemblee-annuelle-2020\\\/#primaryimage\",\"url\":\"https:\\\/\\\/karatecanada.org\\\/wp-content\\\/uploads\\\/2018\\\/05\\\/gni-4a.jpg\",\"contentUrl\":\"https:\\\/\\\/karatecanada.org\\\/wp-content\\\/uploads\\\/2018\\\/05\\\/gni-4a.jpg\",\"width\":768,\"height\":492},{\"@type\":\"BreadcrumbList\",\"@id\":\"https:\\\/\\\/karatecanada.org\\\/fr\\\/convocation-a-lassemblee-annuelle-2020\\\/#breadcrumb\",\"itemListElement\":[{\"@type\":\"ListItem\",\"position\":1,\"name\":\"Home\",\"item\":\"https:\\\/\\\/karatecanada.org\\\/fr\\\/\"},{\"@type\":\"ListItem\",\"position\":2,\"name\":\"CONVOCATION \u00c0 L\u2019ASSEMBL\u00c9E ANNUELLE 2020\"}]},{\"@type\":\"WebSite\",\"@id\":\"https:\\\/\\\/karatecanada.org\\\/fr\\\/#website\",\"url\":\"https:\\\/\\\/karatecanada.org\\\/fr\\\/\",\"name\":\"Karate Canada\",\"description\":\"Just another WordPress site\",\"potentialAction\":[{\"@type\":\"SearchAction\",\"target\":{\"@type\":\"EntryPoint\",\"urlTemplate\":\"https:\\\/\\\/karatecanada.org\\\/fr\\\/?s={search_term_string}\"},\"query-input\":{\"@type\":\"PropertyValueSpecification\",\"valueRequired\":true,\"valueName\":\"search_term_string\"}}],\"inLanguage\":\"fr-FR\"},{\"@type\":\"Person\",\"@id\":\"https:\\\/\\\/karatecanada.org\\\/fr\\\/#\\\/schema\\\/person\\\/eb636e7711258964a6b1475611fe6d97\",\"name\":\"Chris Bright\",\"image\":{\"@type\":\"ImageObject\",\"inLanguage\":\"fr-FR\",\"@id\":\"https:\\\/\\\/secure.gravatar.com\\\/avatar\\\/e898e586115870aacdd4e71a6879dd8c8ac28ee3225c89f3a618d6530816dedb?s=96&d=mm&r=g\",\"url\":\"https:\\\/\\\/secure.gravatar.com\\\/avatar\\\/e898e586115870aacdd4e71a6879dd8c8ac28ee3225c89f3a618d6530816dedb?s=96&d=mm&r=g\",\"contentUrl\":\"https:\\\/\\\/secure.gravatar.com\\\/avatar\\\/e898e586115870aacdd4e71a6879dd8c8ac28ee3225c89f3a618d6530816dedb?s=96&d=mm&r=g\",\"caption\":\"Chris Bright\"},\"url\":\"https:\\\/\\\/karatecanada.org\\\/fr\\\/author\\\/chrisbright\\\/\"}]}<\/script>\n<!-- \/ Yoast SEO plugin. -->","yoast_head_json":{"title":"CONVOCATION \u00c0 L\u2019ASSEMBL\u00c9E ANNUELLE 2020 - Karate Canada","robots":{"index":"index","follow":"follow","max-snippet":"max-snippet:-1","max-image-preview":"max-image-preview:large","max-video-preview":"max-video-preview:-1"},"canonical":"https:\/\/karatecanada.org\/fr\/convocation-a-lassemblee-annuelle-2020\/","og_locale":"fr_FR","og_type":"article","og_title":"CONVOCATION \u00c0 L\u2019ASSEMBL\u00c9E ANNUELLE 2020 - Karate Canada","og_description":"Vous pouvez cliquer ici afin de lire l\u2019avis de convocation \u00e0 l\u2019Assembl\u00e9e g\u00e9n\u00e9rale annuelle 2020 de Karat\u00e9 Canada, qui aura lieu le 25 septembre 2020, de 18h00 \u00e0 20h00 (Heure de l\u2019Est), via visioconf\u00e9rence. Vous pouvez aussi cliquer ici afin de lire l\u2019ordre du jour de cette r\u00e9union.","og_url":"https:\/\/karatecanada.org\/fr\/convocation-a-lassemblee-annuelle-2020\/","og_site_name":"Karate Canada","article_published_time":"2020-08-24T19:09:14+00:00","og_image":[{"width":768,"height":492,"url":"https:\/\/karatecanada.org\/wp-content\/uploads\/2018\/05\/gni-4a.jpg","type":"image\/jpeg"}],"author":"Chris Bright","twitter_card":"summary_large_image","twitter_misc":{"\u00c9crit par":"Chris Bright"},"schema":{"@context":"https:\/\/schema.org","@graph":[{"@type":"Article","@id":"https:\/\/karatecanada.org\/fr\/convocation-a-lassemblee-annuelle-2020\/#article","isPartOf":{"@id":"https:\/\/karatecanada.org\/fr\/convocation-a-lassemblee-annuelle-2020\/"},"author":{"name":"Chris Bright","@id":"https:\/\/karatecanada.org\/fr\/#\/schema\/person\/eb636e7711258964a6b1475611fe6d97"},"headline":"CONVOCATION \u00c0 L\u2019ASSEMBL\u00c9E ANNUELLE 2020","datePublished":"2020-08-24T19:09:14+00:00","mainEntityOfPage":{"@id":"https:\/\/karatecanada.org\/fr\/convocation-a-lassemblee-annuelle-2020\/"},"wordCount":57,"commentCount":0,"image":{"@id":"https:\/\/karatecanada.org\/fr\/convocation-a-lassemblee-annuelle-2020\/#primaryimage"},"thumbnailUrl":"https:\/\/karatecanada.org\/wp-content\/uploads\/2018\/05\/gni-4a.jpg","inLanguage":"fr-FR","potentialAction":[{"@type":"CommentAction","name":"Comment","target":["https:\/\/karatecanada.org\/fr\/convocation-a-lassemblee-annuelle-2020\/#respond"]}]},{"@type":"WebPage","@id":"https:\/\/karatecanada.org\/fr\/convocation-a-lassemblee-annuelle-2020\/","url":"https:\/\/karatecanada.org\/fr\/convocation-a-lassemblee-annuelle-2020\/","name":"CONVOCATION \u00c0 L\u2019ASSEMBL\u00c9E ANNUELLE 2020 - Karate Canada","isPartOf":{"@id":"https:\/\/karatecanada.org\/fr\/#website"},"primaryImageOfPage":{"@id":"https:\/\/karatecanada.org\/fr\/convocation-a-lassemblee-annuelle-2020\/#primaryimage"},"image":{"@id":"https:\/\/karatecanada.org\/fr\/convocation-a-lassemblee-annuelle-2020\/#primaryimage"},"thumbnailUrl":"https:\/\/karatecanada.org\/wp-content\/uploads\/2018\/05\/gni-4a.jpg","datePublished":"2020-08-24T19:09:14+00:00","author":{"@id":"https:\/\/karatecanada.org\/fr\/#\/schema\/person\/eb636e7711258964a6b1475611fe6d97"},"breadcrumb":{"@id":"https:\/\/karatecanada.org\/fr\/convocation-a-lassemblee-annuelle-2020\/#breadcrumb"},"inLanguage":"fr-FR","potentialAction":[{"@type":"ReadAction","target":["https:\/\/karatecanada.org\/fr\/convocation-a-lassemblee-annuelle-2020\/"]}]},{"@type":"ImageObject","inLanguage":"fr-FR","@id":"https:\/\/karatecanada.org\/fr\/convocation-a-lassemblee-annuelle-2020\/#primaryimage","url":"https:\/\/karatecanada.org\/wp-content\/uploads\/2018\/05\/gni-4a.jpg","contentUrl":"https:\/\/karatecanada.org\/wp-content\/uploads\/2018\/05\/gni-4a.jpg","width":768,"height":492},{"@type":"BreadcrumbList","@id":"https:\/\/karatecanada.org\/fr\/convocation-a-lassemblee-annuelle-2020\/#breadcrumb","itemListElement":[{"@type":"ListItem","position":1,"name":"Home","item":"https:\/\/karatecanada.org\/fr\/"},{"@type":"ListItem","position":2,"name":"CONVOCATION \u00c0 L\u2019ASSEMBL\u00c9E ANNUELLE 2020"}]},{"@type":"WebSite","@id":"https:\/\/karatecanada.org\/fr\/#website","url":"https:\/\/karatecanada.org\/fr\/","name":"Karate Canada","description":"Just another WordPress site","potentialAction":[{"@type":"SearchAction","target":{"@type":"EntryPoint","urlTemplate":"https:\/\/karatecanada.org\/fr\/?s={search_term_string}"},"query-input":{"@type":"PropertyValueSpecification","valueRequired":true,"valueName":"search_term_string"}}],"inLanguage":"fr-FR"},{"@type":"Person","@id":"https:\/\/karatecanada.org\/fr\/#\/schema\/person\/eb636e7711258964a6b1475611fe6d97","name":"Chris Bright","image":{"@type":"ImageObject","inLanguage":"fr-FR","@id":"https:\/\/secure.gravatar.com\/avatar\/e898e586115870aacdd4e71a6879dd8c8ac28ee3225c89f3a618d6530816dedb?s=96&d=mm&r=g","url":"https:\/\/secure.gravatar.com\/avatar\/e898e586115870aacdd4e71a6879dd8c8ac28ee3225c89f3a618d6530816dedb?s=96&d=mm&r=g","contentUrl":"https:\/\/secure.gravatar.com\/avatar\/e898e586115870aacdd4e71a6879dd8c8ac28ee3225c89f3a618d6530816dedb?s=96&d=mm&r=g","caption":"Chris Bright"},"url":"https:\/\/karatecanada.org\/fr\/author\/chrisbright\/"}]}},"featured_image_src":"https:\/\/karatecanada.org\/wp-content\/uploads\/2018\/05\/gni-4a-768x492.jpg","date_format":"ao\u00fbt 24, 2020","_links":{"self":[{"href":"https:\/\/karatecanada.org\/fr\/wp-json\/wp\/v2\/posts\/12360","targetHints":{"allow":["GET"]}}],"collection":[{"href":"https:\/\/karatecanada.org\/fr\/wp-json\/wp\/v2\/posts"}],"about":[{"href":"https:\/\/karatecanada.org\/fr\/wp-json\/wp\/v2\/types\/post"}],"author":[{"embeddable":true,"href":"https:\/\/karatecanada.org\/fr\/wp-json\/wp\/v2\/users\/22"}],"replies":[{"embeddable":true,"href":"https:\/\/karatecanada.org\/fr\/wp-json\/wp\/v2\/comments?post=12360"}],"version-history":[{"count":0,"href":"https:\/\/karatecanada.org\/fr\/wp-json\/wp\/v2\/posts\/12360\/revisions"}],"wp:featuredmedia":[{"embeddable":true,"href":"https:\/\/karatecanada.org\/fr\/wp-json\/wp\/v2\/media\/5834"}],"wp:attachment":[{"href":"https:\/\/karatecanada.org\/fr\/wp-json\/wp\/v2\/media?parent=12360"}],"wp:term":[{"taxonomy":"category","embeddable":true,"href":"https:\/\/karatecanada.org\/fr\/wp-json\/wp\/v2\/categories?post=12360"},{"taxonomy":"post_tag","embeddable":true,"href":"https:\/\/karatecanada.org\/fr\/wp-json\/wp\/v2\/tags?post=12360"}],"curies":[{"name":"wp","href":"https:\/\/api.w.org\/{rel}","templated":true}]}}