{"id":12376,"date":"2020-08-31T11:37:35","date_gmt":"2020-08-31T15:37:35","guid":{"rendered":"https:\/\/karatecanada.org\/?p=12376"},"modified":"2020-08-31T11:39:57","modified_gmt":"2020-08-31T15:39:57","slug":"clinique-nationale-darbitrage-26-27-sept","status":"publish","type":"post","link":"https:\/\/karatecanada.org\/fr\/clinique-nationale-darbitrage-26-27-sept\/","title":{"rendered":"CLINIQUE NATIONALE D&rsquo;ARBITRAGE 26-27 SEPT."},"content":{"rendered":"<p>La Commission d&rsquo;arbitrage de Karat\u00e9 Canada facilitera une Clinique nationale d&rsquo;arbitrage via Zoom les 26 et 27 septembre prochains. La Commission d&rsquo;arbitrage prodiguera des conseils sur la mise en oeuvre des r\u00e8gles les plus r\u00e9centes de la FMK, y compris la reprise vid\u00e9o instantan\u00e9e et le para- karat\u00e9.<\/p>\n<p>Tous sont les bienvenu(e)s, mais il faut d\u00e9tenir au minimum une licence Provinciale RA\/JA pour s&rsquo;inscrire \u00e0 l&rsquo;examen et tenter d&rsquo;obtenir une licence sup\u00e9rieure \u00e0 celle actuellement d\u00e9tenue. Le co\u00fbt de la clinique varie selon votre objectif et votre licence actuelle :<\/p>\n<ol>\n<li>Gratuit pour les arbitres Provincial RA\/JA et plus qui veulent assister \u00e0 la clinique<\/li>\n<li>50$ pour les arbitres qui d\u00e9tiennent une licence sous Provincial RA\/JA et qui veulent assister \u00e0 la clinique<\/li>\n<li>100$ pour les arbitres qui veulent obtenir une licence sup\u00e9rieure et faire l&rsquo;examen (minimum Provincial RA\/JA)<\/li>\n<\/ol>\n<h6>Horaire complet et d\u00e9tails sur l&rsquo;inscription<\/h6>\n<ul>\n<li>Clinique offerte en fran\u00e7ais\n<ul>\n<li>26 septembre de 9 \u00e0 12h (Heure de l&rsquo;Est) et<\/li>\n<li>27 septembre de 9 \u00e0 12h (Heure de l&rsquo;Est)<\/li>\n<li><a href=\"https:\/\/buytickets.at\/karatecanada\/414045\" target=\"_blank\" rel=\"noopener noreferrer\">Cliquez ici pour vous inscrire \u00e0 la clinique en fran\u00e7ais<\/a><\/li>\n<\/ul>\n<\/li>\n<li>Clinique offerte en anglais\n<ul>\n<li>26 septembre de 14 \u00e0 17h (Heure de l&rsquo;Est) et<\/li>\n<li>27 septembre de 14 \u00e0 17h (Heure de l&rsquo;Est)<\/li>\n<li><a href=\"https:\/\/buytickets.at\/karatecanada\/412905\" target=\"_blank\" rel=\"noopener noreferrer\">Cliquez ici pour vous inscrire \u00e0 la clinique en anglais<\/a><\/li>\n<\/ul>\n<\/li>\n<\/ul>\n<p>La date limite pour s&rsquo;inscrire est le 23 septembre.<\/p>\n","protected":false},"excerpt":{"rendered":"<p>La Commission d&rsquo;arbitrage de Karat\u00e9 Canada facilitera une Clinique nationale d&rsquo;arbitrage via Zoom les 26 et 27 septembre prochains. La Commission d&rsquo;arbitrage prodiguera des conseils sur la mise en oeuvre des r\u00e8gles les plus r\u00e9centes de la FMK, y compris la reprise vid\u00e9o instantan\u00e9e et le para- karat\u00e9. Tous sont les bienvenu(e)s, mais il faut [&hellip;]<\/p>\n","protected":false},"author":7,"featured_media":12377,"comment_status":"open","ping_status":"open","sticky":false,"template":"","format":"standard","meta":{"_acf_changed":false,"footnotes":""},"categories":[218],"tags":[],"class_list":["post-12376","post","type-post","status-publish","format-standard","has-post-thumbnail","hentry","category-benevole"],"acf":[],"yoast_head":"<!-- This site is optimized with the Yoast SEO plugin v27.3 - https:\/\/yoast.com\/product\/yoast-seo-wordpress\/ -->\n<title>CLINIQUE NATIONALE D&#039;ARBITRAGE 26-27 SEPT. - Karate Canada<\/title>\n<meta name=\"robots\" content=\"index, follow, max-snippet:-1, max-image-preview:large, max-video-preview:-1\" \/>\n<link rel=\"canonical\" href=\"https:\/\/karatecanada.org\/fr\/clinique-nationale-darbitrage-26-27-sept\/\" \/>\n<meta property=\"og:locale\" content=\"fr_FR\" \/>\n<meta property=\"og:type\" content=\"article\" \/>\n<meta property=\"og:title\" content=\"CLINIQUE NATIONALE D&#039;ARBITRAGE 26-27 SEPT. - Karate Canada\" \/>\n<meta property=\"og:description\" content=\"La Commission d&rsquo;arbitrage de Karat\u00e9 Canada facilitera une Clinique nationale d&rsquo;arbitrage via Zoom les 26 et 27 septembre prochains. La Commission d&rsquo;arbitrage prodiguera des conseils sur la mise en oeuvre des r\u00e8gles les plus r\u00e9centes de la FMK, y compris la reprise vid\u00e9o instantan\u00e9e et le para- karat\u00e9. Tous sont les bienvenu(e)s, mais il faut [&hellip;]\" \/>\n<meta property=\"og:url\" content=\"https:\/\/karatecanada.org\/fr\/clinique-nationale-darbitrage-26-27-sept\/\" \/>\n<meta property=\"og:site_name\" content=\"Karate Canada\" \/>\n<meta property=\"article:published_time\" content=\"2020-08-31T15:37:35+00:00\" \/>\n<meta property=\"article:modified_time\" content=\"2020-08-31T15:39:57+00:00\" \/>\n<meta property=\"og:image\" content=\"https:\/\/karatecanada.org\/wp-content\/uploads\/2020\/08\/2020-08-31_News.jpg\" \/>\n\t<meta property=\"og:image:width\" content=\"768\" \/>\n\t<meta property=\"og:image:height\" content=\"484\" \/>\n\t<meta property=\"og:image:type\" content=\"image\/jpeg\" \/>\n<meta name=\"author\" content=\"Andrea Mortenson\" \/>\n<meta name=\"twitter:card\" content=\"summary_large_image\" \/>\n<meta name=\"twitter:label1\" content=\"\u00c9crit par\" \/>\n\t<meta name=\"twitter:data1\" content=\"Andrea Mortenson\" \/>\n\t<meta name=\"twitter:label2\" content=\"Dur\u00e9e de lecture estim\u00e9e\" \/>\n\t<meta name=\"twitter:data2\" content=\"1 minute\" \/>\n<script type=\"application\/ld+json\" class=\"yoast-schema-graph\">{\"@context\":\"https:\\\/\\\/schema.org\",\"@graph\":[{\"@type\":\"Article\",\"@id\":\"https:\\\/\\\/karatecanada.org\\\/fr\\\/clinique-nationale-darbitrage-26-27-sept\\\/#article\",\"isPartOf\":{\"@id\":\"https:\\\/\\\/karatecanada.org\\\/fr\\\/clinique-nationale-darbitrage-26-27-sept\\\/\"},\"author\":{\"name\":\"Andrea Mortenson\",\"@id\":\"https:\\\/\\\/karatecanada.org\\\/fr\\\/#\\\/schema\\\/person\\\/4bf5431dbf9d58396308966e19cd3509\"},\"headline\":\"CLINIQUE NATIONALE D&rsquo;ARBITRAGE 26-27 SEPT.\",\"datePublished\":\"2020-08-31T15:37:35+00:00\",\"dateModified\":\"2020-08-31T15:39:57+00:00\",\"mainEntityOfPage\":{\"@id\":\"https:\\\/\\\/karatecanada.org\\\/fr\\\/clinique-nationale-darbitrage-26-27-sept\\\/\"},\"wordCount\":233,\"commentCount\":0,\"image\":{\"@id\":\"https:\\\/\\\/karatecanada.org\\\/fr\\\/clinique-nationale-darbitrage-26-27-sept\\\/#primaryimage\"},\"thumbnailUrl\":\"https:\\\/\\\/karatecanada.org\\\/wp-content\\\/uploads\\\/2020\\\/08\\\/2020-08-31_News.jpg\",\"articleSection\":[\"B\u00e9n\u00e9vole\"],\"inLanguage\":\"fr-FR\",\"potentialAction\":[{\"@type\":\"CommentAction\",\"name\":\"Comment\",\"target\":[\"https:\\\/\\\/karatecanada.org\\\/fr\\\/clinique-nationale-darbitrage-26-27-sept\\\/#respond\"]}]},{\"@type\":\"WebPage\",\"@id\":\"https:\\\/\\\/karatecanada.org\\\/fr\\\/clinique-nationale-darbitrage-26-27-sept\\\/\",\"url\":\"https:\\\/\\\/karatecanada.org\\\/fr\\\/clinique-nationale-darbitrage-26-27-sept\\\/\",\"name\":\"CLINIQUE NATIONALE D'ARBITRAGE 26-27 SEPT. - Karate Canada\",\"isPartOf\":{\"@id\":\"https:\\\/\\\/karatecanada.org\\\/fr\\\/#website\"},\"primaryImageOfPage\":{\"@id\":\"https:\\\/\\\/karatecanada.org\\\/fr\\\/clinique-nationale-darbitrage-26-27-sept\\\/#primaryimage\"},\"image\":{\"@id\":\"https:\\\/\\\/karatecanada.org\\\/fr\\\/clinique-nationale-darbitrage-26-27-sept\\\/#primaryimage\"},\"thumbnailUrl\":\"https:\\\/\\\/karatecanada.org\\\/wp-content\\\/uploads\\\/2020\\\/08\\\/2020-08-31_News.jpg\",\"datePublished\":\"2020-08-31T15:37:35+00:00\",\"dateModified\":\"2020-08-31T15:39:57+00:00\",\"author\":{\"@id\":\"https:\\\/\\\/karatecanada.org\\\/fr\\\/#\\\/schema\\\/person\\\/4bf5431dbf9d58396308966e19cd3509\"},\"breadcrumb\":{\"@id\":\"https:\\\/\\\/karatecanada.org\\\/fr\\\/clinique-nationale-darbitrage-26-27-sept\\\/#breadcrumb\"},\"inLanguage\":\"fr-FR\",\"potentialAction\":[{\"@type\":\"ReadAction\",\"target\":[\"https:\\\/\\\/karatecanada.org\\\/fr\\\/clinique-nationale-darbitrage-26-27-sept\\\/\"]}]},{\"@type\":\"ImageObject\",\"inLanguage\":\"fr-FR\",\"@id\":\"https:\\\/\\\/karatecanada.org\\\/fr\\\/clinique-nationale-darbitrage-26-27-sept\\\/#primaryimage\",\"url\":\"https:\\\/\\\/karatecanada.org\\\/wp-content\\\/uploads\\\/2020\\\/08\\\/2020-08-31_News.jpg\",\"contentUrl\":\"https:\\\/\\\/karatecanada.org\\\/wp-content\\\/uploads\\\/2020\\\/08\\\/2020-08-31_News.jpg\",\"width\":768,\"height\":484},{\"@type\":\"BreadcrumbList\",\"@id\":\"https:\\\/\\\/karatecanada.org\\\/fr\\\/clinique-nationale-darbitrage-26-27-sept\\\/#breadcrumb\",\"itemListElement\":[{\"@type\":\"ListItem\",\"position\":1,\"name\":\"Home\",\"item\":\"https:\\\/\\\/karatecanada.org\\\/fr\\\/\"},{\"@type\":\"ListItem\",\"position\":2,\"name\":\"CLINIQUE NATIONALE D&rsquo;ARBITRAGE 26-27 SEPT.\"}]},{\"@type\":\"WebSite\",\"@id\":\"https:\\\/\\\/karatecanada.org\\\/fr\\\/#website\",\"url\":\"https:\\\/\\\/karatecanada.org\\\/fr\\\/\",\"name\":\"Karate Canada\",\"description\":\"Just another WordPress site\",\"potentialAction\":[{\"@type\":\"SearchAction\",\"target\":{\"@type\":\"EntryPoint\",\"urlTemplate\":\"https:\\\/\\\/karatecanada.org\\\/fr\\\/?s={search_term_string}\"},\"query-input\":{\"@type\":\"PropertyValueSpecification\",\"valueRequired\":true,\"valueName\":\"search_term_string\"}}],\"inLanguage\":\"fr-FR\"},{\"@type\":\"Person\",\"@id\":\"https:\\\/\\\/karatecanada.org\\\/fr\\\/#\\\/schema\\\/person\\\/4bf5431dbf9d58396308966e19cd3509\",\"name\":\"Andrea Mortenson\",\"image\":{\"@type\":\"ImageObject\",\"inLanguage\":\"fr-FR\",\"@id\":\"https:\\\/\\\/secure.gravatar.com\\\/avatar\\\/c0fbb2ccf4c18c46c3889bd8919e99cf6ddb6bbda8924ffd8391edcb42b3ae47?s=96&d=mm&r=g\",\"url\":\"https:\\\/\\\/secure.gravatar.com\\\/avatar\\\/c0fbb2ccf4c18c46c3889bd8919e99cf6ddb6bbda8924ffd8391edcb42b3ae47?s=96&d=mm&r=g\",\"contentUrl\":\"https:\\\/\\\/secure.gravatar.com\\\/avatar\\\/c0fbb2ccf4c18c46c3889bd8919e99cf6ddb6bbda8924ffd8391edcb42b3ae47?s=96&d=mm&r=g\",\"caption\":\"Andrea Mortenson\"},\"url\":\"https:\\\/\\\/karatecanada.org\\\/fr\\\/author\\\/andi\\\/\"}]}<\/script>\n<!-- \/ Yoast SEO plugin. -->","yoast_head_json":{"title":"CLINIQUE NATIONALE D'ARBITRAGE 26-27 SEPT. - Karate Canada","robots":{"index":"index","follow":"follow","max-snippet":"max-snippet:-1","max-image-preview":"max-image-preview:large","max-video-preview":"max-video-preview:-1"},"canonical":"https:\/\/karatecanada.org\/fr\/clinique-nationale-darbitrage-26-27-sept\/","og_locale":"fr_FR","og_type":"article","og_title":"CLINIQUE NATIONALE D'ARBITRAGE 26-27 SEPT. - Karate Canada","og_description":"La Commission d&rsquo;arbitrage de Karat\u00e9 Canada facilitera une Clinique nationale d&rsquo;arbitrage via Zoom les 26 et 27 septembre prochains. La Commission d&rsquo;arbitrage prodiguera des conseils sur la mise en oeuvre des r\u00e8gles les plus r\u00e9centes de la FMK, y compris la reprise vid\u00e9o instantan\u00e9e et le para- karat\u00e9. Tous sont les bienvenu(e)s, mais il faut [&hellip;]","og_url":"https:\/\/karatecanada.org\/fr\/clinique-nationale-darbitrage-26-27-sept\/","og_site_name":"Karate Canada","article_published_time":"2020-08-31T15:37:35+00:00","article_modified_time":"2020-08-31T15:39:57+00:00","og_image":[{"width":768,"height":484,"url":"https:\/\/karatecanada.org\/wp-content\/uploads\/2020\/08\/2020-08-31_News.jpg","type":"image\/jpeg"}],"author":"Andrea Mortenson","twitter_card":"summary_large_image","twitter_misc":{"\u00c9crit par":"Andrea Mortenson","Dur\u00e9e de lecture estim\u00e9e":"1 minute"},"schema":{"@context":"https:\/\/schema.org","@graph":[{"@type":"Article","@id":"https:\/\/karatecanada.org\/fr\/clinique-nationale-darbitrage-26-27-sept\/#article","isPartOf":{"@id":"https:\/\/karatecanada.org\/fr\/clinique-nationale-darbitrage-26-27-sept\/"},"author":{"name":"Andrea Mortenson","@id":"https:\/\/karatecanada.org\/fr\/#\/schema\/person\/4bf5431dbf9d58396308966e19cd3509"},"headline":"CLINIQUE NATIONALE D&rsquo;ARBITRAGE 26-27 SEPT.","datePublished":"2020-08-31T15:37:35+00:00","dateModified":"2020-08-31T15:39:57+00:00","mainEntityOfPage":{"@id":"https:\/\/karatecanada.org\/fr\/clinique-nationale-darbitrage-26-27-sept\/"},"wordCount":233,"commentCount":0,"image":{"@id":"https:\/\/karatecanada.org\/fr\/clinique-nationale-darbitrage-26-27-sept\/#primaryimage"},"thumbnailUrl":"https:\/\/karatecanada.org\/wp-content\/uploads\/2020\/08\/2020-08-31_News.jpg","articleSection":["B\u00e9n\u00e9vole"],"inLanguage":"fr-FR","potentialAction":[{"@type":"CommentAction","name":"Comment","target":["https:\/\/karatecanada.org\/fr\/clinique-nationale-darbitrage-26-27-sept\/#respond"]}]},{"@type":"WebPage","@id":"https:\/\/karatecanada.org\/fr\/clinique-nationale-darbitrage-26-27-sept\/","url":"https:\/\/karatecanada.org\/fr\/clinique-nationale-darbitrage-26-27-sept\/","name":"CLINIQUE NATIONALE D'ARBITRAGE 26-27 SEPT. - Karate Canada","isPartOf":{"@id":"https:\/\/karatecanada.org\/fr\/#website"},"primaryImageOfPage":{"@id":"https:\/\/karatecanada.org\/fr\/clinique-nationale-darbitrage-26-27-sept\/#primaryimage"},"image":{"@id":"https:\/\/karatecanada.org\/fr\/clinique-nationale-darbitrage-26-27-sept\/#primaryimage"},"thumbnailUrl":"https:\/\/karatecanada.org\/wp-content\/uploads\/2020\/08\/2020-08-31_News.jpg","datePublished":"2020-08-31T15:37:35+00:00","dateModified":"2020-08-31T15:39:57+00:00","author":{"@id":"https:\/\/karatecanada.org\/fr\/#\/schema\/person\/4bf5431dbf9d58396308966e19cd3509"},"breadcrumb":{"@id":"https:\/\/karatecanada.org\/fr\/clinique-nationale-darbitrage-26-27-sept\/#breadcrumb"},"inLanguage":"fr-FR","potentialAction":[{"@type":"ReadAction","target":["https:\/\/karatecanada.org\/fr\/clinique-nationale-darbitrage-26-27-sept\/"]}]},{"@type":"ImageObject","inLanguage":"fr-FR","@id":"https:\/\/karatecanada.org\/fr\/clinique-nationale-darbitrage-26-27-sept\/#primaryimage","url":"https:\/\/karatecanada.org\/wp-content\/uploads\/2020\/08\/2020-08-31_News.jpg","contentUrl":"https:\/\/karatecanada.org\/wp-content\/uploads\/2020\/08\/2020-08-31_News.jpg","width":768,"height":484},{"@type":"BreadcrumbList","@id":"https:\/\/karatecanada.org\/fr\/clinique-nationale-darbitrage-26-27-sept\/#breadcrumb","itemListElement":[{"@type":"ListItem","position":1,"name":"Home","item":"https:\/\/karatecanada.org\/fr\/"},{"@type":"ListItem","position":2,"name":"CLINIQUE NATIONALE D&rsquo;ARBITRAGE 26-27 SEPT."}]},{"@type":"WebSite","@id":"https:\/\/karatecanada.org\/fr\/#website","url":"https:\/\/karatecanada.org\/fr\/","name":"Karate Canada","description":"Just another WordPress site","potentialAction":[{"@type":"SearchAction","target":{"@type":"EntryPoint","urlTemplate":"https:\/\/karatecanada.org\/fr\/?s={search_term_string}"},"query-input":{"@type":"PropertyValueSpecification","valueRequired":true,"valueName":"search_term_string"}}],"inLanguage":"fr-FR"},{"@type":"Person","@id":"https:\/\/karatecanada.org\/fr\/#\/schema\/person\/4bf5431dbf9d58396308966e19cd3509","name":"Andrea Mortenson","image":{"@type":"ImageObject","inLanguage":"fr-FR","@id":"https:\/\/secure.gravatar.com\/avatar\/c0fbb2ccf4c18c46c3889bd8919e99cf6ddb6bbda8924ffd8391edcb42b3ae47?s=96&d=mm&r=g","url":"https:\/\/secure.gravatar.com\/avatar\/c0fbb2ccf4c18c46c3889bd8919e99cf6ddb6bbda8924ffd8391edcb42b3ae47?s=96&d=mm&r=g","contentUrl":"https:\/\/secure.gravatar.com\/avatar\/c0fbb2ccf4c18c46c3889bd8919e99cf6ddb6bbda8924ffd8391edcb42b3ae47?s=96&d=mm&r=g","caption":"Andrea Mortenson"},"url":"https:\/\/karatecanada.org\/fr\/author\/andi\/"}]}},"featured_image_src":"https:\/\/karatecanada.org\/wp-content\/uploads\/2020\/08\/2020-08-31_News.jpg","date_format":"ao\u00fbt 31, 2020","_links":{"self":[{"href":"https:\/\/karatecanada.org\/fr\/wp-json\/wp\/v2\/posts\/12376","targetHints":{"allow":["GET"]}}],"collection":[{"href":"https:\/\/karatecanada.org\/fr\/wp-json\/wp\/v2\/posts"}],"about":[{"href":"https:\/\/karatecanada.org\/fr\/wp-json\/wp\/v2\/types\/post"}],"author":[{"embeddable":true,"href":"https:\/\/karatecanada.org\/fr\/wp-json\/wp\/v2\/users\/7"}],"replies":[{"embeddable":true,"href":"https:\/\/karatecanada.org\/fr\/wp-json\/wp\/v2\/comments?post=12376"}],"version-history":[{"count":0,"href":"https:\/\/karatecanada.org\/fr\/wp-json\/wp\/v2\/posts\/12376\/revisions"}],"wp:featuredmedia":[{"embeddable":true,"href":"https:\/\/karatecanada.org\/fr\/wp-json\/wp\/v2\/media\/12377"}],"wp:attachment":[{"href":"https:\/\/karatecanada.org\/fr\/wp-json\/wp\/v2\/media?parent=12376"}],"wp:term":[{"taxonomy":"category","embeddable":true,"href":"https:\/\/karatecanada.org\/fr\/wp-json\/wp\/v2\/categories?post=12376"},{"taxonomy":"post_tag","embeddable":true,"href":"https:\/\/karatecanada.org\/fr\/wp-json\/wp\/v2\/tags?post=12376"}],"curies":[{"name":"wp","href":"https:\/\/api.w.org\/{rel}","templated":true}]}}