{"id":12760,"date":"2021-05-07T09:23:21","date_gmt":"2021-05-07T13:23:21","guid":{"rendered":"https:\/\/karatecanada.org\/?p=12760"},"modified":"2021-05-07T09:23:21","modified_gmt":"2021-05-07T13:23:21","slug":"kc-engage-une-responsable-du-sport-securitaire","status":"publish","type":"post","link":"https:\/\/karatecanada.org\/fr\/kc-engage-une-responsable-du-sport-securitaire\/","title":{"rendered":"KC ENGAGE UNE RESPONSABLE DU SPORT S\u00c9CURITAIRE"},"content":{"rendered":"<p>Karat\u00e9 Canada a r\u00e9cemment cr\u00e9\u00e9 un nouveau poste contractuel \u00e0 temps partiel pour un(e) Responsable du sport s\u00e9curitaire, afin d&rsquo;aider \u00e0 mettre en \u0153uvre son cadre de sport s\u00e9curitaire et de promouvoir un environnement s\u00e9curitaire pour toute la communaut\u00e9 du karat\u00e9. Les objectifs principaux du\/de la responsable seront de communiquer et de g\u00e9rer les diverses exigences relatives au sport s\u00e9curitaire telles que l\u2019ex\u00e9cution des cours, recueillir les formulaires, etc., ainsi que de d\u00e9velopper et mettre en \u0153uvre un syst\u00e8me de suivi des blessures \/ commotions c\u00e9r\u00e9brales au sein des \u00e9quipes nationales.<\/p>\n<p>KC souhaite la bienvenue dans l\u2019\u00e9quipe \u00e0 Mlle Laurie Ehrman. La ma\u00eetrise en droit et en gestion de Mlle Ehrman, combin\u00e9e \u00e0 son exp\u00e9rience ant\u00e9rieure en tant que Coordonnatrice de la haute performance pour l\u2019Anneau olympique de Calgary ainsi qu\u2019\u00e0 son bilinguisme, font d\u2019elle la candidate id\u00e9ale pour ce poste.<\/p>\n<p>Si vous avez des questions concernant le sport s\u00e9curitaire, svp n&rsquo;h\u00e9sitez pas \u00e0 la contacter \u00e0 <a href=\"mailto:safesport@karatecanada.org\">safesport@karatecanada.org<\/a>. Vous pouvez \u00e9galement visiter la section d\u00e9di\u00e9e au sport s\u00e9curitaire sur notre site internet au <a href=\"https:\/\/karatecanada.org\/fr\/safe-sport\/\">https:\/\/karatecanada.org\/fr\/safe-sport\/<\/a>.<\/p>\n","protected":false},"excerpt":{"rendered":"<p>Karat\u00e9 Canada a r\u00e9cemment cr\u00e9\u00e9 un nouveau poste contractuel \u00e0 temps partiel pour un(e) Responsable du sport s\u00e9curitaire, afin d&rsquo;aider \u00e0 mettre en \u0153uvre son cadre de sport s\u00e9curitaire et de promouvoir un environnement s\u00e9curitaire pour toute la communaut\u00e9 du karat\u00e9. Les objectifs principaux du\/de la responsable seront de communiquer et de g\u00e9rer les diverses [&hellip;]<\/p>\n","protected":false},"author":7,"featured_media":12759,"comment_status":"open","ping_status":"open","sticky":false,"template":"","format":"standard","meta":{"_acf_changed":false,"footnotes":""},"categories":[218,212],"tags":[],"class_list":["post-12760","post","type-post","status-publish","format-standard","has-post-thumbnail","hentry","category-benevole","category-equipe-nationale"],"acf":[],"yoast_head":"<!-- This site is optimized with the Yoast SEO plugin v27.3 - https:\/\/yoast.com\/product\/yoast-seo-wordpress\/ -->\n<title>KC ENGAGE UNE RESPONSABLE DU SPORT S\u00c9CURITAIRE - Karate Canada<\/title>\n<meta name=\"robots\" content=\"index, follow, max-snippet:-1, max-image-preview:large, max-video-preview:-1\" \/>\n<link rel=\"canonical\" href=\"https:\/\/karatecanada.org\/fr\/kc-engage-une-responsable-du-sport-securitaire\/\" \/>\n<meta property=\"og:locale\" content=\"fr_FR\" \/>\n<meta property=\"og:type\" content=\"article\" \/>\n<meta property=\"og:title\" content=\"KC ENGAGE UNE RESPONSABLE DU SPORT S\u00c9CURITAIRE - Karate Canada\" \/>\n<meta property=\"og:description\" content=\"Karat\u00e9 Canada a r\u00e9cemment cr\u00e9\u00e9 un nouveau poste contractuel \u00e0 temps partiel pour un(e) Responsable du sport s\u00e9curitaire, afin d&rsquo;aider \u00e0 mettre en \u0153uvre son cadre de sport s\u00e9curitaire et de promouvoir un environnement s\u00e9curitaire pour toute la communaut\u00e9 du karat\u00e9. Les objectifs principaux du\/de la responsable seront de communiquer et de g\u00e9rer les diverses [&hellip;]\" \/>\n<meta property=\"og:url\" content=\"https:\/\/karatecanada.org\/fr\/kc-engage-une-responsable-du-sport-securitaire\/\" \/>\n<meta property=\"og:site_name\" content=\"Karate Canada\" \/>\n<meta property=\"article:published_time\" content=\"2021-05-07T13:23:21+00:00\" \/>\n<meta property=\"og:image\" content=\"https:\/\/karatecanada.org\/wp-content\/uploads\/2021\/05\/Laurie_Ehrman_Headshot_NewsItem.jpg\" \/>\n\t<meta property=\"og:image:width\" content=\"768\" \/>\n\t<meta property=\"og:image:height\" content=\"620\" \/>\n\t<meta property=\"og:image:type\" content=\"image\/jpeg\" \/>\n<meta name=\"author\" content=\"Andrea Mortenson\" \/>\n<meta name=\"twitter:card\" content=\"summary_large_image\" \/>\n<meta name=\"twitter:label1\" content=\"\u00c9crit par\" \/>\n\t<meta name=\"twitter:data1\" content=\"Andrea Mortenson\" \/>\n\t<meta name=\"twitter:label2\" content=\"Dur\u00e9e de lecture estim\u00e9e\" \/>\n\t<meta name=\"twitter:data2\" content=\"1 minute\" \/>\n<script type=\"application\/ld+json\" class=\"yoast-schema-graph\">{\"@context\":\"https:\\\/\\\/schema.org\",\"@graph\":[{\"@type\":\"Article\",\"@id\":\"https:\\\/\\\/karatecanada.org\\\/fr\\\/kc-engage-une-responsable-du-sport-securitaire\\\/#article\",\"isPartOf\":{\"@id\":\"https:\\\/\\\/karatecanada.org\\\/fr\\\/kc-engage-une-responsable-du-sport-securitaire\\\/\"},\"author\":{\"name\":\"Andrea Mortenson\",\"@id\":\"https:\\\/\\\/karatecanada.org\\\/fr\\\/#\\\/schema\\\/person\\\/4bf5431dbf9d58396308966e19cd3509\"},\"headline\":\"KC ENGAGE UNE RESPONSABLE DU SPORT S\u00c9CURITAIRE\",\"datePublished\":\"2021-05-07T13:23:21+00:00\",\"mainEntityOfPage\":{\"@id\":\"https:\\\/\\\/karatecanada.org\\\/fr\\\/kc-engage-une-responsable-du-sport-securitaire\\\/\"},\"wordCount\":210,\"commentCount\":0,\"image\":{\"@id\":\"https:\\\/\\\/karatecanada.org\\\/fr\\\/kc-engage-une-responsable-du-sport-securitaire\\\/#primaryimage\"},\"thumbnailUrl\":\"https:\\\/\\\/karatecanada.org\\\/wp-content\\\/uploads\\\/2021\\\/05\\\/Laurie_Ehrman_Headshot_NewsItem.jpg\",\"articleSection\":[\"B\u00e9n\u00e9vole\",\"\u00c9quipe nationale\"],\"inLanguage\":\"fr-FR\",\"potentialAction\":[{\"@type\":\"CommentAction\",\"name\":\"Comment\",\"target\":[\"https:\\\/\\\/karatecanada.org\\\/fr\\\/kc-engage-une-responsable-du-sport-securitaire\\\/#respond\"]}]},{\"@type\":\"WebPage\",\"@id\":\"https:\\\/\\\/karatecanada.org\\\/fr\\\/kc-engage-une-responsable-du-sport-securitaire\\\/\",\"url\":\"https:\\\/\\\/karatecanada.org\\\/fr\\\/kc-engage-une-responsable-du-sport-securitaire\\\/\",\"name\":\"KC ENGAGE UNE RESPONSABLE DU SPORT S\u00c9CURITAIRE - Karate Canada\",\"isPartOf\":{\"@id\":\"https:\\\/\\\/karatecanada.org\\\/fr\\\/#website\"},\"primaryImageOfPage\":{\"@id\":\"https:\\\/\\\/karatecanada.org\\\/fr\\\/kc-engage-une-responsable-du-sport-securitaire\\\/#primaryimage\"},\"image\":{\"@id\":\"https:\\\/\\\/karatecanada.org\\\/fr\\\/kc-engage-une-responsable-du-sport-securitaire\\\/#primaryimage\"},\"thumbnailUrl\":\"https:\\\/\\\/karatecanada.org\\\/wp-content\\\/uploads\\\/2021\\\/05\\\/Laurie_Ehrman_Headshot_NewsItem.jpg\",\"datePublished\":\"2021-05-07T13:23:21+00:00\",\"author\":{\"@id\":\"https:\\\/\\\/karatecanada.org\\\/fr\\\/#\\\/schema\\\/person\\\/4bf5431dbf9d58396308966e19cd3509\"},\"breadcrumb\":{\"@id\":\"https:\\\/\\\/karatecanada.org\\\/fr\\\/kc-engage-une-responsable-du-sport-securitaire\\\/#breadcrumb\"},\"inLanguage\":\"fr-FR\",\"potentialAction\":[{\"@type\":\"ReadAction\",\"target\":[\"https:\\\/\\\/karatecanada.org\\\/fr\\\/kc-engage-une-responsable-du-sport-securitaire\\\/\"]}]},{\"@type\":\"ImageObject\",\"inLanguage\":\"fr-FR\",\"@id\":\"https:\\\/\\\/karatecanada.org\\\/fr\\\/kc-engage-une-responsable-du-sport-securitaire\\\/#primaryimage\",\"url\":\"https:\\\/\\\/karatecanada.org\\\/wp-content\\\/uploads\\\/2021\\\/05\\\/Laurie_Ehrman_Headshot_NewsItem.jpg\",\"contentUrl\":\"https:\\\/\\\/karatecanada.org\\\/wp-content\\\/uploads\\\/2021\\\/05\\\/Laurie_Ehrman_Headshot_NewsItem.jpg\",\"width\":768,\"height\":620},{\"@type\":\"BreadcrumbList\",\"@id\":\"https:\\\/\\\/karatecanada.org\\\/fr\\\/kc-engage-une-responsable-du-sport-securitaire\\\/#breadcrumb\",\"itemListElement\":[{\"@type\":\"ListItem\",\"position\":1,\"name\":\"Home\",\"item\":\"https:\\\/\\\/karatecanada.org\\\/fr\\\/\"},{\"@type\":\"ListItem\",\"position\":2,\"name\":\"KC ENGAGE UNE RESPONSABLE DU SPORT S\u00c9CURITAIRE\"}]},{\"@type\":\"WebSite\",\"@id\":\"https:\\\/\\\/karatecanada.org\\\/fr\\\/#website\",\"url\":\"https:\\\/\\\/karatecanada.org\\\/fr\\\/\",\"name\":\"Karate Canada\",\"description\":\"Just another WordPress site\",\"potentialAction\":[{\"@type\":\"SearchAction\",\"target\":{\"@type\":\"EntryPoint\",\"urlTemplate\":\"https:\\\/\\\/karatecanada.org\\\/fr\\\/?s={search_term_string}\"},\"query-input\":{\"@type\":\"PropertyValueSpecification\",\"valueRequired\":true,\"valueName\":\"search_term_string\"}}],\"inLanguage\":\"fr-FR\"},{\"@type\":\"Person\",\"@id\":\"https:\\\/\\\/karatecanada.org\\\/fr\\\/#\\\/schema\\\/person\\\/4bf5431dbf9d58396308966e19cd3509\",\"name\":\"Andrea Mortenson\",\"image\":{\"@type\":\"ImageObject\",\"inLanguage\":\"fr-FR\",\"@id\":\"https:\\\/\\\/secure.gravatar.com\\\/avatar\\\/c0fbb2ccf4c18c46c3889bd8919e99cf6ddb6bbda8924ffd8391edcb42b3ae47?s=96&d=mm&r=g\",\"url\":\"https:\\\/\\\/secure.gravatar.com\\\/avatar\\\/c0fbb2ccf4c18c46c3889bd8919e99cf6ddb6bbda8924ffd8391edcb42b3ae47?s=96&d=mm&r=g\",\"contentUrl\":\"https:\\\/\\\/secure.gravatar.com\\\/avatar\\\/c0fbb2ccf4c18c46c3889bd8919e99cf6ddb6bbda8924ffd8391edcb42b3ae47?s=96&d=mm&r=g\",\"caption\":\"Andrea Mortenson\"},\"url\":\"https:\\\/\\\/karatecanada.org\\\/fr\\\/author\\\/andi\\\/\"}]}<\/script>\n<!-- \/ Yoast SEO plugin. -->","yoast_head_json":{"title":"KC ENGAGE UNE RESPONSABLE DU SPORT S\u00c9CURITAIRE - Karate Canada","robots":{"index":"index","follow":"follow","max-snippet":"max-snippet:-1","max-image-preview":"max-image-preview:large","max-video-preview":"max-video-preview:-1"},"canonical":"https:\/\/karatecanada.org\/fr\/kc-engage-une-responsable-du-sport-securitaire\/","og_locale":"fr_FR","og_type":"article","og_title":"KC ENGAGE UNE RESPONSABLE DU SPORT S\u00c9CURITAIRE - Karate Canada","og_description":"Karat\u00e9 Canada a r\u00e9cemment cr\u00e9\u00e9 un nouveau poste contractuel \u00e0 temps partiel pour un(e) Responsable du sport s\u00e9curitaire, afin d&rsquo;aider \u00e0 mettre en \u0153uvre son cadre de sport s\u00e9curitaire et de promouvoir un environnement s\u00e9curitaire pour toute la communaut\u00e9 du karat\u00e9. Les objectifs principaux du\/de la responsable seront de communiquer et de g\u00e9rer les diverses [&hellip;]","og_url":"https:\/\/karatecanada.org\/fr\/kc-engage-une-responsable-du-sport-securitaire\/","og_site_name":"Karate Canada","article_published_time":"2021-05-07T13:23:21+00:00","og_image":[{"width":768,"height":620,"url":"https:\/\/karatecanada.org\/wp-content\/uploads\/2021\/05\/Laurie_Ehrman_Headshot_NewsItem.jpg","type":"image\/jpeg"}],"author":"Andrea Mortenson","twitter_card":"summary_large_image","twitter_misc":{"\u00c9crit par":"Andrea Mortenson","Dur\u00e9e de lecture estim\u00e9e":"1 minute"},"schema":{"@context":"https:\/\/schema.org","@graph":[{"@type":"Article","@id":"https:\/\/karatecanada.org\/fr\/kc-engage-une-responsable-du-sport-securitaire\/#article","isPartOf":{"@id":"https:\/\/karatecanada.org\/fr\/kc-engage-une-responsable-du-sport-securitaire\/"},"author":{"name":"Andrea Mortenson","@id":"https:\/\/karatecanada.org\/fr\/#\/schema\/person\/4bf5431dbf9d58396308966e19cd3509"},"headline":"KC ENGAGE UNE RESPONSABLE DU SPORT S\u00c9CURITAIRE","datePublished":"2021-05-07T13:23:21+00:00","mainEntityOfPage":{"@id":"https:\/\/karatecanada.org\/fr\/kc-engage-une-responsable-du-sport-securitaire\/"},"wordCount":210,"commentCount":0,"image":{"@id":"https:\/\/karatecanada.org\/fr\/kc-engage-une-responsable-du-sport-securitaire\/#primaryimage"},"thumbnailUrl":"https:\/\/karatecanada.org\/wp-content\/uploads\/2021\/05\/Laurie_Ehrman_Headshot_NewsItem.jpg","articleSection":["B\u00e9n\u00e9vole","\u00c9quipe nationale"],"inLanguage":"fr-FR","potentialAction":[{"@type":"CommentAction","name":"Comment","target":["https:\/\/karatecanada.org\/fr\/kc-engage-une-responsable-du-sport-securitaire\/#respond"]}]},{"@type":"WebPage","@id":"https:\/\/karatecanada.org\/fr\/kc-engage-une-responsable-du-sport-securitaire\/","url":"https:\/\/karatecanada.org\/fr\/kc-engage-une-responsable-du-sport-securitaire\/","name":"KC ENGAGE UNE RESPONSABLE DU SPORT S\u00c9CURITAIRE - Karate Canada","isPartOf":{"@id":"https:\/\/karatecanada.org\/fr\/#website"},"primaryImageOfPage":{"@id":"https:\/\/karatecanada.org\/fr\/kc-engage-une-responsable-du-sport-securitaire\/#primaryimage"},"image":{"@id":"https:\/\/karatecanada.org\/fr\/kc-engage-une-responsable-du-sport-securitaire\/#primaryimage"},"thumbnailUrl":"https:\/\/karatecanada.org\/wp-content\/uploads\/2021\/05\/Laurie_Ehrman_Headshot_NewsItem.jpg","datePublished":"2021-05-07T13:23:21+00:00","author":{"@id":"https:\/\/karatecanada.org\/fr\/#\/schema\/person\/4bf5431dbf9d58396308966e19cd3509"},"breadcrumb":{"@id":"https:\/\/karatecanada.org\/fr\/kc-engage-une-responsable-du-sport-securitaire\/#breadcrumb"},"inLanguage":"fr-FR","potentialAction":[{"@type":"ReadAction","target":["https:\/\/karatecanada.org\/fr\/kc-engage-une-responsable-du-sport-securitaire\/"]}]},{"@type":"ImageObject","inLanguage":"fr-FR","@id":"https:\/\/karatecanada.org\/fr\/kc-engage-une-responsable-du-sport-securitaire\/#primaryimage","url":"https:\/\/karatecanada.org\/wp-content\/uploads\/2021\/05\/Laurie_Ehrman_Headshot_NewsItem.jpg","contentUrl":"https:\/\/karatecanada.org\/wp-content\/uploads\/2021\/05\/Laurie_Ehrman_Headshot_NewsItem.jpg","width":768,"height":620},{"@type":"BreadcrumbList","@id":"https:\/\/karatecanada.org\/fr\/kc-engage-une-responsable-du-sport-securitaire\/#breadcrumb","itemListElement":[{"@type":"ListItem","position":1,"name":"Home","item":"https:\/\/karatecanada.org\/fr\/"},{"@type":"ListItem","position":2,"name":"KC ENGAGE UNE RESPONSABLE DU SPORT S\u00c9CURITAIRE"}]},{"@type":"WebSite","@id":"https:\/\/karatecanada.org\/fr\/#website","url":"https:\/\/karatecanada.org\/fr\/","name":"Karate Canada","description":"Just another WordPress site","potentialAction":[{"@type":"SearchAction","target":{"@type":"EntryPoint","urlTemplate":"https:\/\/karatecanada.org\/fr\/?s={search_term_string}"},"query-input":{"@type":"PropertyValueSpecification","valueRequired":true,"valueName":"search_term_string"}}],"inLanguage":"fr-FR"},{"@type":"Person","@id":"https:\/\/karatecanada.org\/fr\/#\/schema\/person\/4bf5431dbf9d58396308966e19cd3509","name":"Andrea Mortenson","image":{"@type":"ImageObject","inLanguage":"fr-FR","@id":"https:\/\/secure.gravatar.com\/avatar\/c0fbb2ccf4c18c46c3889bd8919e99cf6ddb6bbda8924ffd8391edcb42b3ae47?s=96&d=mm&r=g","url":"https:\/\/secure.gravatar.com\/avatar\/c0fbb2ccf4c18c46c3889bd8919e99cf6ddb6bbda8924ffd8391edcb42b3ae47?s=96&d=mm&r=g","contentUrl":"https:\/\/secure.gravatar.com\/avatar\/c0fbb2ccf4c18c46c3889bd8919e99cf6ddb6bbda8924ffd8391edcb42b3ae47?s=96&d=mm&r=g","caption":"Andrea Mortenson"},"url":"https:\/\/karatecanada.org\/fr\/author\/andi\/"}]}},"featured_image_src":"https:\/\/karatecanada.org\/wp-content\/uploads\/2021\/05\/Laurie_Ehrman_Headshot_NewsItem.jpg","date_format":"mai 07, 2021","_links":{"self":[{"href":"https:\/\/karatecanada.org\/fr\/wp-json\/wp\/v2\/posts\/12760","targetHints":{"allow":["GET"]}}],"collection":[{"href":"https:\/\/karatecanada.org\/fr\/wp-json\/wp\/v2\/posts"}],"about":[{"href":"https:\/\/karatecanada.org\/fr\/wp-json\/wp\/v2\/types\/post"}],"author":[{"embeddable":true,"href":"https:\/\/karatecanada.org\/fr\/wp-json\/wp\/v2\/users\/7"}],"replies":[{"embeddable":true,"href":"https:\/\/karatecanada.org\/fr\/wp-json\/wp\/v2\/comments?post=12760"}],"version-history":[{"count":0,"href":"https:\/\/karatecanada.org\/fr\/wp-json\/wp\/v2\/posts\/12760\/revisions"}],"wp:featuredmedia":[{"embeddable":true,"href":"https:\/\/karatecanada.org\/fr\/wp-json\/wp\/v2\/media\/12759"}],"wp:attachment":[{"href":"https:\/\/karatecanada.org\/fr\/wp-json\/wp\/v2\/media?parent=12760"}],"wp:term":[{"taxonomy":"category","embeddable":true,"href":"https:\/\/karatecanada.org\/fr\/wp-json\/wp\/v2\/categories?post=12760"},{"taxonomy":"post_tag","embeddable":true,"href":"https:\/\/karatecanada.org\/fr\/wp-json\/wp\/v2\/tags?post=12760"}],"curies":[{"name":"wp","href":"https:\/\/api.w.org\/{rel}","templated":true}]}}