{"id":12948,"date":"2021-09-10T11:44:46","date_gmt":"2021-09-10T15:44:46","guid":{"rendered":"https:\/\/karatecanada.org\/?p=12948"},"modified":"2021-09-10T11:52:56","modified_gmt":"2021-09-10T15:52:56","slug":"personne-de-soutien-benevole-pour-parakarate","status":"publish","type":"post","link":"https:\/\/karatecanada.org\/fr\/personne-de-soutien-benevole-pour-parakarate\/","title":{"rendered":"PERSONNE DE SOUTIEN B\u00c9N\u00c9VOLE POUR PARAKARAT\u00c9 RECHERCH\u00c9E"},"content":{"rendered":"<p>Karat\u00e9 Canada est \u00e0 la recherche d&rsquo;une personne de soutien b\u00e9n\u00e9vole femme pour accompagner les athl\u00e8tes de l&rsquo;\u00c9quipe nationale senior de parakarat\u00e9 aux Championnats panam\u00e9ricains seniors 2021 et aux Championnats du monde seniors 2021. Pour en savoir plus sur le poste, veuillez cliquer sur la description ci-dessous.<\/p>\n<p><a href=\"https:\/\/karatecanada.org\/wp-content\/uploads\/2021\/09\/Karate-Canada-Support-Person-for-Parakarate-Athletes_FR_FINAL.pdf\" target=\"_blank\" rel=\"noopener\">Description du poste : Personne de soutien pour les athl\u00e8tes de parakarat\u00e9\u00a0<\/a><\/p>\n<p>La date limite pour postuler est le 24 septembre 2021.<\/p>\n","protected":false},"excerpt":{"rendered":"<p>Karat\u00e9 Canada est \u00e0 la recherche d&rsquo;une personne de soutien b\u00e9n\u00e9vole femme pour accompagner les athl\u00e8tes de l&rsquo;\u00c9quipe nationale senior de parakarat\u00e9 aux Championnats panam\u00e9ricains seniors 2021 et aux Championnats du monde seniors 2021. Pour en savoir plus sur le poste, veuillez cliquer sur la description ci-dessous. Description du poste : Personne de soutien pour [&hellip;]<\/p>\n","protected":false},"author":7,"featured_media":5824,"comment_status":"open","ping_status":"open","sticky":false,"template":"","format":"standard","meta":{"_acf_changed":false,"footnotes":""},"categories":[218,212],"tags":[],"class_list":["post-12948","post","type-post","status-publish","format-standard","has-post-thumbnail","hentry","category-benevole","category-equipe-nationale"],"acf":[],"yoast_head":"<!-- This site is optimized with the Yoast SEO plugin v27.3 - https:\/\/yoast.com\/product\/yoast-seo-wordpress\/ -->\n<title>PERSONNE DE SOUTIEN B\u00c9N\u00c9VOLE POUR PARAKARAT\u00c9 RECHERCH\u00c9E - Karate Canada<\/title>\n<meta name=\"robots\" content=\"index, follow, max-snippet:-1, max-image-preview:large, max-video-preview:-1\" \/>\n<link rel=\"canonical\" href=\"https:\/\/karatecanada.org\/fr\/personne-de-soutien-benevole-pour-parakarate\/\" \/>\n<meta property=\"og:locale\" content=\"fr_FR\" \/>\n<meta property=\"og:type\" content=\"article\" \/>\n<meta property=\"og:title\" content=\"PERSONNE DE SOUTIEN B\u00c9N\u00c9VOLE POUR PARAKARAT\u00c9 RECHERCH\u00c9E - Karate Canada\" \/>\n<meta property=\"og:description\" content=\"Karat\u00e9 Canada est \u00e0 la recherche d&rsquo;une personne de soutien b\u00e9n\u00e9vole femme pour accompagner les athl\u00e8tes de l&rsquo;\u00c9quipe nationale senior de parakarat\u00e9 aux Championnats panam\u00e9ricains seniors 2021 et aux Championnats du monde seniors 2021. Pour en savoir plus sur le poste, veuillez cliquer sur la description ci-dessous. Description du poste : Personne de soutien pour [&hellip;]\" \/>\n<meta property=\"og:url\" content=\"https:\/\/karatecanada.org\/fr\/personne-de-soutien-benevole-pour-parakarate\/\" \/>\n<meta property=\"og:site_name\" content=\"Karate Canada\" \/>\n<meta property=\"article:published_time\" content=\"2021-09-10T15:44:46+00:00\" \/>\n<meta property=\"article:modified_time\" content=\"2021-09-10T15:52:56+00:00\" \/>\n<meta property=\"og:image\" content=\"https:\/\/karatecanada.org\/wp-content\/uploads\/2018\/05\/gni-1b.jpg\" \/>\n\t<meta property=\"og:image:width\" content=\"768\" \/>\n\t<meta property=\"og:image:height\" content=\"492\" \/>\n\t<meta property=\"og:image:type\" content=\"image\/jpeg\" \/>\n<meta name=\"author\" content=\"Andrea Mortenson\" \/>\n<meta name=\"twitter:card\" content=\"summary_large_image\" \/>\n<meta name=\"twitter:label1\" content=\"\u00c9crit par\" \/>\n\t<meta name=\"twitter:data1\" content=\"Andrea Mortenson\" \/>\n\t<meta name=\"twitter:label2\" content=\"Dur\u00e9e de lecture estim\u00e9e\" \/>\n\t<meta name=\"twitter:data2\" content=\"1 minute\" \/>\n<script type=\"application\/ld+json\" class=\"yoast-schema-graph\">{\"@context\":\"https:\\\/\\\/schema.org\",\"@graph\":[{\"@type\":\"Article\",\"@id\":\"https:\\\/\\\/karatecanada.org\\\/fr\\\/personne-de-soutien-benevole-pour-parakarate\\\/#article\",\"isPartOf\":{\"@id\":\"https:\\\/\\\/karatecanada.org\\\/fr\\\/personne-de-soutien-benevole-pour-parakarate\\\/\"},\"author\":{\"name\":\"Andrea Mortenson\",\"@id\":\"https:\\\/\\\/karatecanada.org\\\/fr\\\/#\\\/schema\\\/person\\\/4bf5431dbf9d58396308966e19cd3509\"},\"headline\":\"PERSONNE DE SOUTIEN B\u00c9N\u00c9VOLE POUR PARAKARAT\u00c9 RECHERCH\u00c9E\",\"datePublished\":\"2021-09-10T15:44:46+00:00\",\"dateModified\":\"2021-09-10T15:52:56+00:00\",\"mainEntityOfPage\":{\"@id\":\"https:\\\/\\\/karatecanada.org\\\/fr\\\/personne-de-soutien-benevole-pour-parakarate\\\/\"},\"wordCount\":80,\"commentCount\":0,\"image\":{\"@id\":\"https:\\\/\\\/karatecanada.org\\\/fr\\\/personne-de-soutien-benevole-pour-parakarate\\\/#primaryimage\"},\"thumbnailUrl\":\"https:\\\/\\\/karatecanada.org\\\/wp-content\\\/uploads\\\/2018\\\/05\\\/gni-1b.jpg\",\"articleSection\":[\"B\u00e9n\u00e9vole\",\"\u00c9quipe nationale\"],\"inLanguage\":\"fr-FR\",\"potentialAction\":[{\"@type\":\"CommentAction\",\"name\":\"Comment\",\"target\":[\"https:\\\/\\\/karatecanada.org\\\/fr\\\/personne-de-soutien-benevole-pour-parakarate\\\/#respond\"]}]},{\"@type\":\"WebPage\",\"@id\":\"https:\\\/\\\/karatecanada.org\\\/fr\\\/personne-de-soutien-benevole-pour-parakarate\\\/\",\"url\":\"https:\\\/\\\/karatecanada.org\\\/fr\\\/personne-de-soutien-benevole-pour-parakarate\\\/\",\"name\":\"PERSONNE DE SOUTIEN B\u00c9N\u00c9VOLE POUR PARAKARAT\u00c9 RECHERCH\u00c9E - Karate Canada\",\"isPartOf\":{\"@id\":\"https:\\\/\\\/karatecanada.org\\\/fr\\\/#website\"},\"primaryImageOfPage\":{\"@id\":\"https:\\\/\\\/karatecanada.org\\\/fr\\\/personne-de-soutien-benevole-pour-parakarate\\\/#primaryimage\"},\"image\":{\"@id\":\"https:\\\/\\\/karatecanada.org\\\/fr\\\/personne-de-soutien-benevole-pour-parakarate\\\/#primaryimage\"},\"thumbnailUrl\":\"https:\\\/\\\/karatecanada.org\\\/wp-content\\\/uploads\\\/2018\\\/05\\\/gni-1b.jpg\",\"datePublished\":\"2021-09-10T15:44:46+00:00\",\"dateModified\":\"2021-09-10T15:52:56+00:00\",\"author\":{\"@id\":\"https:\\\/\\\/karatecanada.org\\\/fr\\\/#\\\/schema\\\/person\\\/4bf5431dbf9d58396308966e19cd3509\"},\"breadcrumb\":{\"@id\":\"https:\\\/\\\/karatecanada.org\\\/fr\\\/personne-de-soutien-benevole-pour-parakarate\\\/#breadcrumb\"},\"inLanguage\":\"fr-FR\",\"potentialAction\":[{\"@type\":\"ReadAction\",\"target\":[\"https:\\\/\\\/karatecanada.org\\\/fr\\\/personne-de-soutien-benevole-pour-parakarate\\\/\"]}]},{\"@type\":\"ImageObject\",\"inLanguage\":\"fr-FR\",\"@id\":\"https:\\\/\\\/karatecanada.org\\\/fr\\\/personne-de-soutien-benevole-pour-parakarate\\\/#primaryimage\",\"url\":\"https:\\\/\\\/karatecanada.org\\\/wp-content\\\/uploads\\\/2018\\\/05\\\/gni-1b.jpg\",\"contentUrl\":\"https:\\\/\\\/karatecanada.org\\\/wp-content\\\/uploads\\\/2018\\\/05\\\/gni-1b.jpg\",\"width\":768,\"height\":492},{\"@type\":\"BreadcrumbList\",\"@id\":\"https:\\\/\\\/karatecanada.org\\\/fr\\\/personne-de-soutien-benevole-pour-parakarate\\\/#breadcrumb\",\"itemListElement\":[{\"@type\":\"ListItem\",\"position\":1,\"name\":\"Home\",\"item\":\"https:\\\/\\\/karatecanada.org\\\/fr\\\/\"},{\"@type\":\"ListItem\",\"position\":2,\"name\":\"PERSONNE DE SOUTIEN B\u00c9N\u00c9VOLE POUR PARAKARAT\u00c9 RECHERCH\u00c9E\"}]},{\"@type\":\"WebSite\",\"@id\":\"https:\\\/\\\/karatecanada.org\\\/fr\\\/#website\",\"url\":\"https:\\\/\\\/karatecanada.org\\\/fr\\\/\",\"name\":\"Karate Canada\",\"description\":\"Just another WordPress site\",\"potentialAction\":[{\"@type\":\"SearchAction\",\"target\":{\"@type\":\"EntryPoint\",\"urlTemplate\":\"https:\\\/\\\/karatecanada.org\\\/fr\\\/?s={search_term_string}\"},\"query-input\":{\"@type\":\"PropertyValueSpecification\",\"valueRequired\":true,\"valueName\":\"search_term_string\"}}],\"inLanguage\":\"fr-FR\"},{\"@type\":\"Person\",\"@id\":\"https:\\\/\\\/karatecanada.org\\\/fr\\\/#\\\/schema\\\/person\\\/4bf5431dbf9d58396308966e19cd3509\",\"name\":\"Andrea Mortenson\",\"image\":{\"@type\":\"ImageObject\",\"inLanguage\":\"fr-FR\",\"@id\":\"https:\\\/\\\/secure.gravatar.com\\\/avatar\\\/c0fbb2ccf4c18c46c3889bd8919e99cf6ddb6bbda8924ffd8391edcb42b3ae47?s=96&d=mm&r=g\",\"url\":\"https:\\\/\\\/secure.gravatar.com\\\/avatar\\\/c0fbb2ccf4c18c46c3889bd8919e99cf6ddb6bbda8924ffd8391edcb42b3ae47?s=96&d=mm&r=g\",\"contentUrl\":\"https:\\\/\\\/secure.gravatar.com\\\/avatar\\\/c0fbb2ccf4c18c46c3889bd8919e99cf6ddb6bbda8924ffd8391edcb42b3ae47?s=96&d=mm&r=g\",\"caption\":\"Andrea Mortenson\"},\"url\":\"https:\\\/\\\/karatecanada.org\\\/fr\\\/author\\\/andi\\\/\"}]}<\/script>\n<!-- \/ Yoast SEO plugin. -->","yoast_head_json":{"title":"PERSONNE DE SOUTIEN B\u00c9N\u00c9VOLE POUR PARAKARAT\u00c9 RECHERCH\u00c9E - Karate Canada","robots":{"index":"index","follow":"follow","max-snippet":"max-snippet:-1","max-image-preview":"max-image-preview:large","max-video-preview":"max-video-preview:-1"},"canonical":"https:\/\/karatecanada.org\/fr\/personne-de-soutien-benevole-pour-parakarate\/","og_locale":"fr_FR","og_type":"article","og_title":"PERSONNE DE SOUTIEN B\u00c9N\u00c9VOLE POUR PARAKARAT\u00c9 RECHERCH\u00c9E - Karate Canada","og_description":"Karat\u00e9 Canada est \u00e0 la recherche d&rsquo;une personne de soutien b\u00e9n\u00e9vole femme pour accompagner les athl\u00e8tes de l&rsquo;\u00c9quipe nationale senior de parakarat\u00e9 aux Championnats panam\u00e9ricains seniors 2021 et aux Championnats du monde seniors 2021. Pour en savoir plus sur le poste, veuillez cliquer sur la description ci-dessous. Description du poste : Personne de soutien pour [&hellip;]","og_url":"https:\/\/karatecanada.org\/fr\/personne-de-soutien-benevole-pour-parakarate\/","og_site_name":"Karate Canada","article_published_time":"2021-09-10T15:44:46+00:00","article_modified_time":"2021-09-10T15:52:56+00:00","og_image":[{"width":768,"height":492,"url":"https:\/\/karatecanada.org\/wp-content\/uploads\/2018\/05\/gni-1b.jpg","type":"image\/jpeg"}],"author":"Andrea Mortenson","twitter_card":"summary_large_image","twitter_misc":{"\u00c9crit par":"Andrea Mortenson","Dur\u00e9e de lecture estim\u00e9e":"1 minute"},"schema":{"@context":"https:\/\/schema.org","@graph":[{"@type":"Article","@id":"https:\/\/karatecanada.org\/fr\/personne-de-soutien-benevole-pour-parakarate\/#article","isPartOf":{"@id":"https:\/\/karatecanada.org\/fr\/personne-de-soutien-benevole-pour-parakarate\/"},"author":{"name":"Andrea Mortenson","@id":"https:\/\/karatecanada.org\/fr\/#\/schema\/person\/4bf5431dbf9d58396308966e19cd3509"},"headline":"PERSONNE DE SOUTIEN B\u00c9N\u00c9VOLE POUR PARAKARAT\u00c9 RECHERCH\u00c9E","datePublished":"2021-09-10T15:44:46+00:00","dateModified":"2021-09-10T15:52:56+00:00","mainEntityOfPage":{"@id":"https:\/\/karatecanada.org\/fr\/personne-de-soutien-benevole-pour-parakarate\/"},"wordCount":80,"commentCount":0,"image":{"@id":"https:\/\/karatecanada.org\/fr\/personne-de-soutien-benevole-pour-parakarate\/#primaryimage"},"thumbnailUrl":"https:\/\/karatecanada.org\/wp-content\/uploads\/2018\/05\/gni-1b.jpg","articleSection":["B\u00e9n\u00e9vole","\u00c9quipe nationale"],"inLanguage":"fr-FR","potentialAction":[{"@type":"CommentAction","name":"Comment","target":["https:\/\/karatecanada.org\/fr\/personne-de-soutien-benevole-pour-parakarate\/#respond"]}]},{"@type":"WebPage","@id":"https:\/\/karatecanada.org\/fr\/personne-de-soutien-benevole-pour-parakarate\/","url":"https:\/\/karatecanada.org\/fr\/personne-de-soutien-benevole-pour-parakarate\/","name":"PERSONNE DE SOUTIEN B\u00c9N\u00c9VOLE POUR PARAKARAT\u00c9 RECHERCH\u00c9E - Karate Canada","isPartOf":{"@id":"https:\/\/karatecanada.org\/fr\/#website"},"primaryImageOfPage":{"@id":"https:\/\/karatecanada.org\/fr\/personne-de-soutien-benevole-pour-parakarate\/#primaryimage"},"image":{"@id":"https:\/\/karatecanada.org\/fr\/personne-de-soutien-benevole-pour-parakarate\/#primaryimage"},"thumbnailUrl":"https:\/\/karatecanada.org\/wp-content\/uploads\/2018\/05\/gni-1b.jpg","datePublished":"2021-09-10T15:44:46+00:00","dateModified":"2021-09-10T15:52:56+00:00","author":{"@id":"https:\/\/karatecanada.org\/fr\/#\/schema\/person\/4bf5431dbf9d58396308966e19cd3509"},"breadcrumb":{"@id":"https:\/\/karatecanada.org\/fr\/personne-de-soutien-benevole-pour-parakarate\/#breadcrumb"},"inLanguage":"fr-FR","potentialAction":[{"@type":"ReadAction","target":["https:\/\/karatecanada.org\/fr\/personne-de-soutien-benevole-pour-parakarate\/"]}]},{"@type":"ImageObject","inLanguage":"fr-FR","@id":"https:\/\/karatecanada.org\/fr\/personne-de-soutien-benevole-pour-parakarate\/#primaryimage","url":"https:\/\/karatecanada.org\/wp-content\/uploads\/2018\/05\/gni-1b.jpg","contentUrl":"https:\/\/karatecanada.org\/wp-content\/uploads\/2018\/05\/gni-1b.jpg","width":768,"height":492},{"@type":"BreadcrumbList","@id":"https:\/\/karatecanada.org\/fr\/personne-de-soutien-benevole-pour-parakarate\/#breadcrumb","itemListElement":[{"@type":"ListItem","position":1,"name":"Home","item":"https:\/\/karatecanada.org\/fr\/"},{"@type":"ListItem","position":2,"name":"PERSONNE DE SOUTIEN B\u00c9N\u00c9VOLE POUR PARAKARAT\u00c9 RECHERCH\u00c9E"}]},{"@type":"WebSite","@id":"https:\/\/karatecanada.org\/fr\/#website","url":"https:\/\/karatecanada.org\/fr\/","name":"Karate Canada","description":"Just another WordPress site","potentialAction":[{"@type":"SearchAction","target":{"@type":"EntryPoint","urlTemplate":"https:\/\/karatecanada.org\/fr\/?s={search_term_string}"},"query-input":{"@type":"PropertyValueSpecification","valueRequired":true,"valueName":"search_term_string"}}],"inLanguage":"fr-FR"},{"@type":"Person","@id":"https:\/\/karatecanada.org\/fr\/#\/schema\/person\/4bf5431dbf9d58396308966e19cd3509","name":"Andrea Mortenson","image":{"@type":"ImageObject","inLanguage":"fr-FR","@id":"https:\/\/secure.gravatar.com\/avatar\/c0fbb2ccf4c18c46c3889bd8919e99cf6ddb6bbda8924ffd8391edcb42b3ae47?s=96&d=mm&r=g","url":"https:\/\/secure.gravatar.com\/avatar\/c0fbb2ccf4c18c46c3889bd8919e99cf6ddb6bbda8924ffd8391edcb42b3ae47?s=96&d=mm&r=g","contentUrl":"https:\/\/secure.gravatar.com\/avatar\/c0fbb2ccf4c18c46c3889bd8919e99cf6ddb6bbda8924ffd8391edcb42b3ae47?s=96&d=mm&r=g","caption":"Andrea Mortenson"},"url":"https:\/\/karatecanada.org\/fr\/author\/andi\/"}]}},"featured_image_src":"https:\/\/karatecanada.org\/wp-content\/uploads\/2018\/05\/gni-1b-768x492.jpg","date_format":"septembre 10, 2021","_links":{"self":[{"href":"https:\/\/karatecanada.org\/fr\/wp-json\/wp\/v2\/posts\/12948","targetHints":{"allow":["GET"]}}],"collection":[{"href":"https:\/\/karatecanada.org\/fr\/wp-json\/wp\/v2\/posts"}],"about":[{"href":"https:\/\/karatecanada.org\/fr\/wp-json\/wp\/v2\/types\/post"}],"author":[{"embeddable":true,"href":"https:\/\/karatecanada.org\/fr\/wp-json\/wp\/v2\/users\/7"}],"replies":[{"embeddable":true,"href":"https:\/\/karatecanada.org\/fr\/wp-json\/wp\/v2\/comments?post=12948"}],"version-history":[{"count":0,"href":"https:\/\/karatecanada.org\/fr\/wp-json\/wp\/v2\/posts\/12948\/revisions"}],"wp:featuredmedia":[{"embeddable":true,"href":"https:\/\/karatecanada.org\/fr\/wp-json\/wp\/v2\/media\/5824"}],"wp:attachment":[{"href":"https:\/\/karatecanada.org\/fr\/wp-json\/wp\/v2\/media?parent=12948"}],"wp:term":[{"taxonomy":"category","embeddable":true,"href":"https:\/\/karatecanada.org\/fr\/wp-json\/wp\/v2\/categories?post=12948"},{"taxonomy":"post_tag","embeddable":true,"href":"https:\/\/karatecanada.org\/fr\/wp-json\/wp\/v2\/tags?post=12948"}],"curies":[{"name":"wp","href":"https:\/\/api.w.org\/{rel}","templated":true}]}}