{"id":12952,"date":"2021-09-16T15:56:28","date_gmt":"2021-09-16T19:56:28","guid":{"rendered":"https:\/\/karatecanada.org\/?p=12952"},"modified":"2021-09-16T15:56:28","modified_gmt":"2021-09-16T19:56:28","slug":"mise-a-jour-epreuves-dequipe-nationale-sr-2021","status":"publish","type":"post","link":"https:\/\/karatecanada.org\/fr\/mise-a-jour-epreuves-dequipe-nationale-sr-2021\/","title":{"rendered":"MISE \u00c0 JOUR &#8211; \u00c9PREUVES D&rsquo;\u00c9QUIPE NATIONALE SR 2021"},"content":{"rendered":"<p>Ch\u00e8res \/ chers ami(e)s karat\u00e9kas,<\/p>\n<p>Le gouvernement de l&rsquo;Alberta a d\u00e9clar\u00e9 hier l&rsquo;\u00e9tat d&rsquo;urgence en mati\u00e8re de sant\u00e9 publique, et a annonc\u00e9 qu&rsquo;il mettait en place des restrictions de sant\u00e9 publique plus strictes \u00e0 l&rsquo;\u00e9chelle de la province, et ce \u00e0 compter d\u2019aujourd\u2019hui (le 16 septembre). Quoique Karat\u00e9 Canada aie d\u00e9j\u00e0 d\u00e9velopp\u00e9 des protocoles robustes d&rsquo;att\u00e9nuation des risques de propagation du COVID-19 en vue des imminentes \u00c9preuves d&rsquo;\u00e9quipe nationale senior 2021, nous sommes pr\u00e9sentement en contact avec les autorit\u00e9s comp\u00e9tentes et examinons de pr\u00e8s l&rsquo;impact que ces mesures et circonstances nouvellement annonc\u00e9es pourraient avoir sur la viabilit\u00e9 de ce tournoi.<\/p>\n<p>Nous informerons notre communaut\u00e9 du d\u00e9nouement de ces d\u00e9marches d\u00e8s que possible, et ce au cours des prochains jours. Soyez assur\u00e9 que, comme toujours, la s\u00e9curit\u00e9, la sant\u00e9 et le bien-\u00eatre de nos participants\u00a0demeurent notre priorit\u00e9 absolue.<\/p>\n<p>Nous vous remercions \u00e0 l&rsquo;avance pour votre patience et votre compr\u00e9hension.<\/p>\n","protected":false},"excerpt":{"rendered":"<p>Ch\u00e8res \/ chers ami(e)s karat\u00e9kas, Le gouvernement de l&rsquo;Alberta a d\u00e9clar\u00e9 hier l&rsquo;\u00e9tat d&rsquo;urgence en mati\u00e8re de sant\u00e9 publique, et a annonc\u00e9 qu&rsquo;il mettait en place des restrictions de sant\u00e9 publique plus strictes \u00e0 l&rsquo;\u00e9chelle de la province, et ce \u00e0 compter d\u2019aujourd\u2019hui (le 16 septembre). Quoique Karat\u00e9 Canada aie d\u00e9j\u00e0 d\u00e9velopp\u00e9 des protocoles robustes [&hellip;]<\/p>\n","protected":false},"author":7,"featured_media":5836,"comment_status":"open","ping_status":"open","sticky":false,"template":"","format":"standard","meta":{"_acf_changed":false,"footnotes":""},"categories":[212],"tags":[],"class_list":["post-12952","post","type-post","status-publish","format-standard","has-post-thumbnail","hentry","category-equipe-nationale"],"acf":[],"yoast_head":"<!-- This site is optimized with the Yoast SEO plugin v27.3 - https:\/\/yoast.com\/product\/yoast-seo-wordpress\/ -->\n<title>MISE \u00c0 JOUR - \u00c9PREUVES D&#039;\u00c9QUIPE NATIONALE SR 2021 - Karate Canada<\/title>\n<meta name=\"robots\" content=\"index, follow, max-snippet:-1, max-image-preview:large, max-video-preview:-1\" \/>\n<link rel=\"canonical\" href=\"https:\/\/karatecanada.org\/fr\/mise-a-jour-epreuves-dequipe-nationale-sr-2021\/\" \/>\n<meta property=\"og:locale\" content=\"fr_FR\" \/>\n<meta property=\"og:type\" content=\"article\" \/>\n<meta property=\"og:title\" content=\"MISE \u00c0 JOUR - \u00c9PREUVES D&#039;\u00c9QUIPE NATIONALE SR 2021 - Karate Canada\" \/>\n<meta property=\"og:description\" content=\"Ch\u00e8res \/ chers ami(e)s karat\u00e9kas, Le gouvernement de l&rsquo;Alberta a d\u00e9clar\u00e9 hier l&rsquo;\u00e9tat d&rsquo;urgence en mati\u00e8re de sant\u00e9 publique, et a annonc\u00e9 qu&rsquo;il mettait en place des restrictions de sant\u00e9 publique plus strictes \u00e0 l&rsquo;\u00e9chelle de la province, et ce \u00e0 compter d\u2019aujourd\u2019hui (le 16 septembre). Quoique Karat\u00e9 Canada aie d\u00e9j\u00e0 d\u00e9velopp\u00e9 des protocoles robustes [&hellip;]\" \/>\n<meta property=\"og:url\" content=\"https:\/\/karatecanada.org\/fr\/mise-a-jour-epreuves-dequipe-nationale-sr-2021\/\" \/>\n<meta property=\"og:site_name\" content=\"Karate Canada\" \/>\n<meta property=\"article:published_time\" content=\"2021-09-16T19:56:28+00:00\" \/>\n<meta property=\"og:image\" content=\"https:\/\/karatecanada.org\/wp-content\/uploads\/2018\/05\/gni-4b.jpg\" \/>\n\t<meta property=\"og:image:width\" content=\"768\" \/>\n\t<meta property=\"og:image:height\" content=\"492\" \/>\n\t<meta property=\"og:image:type\" content=\"image\/jpeg\" \/>\n<meta name=\"author\" content=\"Andrea Mortenson\" \/>\n<meta name=\"twitter:card\" content=\"summary_large_image\" \/>\n<meta name=\"twitter:label1\" content=\"\u00c9crit par\" \/>\n\t<meta name=\"twitter:data1\" content=\"Andrea Mortenson\" \/>\n\t<meta name=\"twitter:label2\" content=\"Dur\u00e9e de lecture estim\u00e9e\" \/>\n\t<meta name=\"twitter:data2\" content=\"1 minute\" \/>\n<script type=\"application\/ld+json\" class=\"yoast-schema-graph\">{\"@context\":\"https:\\\/\\\/schema.org\",\"@graph\":[{\"@type\":\"Article\",\"@id\":\"https:\\\/\\\/karatecanada.org\\\/fr\\\/mise-a-jour-epreuves-dequipe-nationale-sr-2021\\\/#article\",\"isPartOf\":{\"@id\":\"https:\\\/\\\/karatecanada.org\\\/fr\\\/mise-a-jour-epreuves-dequipe-nationale-sr-2021\\\/\"},\"author\":{\"name\":\"Andrea Mortenson\",\"@id\":\"https:\\\/\\\/karatecanada.org\\\/fr\\\/#\\\/schema\\\/person\\\/4bf5431dbf9d58396308966e19cd3509\"},\"headline\":\"MISE \u00c0 JOUR &#8211; \u00c9PREUVES D&rsquo;\u00c9QUIPE NATIONALE SR 2021\",\"datePublished\":\"2021-09-16T19:56:28+00:00\",\"mainEntityOfPage\":{\"@id\":\"https:\\\/\\\/karatecanada.org\\\/fr\\\/mise-a-jour-epreuves-dequipe-nationale-sr-2021\\\/\"},\"wordCount\":182,\"commentCount\":0,\"image\":{\"@id\":\"https:\\\/\\\/karatecanada.org\\\/fr\\\/mise-a-jour-epreuves-dequipe-nationale-sr-2021\\\/#primaryimage\"},\"thumbnailUrl\":\"https:\\\/\\\/karatecanada.org\\\/wp-content\\\/uploads\\\/2018\\\/05\\\/gni-4b.jpg\",\"articleSection\":[\"\u00c9quipe nationale\"],\"inLanguage\":\"fr-FR\",\"potentialAction\":[{\"@type\":\"CommentAction\",\"name\":\"Comment\",\"target\":[\"https:\\\/\\\/karatecanada.org\\\/fr\\\/mise-a-jour-epreuves-dequipe-nationale-sr-2021\\\/#respond\"]}]},{\"@type\":\"WebPage\",\"@id\":\"https:\\\/\\\/karatecanada.org\\\/fr\\\/mise-a-jour-epreuves-dequipe-nationale-sr-2021\\\/\",\"url\":\"https:\\\/\\\/karatecanada.org\\\/fr\\\/mise-a-jour-epreuves-dequipe-nationale-sr-2021\\\/\",\"name\":\"MISE \u00c0 JOUR - \u00c9PREUVES D'\u00c9QUIPE NATIONALE SR 2021 - Karate Canada\",\"isPartOf\":{\"@id\":\"https:\\\/\\\/karatecanada.org\\\/fr\\\/#website\"},\"primaryImageOfPage\":{\"@id\":\"https:\\\/\\\/karatecanada.org\\\/fr\\\/mise-a-jour-epreuves-dequipe-nationale-sr-2021\\\/#primaryimage\"},\"image\":{\"@id\":\"https:\\\/\\\/karatecanada.org\\\/fr\\\/mise-a-jour-epreuves-dequipe-nationale-sr-2021\\\/#primaryimage\"},\"thumbnailUrl\":\"https:\\\/\\\/karatecanada.org\\\/wp-content\\\/uploads\\\/2018\\\/05\\\/gni-4b.jpg\",\"datePublished\":\"2021-09-16T19:56:28+00:00\",\"author\":{\"@id\":\"https:\\\/\\\/karatecanada.org\\\/fr\\\/#\\\/schema\\\/person\\\/4bf5431dbf9d58396308966e19cd3509\"},\"breadcrumb\":{\"@id\":\"https:\\\/\\\/karatecanada.org\\\/fr\\\/mise-a-jour-epreuves-dequipe-nationale-sr-2021\\\/#breadcrumb\"},\"inLanguage\":\"fr-FR\",\"potentialAction\":[{\"@type\":\"ReadAction\",\"target\":[\"https:\\\/\\\/karatecanada.org\\\/fr\\\/mise-a-jour-epreuves-dequipe-nationale-sr-2021\\\/\"]}]},{\"@type\":\"ImageObject\",\"inLanguage\":\"fr-FR\",\"@id\":\"https:\\\/\\\/karatecanada.org\\\/fr\\\/mise-a-jour-epreuves-dequipe-nationale-sr-2021\\\/#primaryimage\",\"url\":\"https:\\\/\\\/karatecanada.org\\\/wp-content\\\/uploads\\\/2018\\\/05\\\/gni-4b.jpg\",\"contentUrl\":\"https:\\\/\\\/karatecanada.org\\\/wp-content\\\/uploads\\\/2018\\\/05\\\/gni-4b.jpg\",\"width\":768,\"height\":492},{\"@type\":\"BreadcrumbList\",\"@id\":\"https:\\\/\\\/karatecanada.org\\\/fr\\\/mise-a-jour-epreuves-dequipe-nationale-sr-2021\\\/#breadcrumb\",\"itemListElement\":[{\"@type\":\"ListItem\",\"position\":1,\"name\":\"Home\",\"item\":\"https:\\\/\\\/karatecanada.org\\\/fr\\\/\"},{\"@type\":\"ListItem\",\"position\":2,\"name\":\"MISE \u00c0 JOUR &#8211; \u00c9PREUVES D&rsquo;\u00c9QUIPE NATIONALE SR 2021\"}]},{\"@type\":\"WebSite\",\"@id\":\"https:\\\/\\\/karatecanada.org\\\/fr\\\/#website\",\"url\":\"https:\\\/\\\/karatecanada.org\\\/fr\\\/\",\"name\":\"Karate Canada\",\"description\":\"Just another WordPress site\",\"potentialAction\":[{\"@type\":\"SearchAction\",\"target\":{\"@type\":\"EntryPoint\",\"urlTemplate\":\"https:\\\/\\\/karatecanada.org\\\/fr\\\/?s={search_term_string}\"},\"query-input\":{\"@type\":\"PropertyValueSpecification\",\"valueRequired\":true,\"valueName\":\"search_term_string\"}}],\"inLanguage\":\"fr-FR\"},{\"@type\":\"Person\",\"@id\":\"https:\\\/\\\/karatecanada.org\\\/fr\\\/#\\\/schema\\\/person\\\/4bf5431dbf9d58396308966e19cd3509\",\"name\":\"Andrea Mortenson\",\"image\":{\"@type\":\"ImageObject\",\"inLanguage\":\"fr-FR\",\"@id\":\"https:\\\/\\\/secure.gravatar.com\\\/avatar\\\/c0fbb2ccf4c18c46c3889bd8919e99cf6ddb6bbda8924ffd8391edcb42b3ae47?s=96&d=mm&r=g\",\"url\":\"https:\\\/\\\/secure.gravatar.com\\\/avatar\\\/c0fbb2ccf4c18c46c3889bd8919e99cf6ddb6bbda8924ffd8391edcb42b3ae47?s=96&d=mm&r=g\",\"contentUrl\":\"https:\\\/\\\/secure.gravatar.com\\\/avatar\\\/c0fbb2ccf4c18c46c3889bd8919e99cf6ddb6bbda8924ffd8391edcb42b3ae47?s=96&d=mm&r=g\",\"caption\":\"Andrea Mortenson\"},\"url\":\"https:\\\/\\\/karatecanada.org\\\/fr\\\/author\\\/andi\\\/\"}]}<\/script>\n<!-- \/ Yoast SEO plugin. -->","yoast_head_json":{"title":"MISE \u00c0 JOUR - \u00c9PREUVES D'\u00c9QUIPE NATIONALE SR 2021 - Karate Canada","robots":{"index":"index","follow":"follow","max-snippet":"max-snippet:-1","max-image-preview":"max-image-preview:large","max-video-preview":"max-video-preview:-1"},"canonical":"https:\/\/karatecanada.org\/fr\/mise-a-jour-epreuves-dequipe-nationale-sr-2021\/","og_locale":"fr_FR","og_type":"article","og_title":"MISE \u00c0 JOUR - \u00c9PREUVES D'\u00c9QUIPE NATIONALE SR 2021 - Karate Canada","og_description":"Ch\u00e8res \/ chers ami(e)s karat\u00e9kas, Le gouvernement de l&rsquo;Alberta a d\u00e9clar\u00e9 hier l&rsquo;\u00e9tat d&rsquo;urgence en mati\u00e8re de sant\u00e9 publique, et a annonc\u00e9 qu&rsquo;il mettait en place des restrictions de sant\u00e9 publique plus strictes \u00e0 l&rsquo;\u00e9chelle de la province, et ce \u00e0 compter d\u2019aujourd\u2019hui (le 16 septembre). Quoique Karat\u00e9 Canada aie d\u00e9j\u00e0 d\u00e9velopp\u00e9 des protocoles robustes [&hellip;]","og_url":"https:\/\/karatecanada.org\/fr\/mise-a-jour-epreuves-dequipe-nationale-sr-2021\/","og_site_name":"Karate Canada","article_published_time":"2021-09-16T19:56:28+00:00","og_image":[{"width":768,"height":492,"url":"https:\/\/karatecanada.org\/wp-content\/uploads\/2018\/05\/gni-4b.jpg","type":"image\/jpeg"}],"author":"Andrea Mortenson","twitter_card":"summary_large_image","twitter_misc":{"\u00c9crit par":"Andrea Mortenson","Dur\u00e9e de lecture estim\u00e9e":"1 minute"},"schema":{"@context":"https:\/\/schema.org","@graph":[{"@type":"Article","@id":"https:\/\/karatecanada.org\/fr\/mise-a-jour-epreuves-dequipe-nationale-sr-2021\/#article","isPartOf":{"@id":"https:\/\/karatecanada.org\/fr\/mise-a-jour-epreuves-dequipe-nationale-sr-2021\/"},"author":{"name":"Andrea Mortenson","@id":"https:\/\/karatecanada.org\/fr\/#\/schema\/person\/4bf5431dbf9d58396308966e19cd3509"},"headline":"MISE \u00c0 JOUR &#8211; \u00c9PREUVES D&rsquo;\u00c9QUIPE NATIONALE SR 2021","datePublished":"2021-09-16T19:56:28+00:00","mainEntityOfPage":{"@id":"https:\/\/karatecanada.org\/fr\/mise-a-jour-epreuves-dequipe-nationale-sr-2021\/"},"wordCount":182,"commentCount":0,"image":{"@id":"https:\/\/karatecanada.org\/fr\/mise-a-jour-epreuves-dequipe-nationale-sr-2021\/#primaryimage"},"thumbnailUrl":"https:\/\/karatecanada.org\/wp-content\/uploads\/2018\/05\/gni-4b.jpg","articleSection":["\u00c9quipe nationale"],"inLanguage":"fr-FR","potentialAction":[{"@type":"CommentAction","name":"Comment","target":["https:\/\/karatecanada.org\/fr\/mise-a-jour-epreuves-dequipe-nationale-sr-2021\/#respond"]}]},{"@type":"WebPage","@id":"https:\/\/karatecanada.org\/fr\/mise-a-jour-epreuves-dequipe-nationale-sr-2021\/","url":"https:\/\/karatecanada.org\/fr\/mise-a-jour-epreuves-dequipe-nationale-sr-2021\/","name":"MISE \u00c0 JOUR - \u00c9PREUVES D'\u00c9QUIPE NATIONALE SR 2021 - Karate Canada","isPartOf":{"@id":"https:\/\/karatecanada.org\/fr\/#website"},"primaryImageOfPage":{"@id":"https:\/\/karatecanada.org\/fr\/mise-a-jour-epreuves-dequipe-nationale-sr-2021\/#primaryimage"},"image":{"@id":"https:\/\/karatecanada.org\/fr\/mise-a-jour-epreuves-dequipe-nationale-sr-2021\/#primaryimage"},"thumbnailUrl":"https:\/\/karatecanada.org\/wp-content\/uploads\/2018\/05\/gni-4b.jpg","datePublished":"2021-09-16T19:56:28+00:00","author":{"@id":"https:\/\/karatecanada.org\/fr\/#\/schema\/person\/4bf5431dbf9d58396308966e19cd3509"},"breadcrumb":{"@id":"https:\/\/karatecanada.org\/fr\/mise-a-jour-epreuves-dequipe-nationale-sr-2021\/#breadcrumb"},"inLanguage":"fr-FR","potentialAction":[{"@type":"ReadAction","target":["https:\/\/karatecanada.org\/fr\/mise-a-jour-epreuves-dequipe-nationale-sr-2021\/"]}]},{"@type":"ImageObject","inLanguage":"fr-FR","@id":"https:\/\/karatecanada.org\/fr\/mise-a-jour-epreuves-dequipe-nationale-sr-2021\/#primaryimage","url":"https:\/\/karatecanada.org\/wp-content\/uploads\/2018\/05\/gni-4b.jpg","contentUrl":"https:\/\/karatecanada.org\/wp-content\/uploads\/2018\/05\/gni-4b.jpg","width":768,"height":492},{"@type":"BreadcrumbList","@id":"https:\/\/karatecanada.org\/fr\/mise-a-jour-epreuves-dequipe-nationale-sr-2021\/#breadcrumb","itemListElement":[{"@type":"ListItem","position":1,"name":"Home","item":"https:\/\/karatecanada.org\/fr\/"},{"@type":"ListItem","position":2,"name":"MISE \u00c0 JOUR &#8211; \u00c9PREUVES D&rsquo;\u00c9QUIPE NATIONALE SR 2021"}]},{"@type":"WebSite","@id":"https:\/\/karatecanada.org\/fr\/#website","url":"https:\/\/karatecanada.org\/fr\/","name":"Karate Canada","description":"Just another WordPress site","potentialAction":[{"@type":"SearchAction","target":{"@type":"EntryPoint","urlTemplate":"https:\/\/karatecanada.org\/fr\/?s={search_term_string}"},"query-input":{"@type":"PropertyValueSpecification","valueRequired":true,"valueName":"search_term_string"}}],"inLanguage":"fr-FR"},{"@type":"Person","@id":"https:\/\/karatecanada.org\/fr\/#\/schema\/person\/4bf5431dbf9d58396308966e19cd3509","name":"Andrea Mortenson","image":{"@type":"ImageObject","inLanguage":"fr-FR","@id":"https:\/\/secure.gravatar.com\/avatar\/c0fbb2ccf4c18c46c3889bd8919e99cf6ddb6bbda8924ffd8391edcb42b3ae47?s=96&d=mm&r=g","url":"https:\/\/secure.gravatar.com\/avatar\/c0fbb2ccf4c18c46c3889bd8919e99cf6ddb6bbda8924ffd8391edcb42b3ae47?s=96&d=mm&r=g","contentUrl":"https:\/\/secure.gravatar.com\/avatar\/c0fbb2ccf4c18c46c3889bd8919e99cf6ddb6bbda8924ffd8391edcb42b3ae47?s=96&d=mm&r=g","caption":"Andrea Mortenson"},"url":"https:\/\/karatecanada.org\/fr\/author\/andi\/"}]}},"featured_image_src":"https:\/\/karatecanada.org\/wp-content\/uploads\/2018\/05\/gni-4b-768x492.jpg","date_format":"septembre 16, 2021","_links":{"self":[{"href":"https:\/\/karatecanada.org\/fr\/wp-json\/wp\/v2\/posts\/12952","targetHints":{"allow":["GET"]}}],"collection":[{"href":"https:\/\/karatecanada.org\/fr\/wp-json\/wp\/v2\/posts"}],"about":[{"href":"https:\/\/karatecanada.org\/fr\/wp-json\/wp\/v2\/types\/post"}],"author":[{"embeddable":true,"href":"https:\/\/karatecanada.org\/fr\/wp-json\/wp\/v2\/users\/7"}],"replies":[{"embeddable":true,"href":"https:\/\/karatecanada.org\/fr\/wp-json\/wp\/v2\/comments?post=12952"}],"version-history":[{"count":0,"href":"https:\/\/karatecanada.org\/fr\/wp-json\/wp\/v2\/posts\/12952\/revisions"}],"wp:featuredmedia":[{"embeddable":true,"href":"https:\/\/karatecanada.org\/fr\/wp-json\/wp\/v2\/media\/5836"}],"wp:attachment":[{"href":"https:\/\/karatecanada.org\/fr\/wp-json\/wp\/v2\/media?parent=12952"}],"wp:term":[{"taxonomy":"category","embeddable":true,"href":"https:\/\/karatecanada.org\/fr\/wp-json\/wp\/v2\/categories?post=12952"},{"taxonomy":"post_tag","embeddable":true,"href":"https:\/\/karatecanada.org\/fr\/wp-json\/wp\/v2\/tags?post=12952"}],"curies":[{"name":"wp","href":"https:\/\/api.w.org\/{rel}","templated":true}]}}