{"id":13002,"date":"2021-10-08T16:33:37","date_gmt":"2021-10-08T20:33:37","guid":{"rendered":"https:\/\/karatecanada.org\/?p=13002"},"modified":"2021-10-08T16:33:37","modified_gmt":"2021-10-08T20:33:37","slug":"lequipe-sera-en-uruguay-pour-le-championnat-panamericain-senior","status":"publish","type":"post","link":"https:\/\/karatecanada.org\/fr\/lequipe-sera-en-uruguay-pour-le-championnat-panamericain-senior\/","title":{"rendered":"L&rsquo;\u00c9QUIPE SERA EN URUGUAY POUR LE CHAMPIONNAT PANAM\u00c9RICAIN SENIOR"},"content":{"rendered":"<p>Les membres de l&rsquo;\u00e9quipe nationale canadienne ont \u00e9t\u00e9 s\u00e9lectionn\u00e9s pour participer au <a href=\"https:\/\/www.sportdata.org\/wkf\/set-online\/veranstaltung_info_main.php?active_menu=calendar&amp;vernr=549#a_eventhead\" target=\"_blank\" rel=\"noopener\">Championnat panam\u00e9ricain de karat\u00e9 senior 2021<\/a>, qui aura lieu \u00e0 Punta Del Este, en Uruguay. La comp\u00e9tition se d\u00e9roulera du 18 au 25 octobre, r\u00e9unissant plus de 260 athl\u00e8tes de 19 pays diff\u00e9rents. Karat\u00e9 Canada sera repr\u00e9sent\u00e9e par un total de 16 athl\u00e8tes. (Pour voir l&rsquo;ensemble de la d\u00e9l\u00e9gation, <a href=\"https:\/\/karatecanada.org\/wp-content\/uploads\/2021\/10\/2021-Senior-PKF-Championships_Team-List.pdf\" target=\"_blank\" rel=\"noopener\">cliquez ici<\/a>.) L&rsquo;\u00e9quipe sera soutenue par les entra\u00eeneurs de l&rsquo;\u00e9quipe nationale, le personnel de soutien para-m\u00e9dical, une personne de soutien en para-karat\u00e9, et le pr\u00e9sident de Karat\u00e9 Canada M. Craig Vokey. La d\u00e9l\u00e9gation canadienne comprend \u00e9galement cinq officiels internationaux.<\/p>\n<p>Bonne chance \u00e0 tous nos comp\u00e9titeurs et entra\u00eeneurs! Les mises \u00e0 jour et les r\u00e9sultats seront publi\u00e9s sur <a href=\"https:\/\/www.facebook.com\/karatecanadaofficial\/\">notre page Facebook.<\/a><\/p>\n","protected":false},"excerpt":{"rendered":"<p>Les membres de l&rsquo;\u00e9quipe nationale canadienne ont \u00e9t\u00e9 s\u00e9lectionn\u00e9s pour participer au Championnat panam\u00e9ricain de karat\u00e9 senior 2021, qui aura lieu \u00e0 Punta Del Este, en Uruguay. La comp\u00e9tition se d\u00e9roulera du 18 au 25 octobre, r\u00e9unissant plus de 260 athl\u00e8tes de 19 pays diff\u00e9rents. Karat\u00e9 Canada sera repr\u00e9sent\u00e9e par un total de 16 athl\u00e8tes. [&hellip;]<\/p>\n","protected":false},"author":22,"featured_media":12992,"comment_status":"open","ping_status":"open","sticky":false,"template":"","format":"standard","meta":{"_acf_changed":false,"footnotes":""},"categories":[],"tags":[],"class_list":["post-13002","post","type-post","status-publish","format-standard","has-post-thumbnail","hentry"],"acf":[],"yoast_head":"<!-- This site is optimized with the Yoast SEO plugin v27.3 - https:\/\/yoast.com\/product\/yoast-seo-wordpress\/ -->\n<title>L&#039;\u00c9QUIPE SERA EN URUGUAY POUR LE CHAMPIONNAT PANAM\u00c9RICAIN SENIOR - Karate Canada<\/title>\n<meta name=\"robots\" content=\"index, follow, max-snippet:-1, max-image-preview:large, max-video-preview:-1\" \/>\n<link rel=\"canonical\" href=\"https:\/\/karatecanada.org\/fr\/lequipe-sera-en-uruguay-pour-le-championnat-panamericain-senior\/\" \/>\n<meta property=\"og:locale\" content=\"fr_FR\" \/>\n<meta property=\"og:type\" content=\"article\" \/>\n<meta property=\"og:title\" content=\"L&#039;\u00c9QUIPE SERA EN URUGUAY POUR LE CHAMPIONNAT PANAM\u00c9RICAIN SENIOR - Karate Canada\" \/>\n<meta property=\"og:description\" content=\"Les membres de l&rsquo;\u00e9quipe nationale canadienne ont \u00e9t\u00e9 s\u00e9lectionn\u00e9s pour participer au Championnat panam\u00e9ricain de karat\u00e9 senior 2021, qui aura lieu \u00e0 Punta Del Este, en Uruguay. La comp\u00e9tition se d\u00e9roulera du 18 au 25 octobre, r\u00e9unissant plus de 260 athl\u00e8tes de 19 pays diff\u00e9rents. Karat\u00e9 Canada sera repr\u00e9sent\u00e9e par un total de 16 athl\u00e8tes. [&hellip;]\" \/>\n<meta property=\"og:url\" content=\"https:\/\/karatecanada.org\/fr\/lequipe-sera-en-uruguay-pour-le-championnat-panamericain-senior\/\" \/>\n<meta property=\"og:site_name\" content=\"Karate Canada\" \/>\n<meta property=\"article:published_time\" content=\"2021-10-08T20:33:37+00:00\" \/>\n<meta property=\"og:image\" content=\"https:\/\/karatecanada.org\/wp-content\/uploads\/2021\/10\/SrPanAms2021.png\" \/>\n\t<meta property=\"og:image:width\" content=\"768\" \/>\n\t<meta property=\"og:image:height\" content=\"484\" \/>\n\t<meta property=\"og:image:type\" content=\"image\/png\" \/>\n<meta name=\"author\" content=\"Chris Bright\" \/>\n<meta name=\"twitter:card\" content=\"summary_large_image\" \/>\n<meta name=\"twitter:label1\" content=\"\u00c9crit par\" \/>\n\t<meta name=\"twitter:data1\" content=\"Chris Bright\" \/>\n\t<meta name=\"twitter:label2\" content=\"Dur\u00e9e de lecture estim\u00e9e\" \/>\n\t<meta name=\"twitter:data2\" content=\"1 minute\" \/>\n<script type=\"application\/ld+json\" class=\"yoast-schema-graph\">{\"@context\":\"https:\\\/\\\/schema.org\",\"@graph\":[{\"@type\":\"Article\",\"@id\":\"https:\\\/\\\/karatecanada.org\\\/fr\\\/lequipe-sera-en-uruguay-pour-le-championnat-panamericain-senior\\\/#article\",\"isPartOf\":{\"@id\":\"https:\\\/\\\/karatecanada.org\\\/fr\\\/lequipe-sera-en-uruguay-pour-le-championnat-panamericain-senior\\\/\"},\"author\":{\"name\":\"Chris Bright\",\"@id\":\"https:\\\/\\\/karatecanada.org\\\/fr\\\/#\\\/schema\\\/person\\\/eb636e7711258964a6b1475611fe6d97\"},\"headline\":\"L&rsquo;\u00c9QUIPE SERA EN URUGUAY POUR LE CHAMPIONNAT PANAM\u00c9RICAIN SENIOR\",\"datePublished\":\"2021-10-08T20:33:37+00:00\",\"mainEntityOfPage\":{\"@id\":\"https:\\\/\\\/karatecanada.org\\\/fr\\\/lequipe-sera-en-uruguay-pour-le-championnat-panamericain-senior\\\/\"},\"wordCount\":149,\"commentCount\":0,\"image\":{\"@id\":\"https:\\\/\\\/karatecanada.org\\\/fr\\\/lequipe-sera-en-uruguay-pour-le-championnat-panamericain-senior\\\/#primaryimage\"},\"thumbnailUrl\":\"https:\\\/\\\/karatecanada.org\\\/wp-content\\\/uploads\\\/2021\\\/10\\\/SrPanAms2021.png\",\"inLanguage\":\"fr-FR\",\"potentialAction\":[{\"@type\":\"CommentAction\",\"name\":\"Comment\",\"target\":[\"https:\\\/\\\/karatecanada.org\\\/fr\\\/lequipe-sera-en-uruguay-pour-le-championnat-panamericain-senior\\\/#respond\"]}]},{\"@type\":\"WebPage\",\"@id\":\"https:\\\/\\\/karatecanada.org\\\/fr\\\/lequipe-sera-en-uruguay-pour-le-championnat-panamericain-senior\\\/\",\"url\":\"https:\\\/\\\/karatecanada.org\\\/fr\\\/lequipe-sera-en-uruguay-pour-le-championnat-panamericain-senior\\\/\",\"name\":\"L'\u00c9QUIPE SERA EN URUGUAY POUR LE CHAMPIONNAT PANAM\u00c9RICAIN SENIOR - Karate Canada\",\"isPartOf\":{\"@id\":\"https:\\\/\\\/karatecanada.org\\\/fr\\\/#website\"},\"primaryImageOfPage\":{\"@id\":\"https:\\\/\\\/karatecanada.org\\\/fr\\\/lequipe-sera-en-uruguay-pour-le-championnat-panamericain-senior\\\/#primaryimage\"},\"image\":{\"@id\":\"https:\\\/\\\/karatecanada.org\\\/fr\\\/lequipe-sera-en-uruguay-pour-le-championnat-panamericain-senior\\\/#primaryimage\"},\"thumbnailUrl\":\"https:\\\/\\\/karatecanada.org\\\/wp-content\\\/uploads\\\/2021\\\/10\\\/SrPanAms2021.png\",\"datePublished\":\"2021-10-08T20:33:37+00:00\",\"author\":{\"@id\":\"https:\\\/\\\/karatecanada.org\\\/fr\\\/#\\\/schema\\\/person\\\/eb636e7711258964a6b1475611fe6d97\"},\"breadcrumb\":{\"@id\":\"https:\\\/\\\/karatecanada.org\\\/fr\\\/lequipe-sera-en-uruguay-pour-le-championnat-panamericain-senior\\\/#breadcrumb\"},\"inLanguage\":\"fr-FR\",\"potentialAction\":[{\"@type\":\"ReadAction\",\"target\":[\"https:\\\/\\\/karatecanada.org\\\/fr\\\/lequipe-sera-en-uruguay-pour-le-championnat-panamericain-senior\\\/\"]}]},{\"@type\":\"ImageObject\",\"inLanguage\":\"fr-FR\",\"@id\":\"https:\\\/\\\/karatecanada.org\\\/fr\\\/lequipe-sera-en-uruguay-pour-le-championnat-panamericain-senior\\\/#primaryimage\",\"url\":\"https:\\\/\\\/karatecanada.org\\\/wp-content\\\/uploads\\\/2021\\\/10\\\/SrPanAms2021.png\",\"contentUrl\":\"https:\\\/\\\/karatecanada.org\\\/wp-content\\\/uploads\\\/2021\\\/10\\\/SrPanAms2021.png\",\"width\":768,\"height\":484},{\"@type\":\"BreadcrumbList\",\"@id\":\"https:\\\/\\\/karatecanada.org\\\/fr\\\/lequipe-sera-en-uruguay-pour-le-championnat-panamericain-senior\\\/#breadcrumb\",\"itemListElement\":[{\"@type\":\"ListItem\",\"position\":1,\"name\":\"Home\",\"item\":\"https:\\\/\\\/karatecanada.org\\\/fr\\\/\"},{\"@type\":\"ListItem\",\"position\":2,\"name\":\"L&rsquo;\u00c9QUIPE SERA EN URUGUAY POUR LE CHAMPIONNAT PANAM\u00c9RICAIN SENIOR\"}]},{\"@type\":\"WebSite\",\"@id\":\"https:\\\/\\\/karatecanada.org\\\/fr\\\/#website\",\"url\":\"https:\\\/\\\/karatecanada.org\\\/fr\\\/\",\"name\":\"Karate Canada\",\"description\":\"Just another WordPress site\",\"potentialAction\":[{\"@type\":\"SearchAction\",\"target\":{\"@type\":\"EntryPoint\",\"urlTemplate\":\"https:\\\/\\\/karatecanada.org\\\/fr\\\/?s={search_term_string}\"},\"query-input\":{\"@type\":\"PropertyValueSpecification\",\"valueRequired\":true,\"valueName\":\"search_term_string\"}}],\"inLanguage\":\"fr-FR\"},{\"@type\":\"Person\",\"@id\":\"https:\\\/\\\/karatecanada.org\\\/fr\\\/#\\\/schema\\\/person\\\/eb636e7711258964a6b1475611fe6d97\",\"name\":\"Chris Bright\",\"image\":{\"@type\":\"ImageObject\",\"inLanguage\":\"fr-FR\",\"@id\":\"https:\\\/\\\/secure.gravatar.com\\\/avatar\\\/e898e586115870aacdd4e71a6879dd8c8ac28ee3225c89f3a618d6530816dedb?s=96&d=mm&r=g\",\"url\":\"https:\\\/\\\/secure.gravatar.com\\\/avatar\\\/e898e586115870aacdd4e71a6879dd8c8ac28ee3225c89f3a618d6530816dedb?s=96&d=mm&r=g\",\"contentUrl\":\"https:\\\/\\\/secure.gravatar.com\\\/avatar\\\/e898e586115870aacdd4e71a6879dd8c8ac28ee3225c89f3a618d6530816dedb?s=96&d=mm&r=g\",\"caption\":\"Chris Bright\"},\"url\":\"https:\\\/\\\/karatecanada.org\\\/fr\\\/author\\\/chrisbright\\\/\"}]}<\/script>\n<!-- \/ Yoast SEO plugin. -->","yoast_head_json":{"title":"L'\u00c9QUIPE SERA EN URUGUAY POUR LE CHAMPIONNAT PANAM\u00c9RICAIN SENIOR - Karate Canada","robots":{"index":"index","follow":"follow","max-snippet":"max-snippet:-1","max-image-preview":"max-image-preview:large","max-video-preview":"max-video-preview:-1"},"canonical":"https:\/\/karatecanada.org\/fr\/lequipe-sera-en-uruguay-pour-le-championnat-panamericain-senior\/","og_locale":"fr_FR","og_type":"article","og_title":"L'\u00c9QUIPE SERA EN URUGUAY POUR LE CHAMPIONNAT PANAM\u00c9RICAIN SENIOR - Karate Canada","og_description":"Les membres de l&rsquo;\u00e9quipe nationale canadienne ont \u00e9t\u00e9 s\u00e9lectionn\u00e9s pour participer au Championnat panam\u00e9ricain de karat\u00e9 senior 2021, qui aura lieu \u00e0 Punta Del Este, en Uruguay. La comp\u00e9tition se d\u00e9roulera du 18 au 25 octobre, r\u00e9unissant plus de 260 athl\u00e8tes de 19 pays diff\u00e9rents. Karat\u00e9 Canada sera repr\u00e9sent\u00e9e par un total de 16 athl\u00e8tes. [&hellip;]","og_url":"https:\/\/karatecanada.org\/fr\/lequipe-sera-en-uruguay-pour-le-championnat-panamericain-senior\/","og_site_name":"Karate Canada","article_published_time":"2021-10-08T20:33:37+00:00","og_image":[{"width":768,"height":484,"url":"https:\/\/karatecanada.org\/wp-content\/uploads\/2021\/10\/SrPanAms2021.png","type":"image\/png"}],"author":"Chris Bright","twitter_card":"summary_large_image","twitter_misc":{"\u00c9crit par":"Chris Bright","Dur\u00e9e de lecture estim\u00e9e":"1 minute"},"schema":{"@context":"https:\/\/schema.org","@graph":[{"@type":"Article","@id":"https:\/\/karatecanada.org\/fr\/lequipe-sera-en-uruguay-pour-le-championnat-panamericain-senior\/#article","isPartOf":{"@id":"https:\/\/karatecanada.org\/fr\/lequipe-sera-en-uruguay-pour-le-championnat-panamericain-senior\/"},"author":{"name":"Chris Bright","@id":"https:\/\/karatecanada.org\/fr\/#\/schema\/person\/eb636e7711258964a6b1475611fe6d97"},"headline":"L&rsquo;\u00c9QUIPE SERA EN URUGUAY POUR LE CHAMPIONNAT PANAM\u00c9RICAIN SENIOR","datePublished":"2021-10-08T20:33:37+00:00","mainEntityOfPage":{"@id":"https:\/\/karatecanada.org\/fr\/lequipe-sera-en-uruguay-pour-le-championnat-panamericain-senior\/"},"wordCount":149,"commentCount":0,"image":{"@id":"https:\/\/karatecanada.org\/fr\/lequipe-sera-en-uruguay-pour-le-championnat-panamericain-senior\/#primaryimage"},"thumbnailUrl":"https:\/\/karatecanada.org\/wp-content\/uploads\/2021\/10\/SrPanAms2021.png","inLanguage":"fr-FR","potentialAction":[{"@type":"CommentAction","name":"Comment","target":["https:\/\/karatecanada.org\/fr\/lequipe-sera-en-uruguay-pour-le-championnat-panamericain-senior\/#respond"]}]},{"@type":"WebPage","@id":"https:\/\/karatecanada.org\/fr\/lequipe-sera-en-uruguay-pour-le-championnat-panamericain-senior\/","url":"https:\/\/karatecanada.org\/fr\/lequipe-sera-en-uruguay-pour-le-championnat-panamericain-senior\/","name":"L'\u00c9QUIPE SERA EN URUGUAY POUR LE CHAMPIONNAT PANAM\u00c9RICAIN SENIOR - Karate Canada","isPartOf":{"@id":"https:\/\/karatecanada.org\/fr\/#website"},"primaryImageOfPage":{"@id":"https:\/\/karatecanada.org\/fr\/lequipe-sera-en-uruguay-pour-le-championnat-panamericain-senior\/#primaryimage"},"image":{"@id":"https:\/\/karatecanada.org\/fr\/lequipe-sera-en-uruguay-pour-le-championnat-panamericain-senior\/#primaryimage"},"thumbnailUrl":"https:\/\/karatecanada.org\/wp-content\/uploads\/2021\/10\/SrPanAms2021.png","datePublished":"2021-10-08T20:33:37+00:00","author":{"@id":"https:\/\/karatecanada.org\/fr\/#\/schema\/person\/eb636e7711258964a6b1475611fe6d97"},"breadcrumb":{"@id":"https:\/\/karatecanada.org\/fr\/lequipe-sera-en-uruguay-pour-le-championnat-panamericain-senior\/#breadcrumb"},"inLanguage":"fr-FR","potentialAction":[{"@type":"ReadAction","target":["https:\/\/karatecanada.org\/fr\/lequipe-sera-en-uruguay-pour-le-championnat-panamericain-senior\/"]}]},{"@type":"ImageObject","inLanguage":"fr-FR","@id":"https:\/\/karatecanada.org\/fr\/lequipe-sera-en-uruguay-pour-le-championnat-panamericain-senior\/#primaryimage","url":"https:\/\/karatecanada.org\/wp-content\/uploads\/2021\/10\/SrPanAms2021.png","contentUrl":"https:\/\/karatecanada.org\/wp-content\/uploads\/2021\/10\/SrPanAms2021.png","width":768,"height":484},{"@type":"BreadcrumbList","@id":"https:\/\/karatecanada.org\/fr\/lequipe-sera-en-uruguay-pour-le-championnat-panamericain-senior\/#breadcrumb","itemListElement":[{"@type":"ListItem","position":1,"name":"Home","item":"https:\/\/karatecanada.org\/fr\/"},{"@type":"ListItem","position":2,"name":"L&rsquo;\u00c9QUIPE SERA EN URUGUAY POUR LE CHAMPIONNAT PANAM\u00c9RICAIN SENIOR"}]},{"@type":"WebSite","@id":"https:\/\/karatecanada.org\/fr\/#website","url":"https:\/\/karatecanada.org\/fr\/","name":"Karate Canada","description":"Just another WordPress site","potentialAction":[{"@type":"SearchAction","target":{"@type":"EntryPoint","urlTemplate":"https:\/\/karatecanada.org\/fr\/?s={search_term_string}"},"query-input":{"@type":"PropertyValueSpecification","valueRequired":true,"valueName":"search_term_string"}}],"inLanguage":"fr-FR"},{"@type":"Person","@id":"https:\/\/karatecanada.org\/fr\/#\/schema\/person\/eb636e7711258964a6b1475611fe6d97","name":"Chris Bright","image":{"@type":"ImageObject","inLanguage":"fr-FR","@id":"https:\/\/secure.gravatar.com\/avatar\/e898e586115870aacdd4e71a6879dd8c8ac28ee3225c89f3a618d6530816dedb?s=96&d=mm&r=g","url":"https:\/\/secure.gravatar.com\/avatar\/e898e586115870aacdd4e71a6879dd8c8ac28ee3225c89f3a618d6530816dedb?s=96&d=mm&r=g","contentUrl":"https:\/\/secure.gravatar.com\/avatar\/e898e586115870aacdd4e71a6879dd8c8ac28ee3225c89f3a618d6530816dedb?s=96&d=mm&r=g","caption":"Chris Bright"},"url":"https:\/\/karatecanada.org\/fr\/author\/chrisbright\/"}]}},"featured_image_src":"https:\/\/karatecanada.org\/wp-content\/uploads\/2021\/10\/SrPanAms2021.png","date_format":"octobre 08, 2021","_links":{"self":[{"href":"https:\/\/karatecanada.org\/fr\/wp-json\/wp\/v2\/posts\/13002","targetHints":{"allow":["GET"]}}],"collection":[{"href":"https:\/\/karatecanada.org\/fr\/wp-json\/wp\/v2\/posts"}],"about":[{"href":"https:\/\/karatecanada.org\/fr\/wp-json\/wp\/v2\/types\/post"}],"author":[{"embeddable":true,"href":"https:\/\/karatecanada.org\/fr\/wp-json\/wp\/v2\/users\/22"}],"replies":[{"embeddable":true,"href":"https:\/\/karatecanada.org\/fr\/wp-json\/wp\/v2\/comments?post=13002"}],"version-history":[{"count":0,"href":"https:\/\/karatecanada.org\/fr\/wp-json\/wp\/v2\/posts\/13002\/revisions"}],"wp:featuredmedia":[{"embeddable":true,"href":"https:\/\/karatecanada.org\/fr\/wp-json\/wp\/v2\/media\/12992"}],"wp:attachment":[{"href":"https:\/\/karatecanada.org\/fr\/wp-json\/wp\/v2\/media?parent=13002"}],"wp:term":[{"taxonomy":"category","embeddable":true,"href":"https:\/\/karatecanada.org\/fr\/wp-json\/wp\/v2\/categories?post=13002"},{"taxonomy":"post_tag","embeddable":true,"href":"https:\/\/karatecanada.org\/fr\/wp-json\/wp\/v2\/tags?post=13002"}],"curies":[{"name":"wp","href":"https:\/\/api.w.org\/{rel}","templated":true}]}}