{"id":13321,"date":"2022-03-16T13:17:07","date_gmt":"2022-03-16T17:17:07","guid":{"rendered":"https:\/\/karatecanada.org\/?p=13321"},"modified":"2022-03-16T13:17:07","modified_gmt":"2022-03-16T17:17:07","slug":"karate-canada-accueillera-championnats-nationaux-2022-saint-jean-de-terre-neuve","status":"publish","type":"post","link":"https:\/\/karatecanada.org\/fr\/karate-canada-accueillera-championnats-nationaux-2022-saint-jean-de-terre-neuve\/","title":{"rendered":"KARAT\u00c9 CANADA ACCUEILLERA LES CHAMPIONNATS NATIONAUX 2022 \u00c0 SAINT-JEAN DE TERRE-NEUVE"},"content":{"rendered":"<p><em> Les meilleurs karat\u00e9kas du pays reviennent dans la capitale de Terre-Neuve apr\u00e8s 16 ans.<\/em><\/p>\n<p><strong>SAINT-JEAN (N.L.), le 16 mars<\/strong> &#8211; Du 1er au 3 juillet, Karat\u00e9 Canada tiendra ses Championnats nationaux junior et senior de 2022 au Mary Browns Center de St John&rsquo;s, \u00e0 Terre-Neuve. Cette ann\u00e9e, les karat\u00e9kas de partout au pays c\u00e9l\u00e9breront ensemble la f\u00eate du Canada alors qu&rsquo;ils s&rsquo;affronteront pour obtenir une place dans l&rsquo;\u00e9quipe nationale de karat\u00e9.<\/p>\n<p>Cet \u00e9v\u00e9nement annuel est toujours un moment fort pour les amateurs de karat\u00e9 canadiens, une passion partag\u00e9e par l&rsquo;association de la province h\u00f4te. \u00ab Karat\u00e9 Terre-Neuve-et-Labrador est ravi d&rsquo;annoncer officiellement qu&rsquo;il accueillera les Championnats nationaux de Karat\u00e9 Canada en 2022 ! Nous avons h\u00e2te d&rsquo;accueillir les meilleurs athl\u00e8tes, entra\u00eeneurs et officiels du pays d&rsquo;un oc\u00e9an \u00e0 l&rsquo;autre ! \u00bb, a d\u00e9clar\u00e9 Nathaniel Besso, Pr\u00e9sident de Karate Newfoundland &amp; Labrador.<\/p>\n<p>Cet \u00e9v\u00e9nement regroupe les athl\u00e8tes d&rsquo;\u00e9lite de 12 ans et plus s\u00e9lectionn\u00e9s par leur association provinciale. Environ 530 athl\u00e8tes devraient participer \u00e0 cet \u00e9v\u00e9nement, dont plus de 40 % d&rsquo;athl\u00e8tes f\u00e9minines. Plus de 180 entra\u00eeneurs, arbitres, employ\u00e9s et b\u00e9n\u00e9voles prendront \u00e9galement part \u00e0 l&rsquo;\u00e9v\u00e9nement. Les \u00e9ditions pr\u00e9c\u00e9dentes ont attir\u00e9 plus de 600 spectateurs quotidiens et une moyenne quotidienne de 3 000 spectateurs provenant de 23 pays sur la diffusion en direct.<\/p>\n<p>Il s&rsquo;agit des premiers Championnats nationaux depuis deux ans, les \u00e9ditions 2020 et 2021 ayant \u00e9t\u00e9 annul\u00e9es en raison des restrictions du COVID. \u00ab Les Championnats nationaux de 2022 marquent notre retour officiel aux \u00e9v\u00e9nements majeurs au Canada depuis 2019, et il n&rsquo;y a pas de meilleur endroit pour lancer les choses que St. John&rsquo;s NL \u00bb, d\u00e9clare Craig Vokey, pr\u00e9sident de Karat\u00e9 Canada. \u00ab Cet \u00e9v\u00e9nement ayant eu lieu pour la derni\u00e8re fois \u00e0 St. John&rsquo;s en 2006, je sais que de nombreuses personnes ont h\u00e2te de revenir pour profiter de l&rsquo;hospitalit\u00e9 de la province la plus \u00e0 l&rsquo;est du Canada. J&rsquo;ai h\u00e2te d&rsquo;y voir beaucoup d&rsquo;entre vous ! \u00bb a-t-il ajout\u00e9.<\/p>\n<p>En marge des championnats nationaux, plusieurs autres \u00e9v\u00e9nements tr\u00e8s attendus auront lieu, tels que des formations du Programme national de certification des entra\u00eeneurs, des formations des officiels, les tests de dan de karat\u00e9 et un gala de remise de prix.<\/p>\n<p>Pour faire du b\u00e9n\u00e9volat lors de l&rsquo;\u00e9v\u00e9nement, les gens peuvent s&rsquo;adresser \u00e0 Karate Newfoundland &amp; Labrador pour faire partie de ce grand \u00e9v\u00e9nement. Les billets pour assister \u00e0 l&rsquo;\u00e9v\u00e9nement seront disponibles \u00e0 la billetterie du Mary Browns Centre.<\/p>\n<p><strong>\u00c0 propos de Karat\u00e9 Canada<\/strong><br \/>\nKarat\u00e9 Canada est une soci\u00e9t\u00e9 sans but lucratif dont l&rsquo;objectif est de d\u00e9crire et d&rsquo;incorporer toutes les activit\u00e9s li\u00e9es \u00e0 la promotion, \u00e0 l&rsquo;organisation, \u00e0 la r\u00e9glementation et \u00e0 la popularisation du sport du karat\u00e9 partout au Canada, de prot\u00e9ger la sant\u00e9 physique et \u00e9motionnelle des athl\u00e8tes et de promouvoir les int\u00e9r\u00eats du karat\u00e9 partout au Canada.<\/p>\n<p>Karat\u00e9 Canada et ses 11 associations provinciales et territoriales membres rassemblent normalement environ 16 000 participants \u00e0 l&rsquo;\u00e9chelle nationale. De plus, Karat\u00e9 Canada est un fier membre du Comit\u00e9 olympique canadien, de la F\u00e9d\u00e9ration mondiale de karat\u00e9 et de la F\u00e9d\u00e9ration panam\u00e9ricaine de karat\u00e9. Pour en savoir plus, consultez le site www.karatecanada.org.<\/p>\n<p><img loading=\"lazy\" decoding=\"async\" class=\"alignnone size-medium wp-image-13320\" src=\"https:\/\/karatecanada.org\/wp-content\/uploads\/2022\/02\/KCA-22-006-Nationals-Poster_V4-200x300.png\" alt=\"\" width=\"202\" height=\"300\" \/><\/p>\n","protected":false},"excerpt":{"rendered":"<p>Les meilleurs karat\u00e9kas du pays reviennent dans la capitale de Terre-Neuve apr\u00e8s 16 ans. SAINT-JEAN (N.L.), le 16 mars &#8211; Du 1er au 3 juillet, Karat\u00e9 Canada tiendra ses Championnats nationaux junior et senior de 2022 au Mary Browns Center de St John&rsquo;s, \u00e0 Terre-Neuve. Cette ann\u00e9e, les karat\u00e9kas de partout au pays c\u00e9l\u00e9breront ensemble [&hellip;]<\/p>\n","protected":false},"author":20,"featured_media":5834,"comment_status":"open","ping_status":"open","sticky":false,"template":"","format":"standard","meta":{"_acf_changed":false,"footnotes":""},"categories":[],"tags":[],"class_list":["post-13321","post","type-post","status-publish","format-standard","has-post-thumbnail","hentry"],"acf":[],"yoast_head":"<!-- This site is optimized with the Yoast SEO plugin v27.3 - https:\/\/yoast.com\/product\/yoast-seo-wordpress\/ -->\n<title>KARAT\u00c9 CANADA ACCUEILLERA LES CHAMPIONNATS NATIONAUX 2022 \u00c0 SAINT-JEAN DE TERRE-NEUVE - Karate Canada<\/title>\n<meta name=\"description\" content=\"Karat\u00e9 Canada annonce les Championnats Canadiens de 2022 \u00e0 Saint-Jean de Terre-Neuve\" \/>\n<meta name=\"robots\" content=\"index, follow, max-snippet:-1, max-image-preview:large, max-video-preview:-1\" \/>\n<link rel=\"canonical\" href=\"https:\/\/karatecanada.org\/fr\/karate-canada-accueillera-championnats-nationaux-2022-saint-jean-de-terre-neuve\/\" \/>\n<meta property=\"og:locale\" content=\"fr_FR\" \/>\n<meta property=\"og:type\" content=\"article\" \/>\n<meta property=\"og:title\" content=\"KARAT\u00c9 CANADA ACCUEILLERA LES CHAMPIONNATS NATIONAUX 2022 \u00c0 SAINT-JEAN DE TERRE-NEUVE - Karate Canada\" \/>\n<meta property=\"og:description\" content=\"Karat\u00e9 Canada annonce les Championnats Canadiens de 2022 \u00e0 Saint-Jean de Terre-Neuve\" \/>\n<meta property=\"og:url\" content=\"https:\/\/karatecanada.org\/fr\/karate-canada-accueillera-championnats-nationaux-2022-saint-jean-de-terre-neuve\/\" \/>\n<meta property=\"og:site_name\" content=\"Karate Canada\" \/>\n<meta property=\"article:published_time\" content=\"2022-03-16T17:17:07+00:00\" \/>\n<meta property=\"og:image\" content=\"https:\/\/karatecanada.org\/wp-content\/uploads\/2018\/05\/gni-4a.jpg\" \/>\n\t<meta property=\"og:image:width\" content=\"768\" \/>\n\t<meta property=\"og:image:height\" content=\"492\" \/>\n\t<meta property=\"og:image:type\" content=\"image\/jpeg\" \/>\n<meta name=\"author\" content=\"Daphn\u00e9 Trahan-Perreault\" \/>\n<meta name=\"twitter:card\" content=\"summary_large_image\" \/>\n<meta name=\"twitter:label1\" content=\"\u00c9crit par\" \/>\n\t<meta name=\"twitter:data1\" content=\"Daphn\u00e9 Trahan-Perreault\" \/>\n\t<meta name=\"twitter:label2\" content=\"Dur\u00e9e de lecture estim\u00e9e\" \/>\n\t<meta name=\"twitter:data2\" content=\"3 minutes\" \/>\n<script type=\"application\/ld+json\" class=\"yoast-schema-graph\">{\"@context\":\"https:\\\/\\\/schema.org\",\"@graph\":[{\"@type\":\"Article\",\"@id\":\"https:\\\/\\\/karatecanada.org\\\/fr\\\/karate-canada-accueillera-championnats-nationaux-2022-saint-jean-de-terre-neuve\\\/#article\",\"isPartOf\":{\"@id\":\"https:\\\/\\\/karatecanada.org\\\/fr\\\/karate-canada-accueillera-championnats-nationaux-2022-saint-jean-de-terre-neuve\\\/\"},\"author\":{\"name\":\"Daphn\u00e9 Trahan-Perreault\",\"@id\":\"https:\\\/\\\/karatecanada.org\\\/fr\\\/#\\\/schema\\\/person\\\/3587eadfcc0037acd86cc0ba7b8f6d65\"},\"headline\":\"KARAT\u00c9 CANADA ACCUEILLERA LES CHAMPIONNATS NATIONAUX 2022 \u00c0 SAINT-JEAN DE TERRE-NEUVE\",\"datePublished\":\"2022-03-16T17:17:07+00:00\",\"mainEntityOfPage\":{\"@id\":\"https:\\\/\\\/karatecanada.org\\\/fr\\\/karate-canada-accueillera-championnats-nationaux-2022-saint-jean-de-terre-neuve\\\/\"},\"wordCount\":572,\"commentCount\":0,\"image\":{\"@id\":\"https:\\\/\\\/karatecanada.org\\\/fr\\\/karate-canada-accueillera-championnats-nationaux-2022-saint-jean-de-terre-neuve\\\/#primaryimage\"},\"thumbnailUrl\":\"https:\\\/\\\/karatecanada.org\\\/wp-content\\\/uploads\\\/2018\\\/05\\\/gni-4a.jpg\",\"inLanguage\":\"fr-FR\",\"potentialAction\":[{\"@type\":\"CommentAction\",\"name\":\"Comment\",\"target\":[\"https:\\\/\\\/karatecanada.org\\\/fr\\\/karate-canada-accueillera-championnats-nationaux-2022-saint-jean-de-terre-neuve\\\/#respond\"]}]},{\"@type\":\"WebPage\",\"@id\":\"https:\\\/\\\/karatecanada.org\\\/fr\\\/karate-canada-accueillera-championnats-nationaux-2022-saint-jean-de-terre-neuve\\\/\",\"url\":\"https:\\\/\\\/karatecanada.org\\\/fr\\\/karate-canada-accueillera-championnats-nationaux-2022-saint-jean-de-terre-neuve\\\/\",\"name\":\"KARAT\u00c9 CANADA ACCUEILLERA LES CHAMPIONNATS NATIONAUX 2022 \u00c0 SAINT-JEAN DE TERRE-NEUVE - Karate Canada\",\"isPartOf\":{\"@id\":\"https:\\\/\\\/karatecanada.org\\\/fr\\\/#website\"},\"primaryImageOfPage\":{\"@id\":\"https:\\\/\\\/karatecanada.org\\\/fr\\\/karate-canada-accueillera-championnats-nationaux-2022-saint-jean-de-terre-neuve\\\/#primaryimage\"},\"image\":{\"@id\":\"https:\\\/\\\/karatecanada.org\\\/fr\\\/karate-canada-accueillera-championnats-nationaux-2022-saint-jean-de-terre-neuve\\\/#primaryimage\"},\"thumbnailUrl\":\"https:\\\/\\\/karatecanada.org\\\/wp-content\\\/uploads\\\/2018\\\/05\\\/gni-4a.jpg\",\"datePublished\":\"2022-03-16T17:17:07+00:00\",\"author\":{\"@id\":\"https:\\\/\\\/karatecanada.org\\\/fr\\\/#\\\/schema\\\/person\\\/3587eadfcc0037acd86cc0ba7b8f6d65\"},\"description\":\"Karat\u00e9 Canada annonce les Championnats Canadiens de 2022 \u00e0 Saint-Jean de Terre-Neuve\",\"breadcrumb\":{\"@id\":\"https:\\\/\\\/karatecanada.org\\\/fr\\\/karate-canada-accueillera-championnats-nationaux-2022-saint-jean-de-terre-neuve\\\/#breadcrumb\"},\"inLanguage\":\"fr-FR\",\"potentialAction\":[{\"@type\":\"ReadAction\",\"target\":[\"https:\\\/\\\/karatecanada.org\\\/fr\\\/karate-canada-accueillera-championnats-nationaux-2022-saint-jean-de-terre-neuve\\\/\"]}]},{\"@type\":\"ImageObject\",\"inLanguage\":\"fr-FR\",\"@id\":\"https:\\\/\\\/karatecanada.org\\\/fr\\\/karate-canada-accueillera-championnats-nationaux-2022-saint-jean-de-terre-neuve\\\/#primaryimage\",\"url\":\"https:\\\/\\\/karatecanada.org\\\/wp-content\\\/uploads\\\/2018\\\/05\\\/gni-4a.jpg\",\"contentUrl\":\"https:\\\/\\\/karatecanada.org\\\/wp-content\\\/uploads\\\/2018\\\/05\\\/gni-4a.jpg\",\"width\":768,\"height\":492},{\"@type\":\"BreadcrumbList\",\"@id\":\"https:\\\/\\\/karatecanada.org\\\/fr\\\/karate-canada-accueillera-championnats-nationaux-2022-saint-jean-de-terre-neuve\\\/#breadcrumb\",\"itemListElement\":[{\"@type\":\"ListItem\",\"position\":1,\"name\":\"Home\",\"item\":\"https:\\\/\\\/karatecanada.org\\\/fr\\\/\"},{\"@type\":\"ListItem\",\"position\":2,\"name\":\"KARAT\u00c9 CANADA ACCUEILLERA LES CHAMPIONNATS NATIONAUX 2022 \u00c0 SAINT-JEAN DE TERRE-NEUVE\"}]},{\"@type\":\"WebSite\",\"@id\":\"https:\\\/\\\/karatecanada.org\\\/fr\\\/#website\",\"url\":\"https:\\\/\\\/karatecanada.org\\\/fr\\\/\",\"name\":\"Karate Canada\",\"description\":\"Just another WordPress site\",\"potentialAction\":[{\"@type\":\"SearchAction\",\"target\":{\"@type\":\"EntryPoint\",\"urlTemplate\":\"https:\\\/\\\/karatecanada.org\\\/fr\\\/?s={search_term_string}\"},\"query-input\":{\"@type\":\"PropertyValueSpecification\",\"valueRequired\":true,\"valueName\":\"search_term_string\"}}],\"inLanguage\":\"fr-FR\"},{\"@type\":\"Person\",\"@id\":\"https:\\\/\\\/karatecanada.org\\\/fr\\\/#\\\/schema\\\/person\\\/3587eadfcc0037acd86cc0ba7b8f6d65\",\"name\":\"Daphn\u00e9 Trahan-Perreault\",\"image\":{\"@type\":\"ImageObject\",\"inLanguage\":\"fr-FR\",\"@id\":\"https:\\\/\\\/secure.gravatar.com\\\/avatar\\\/bda01302af9a8e12f723f5da81ff14e33c5ad7a822da604676d1d168ff3b8ec1?s=96&d=mm&r=g\",\"url\":\"https:\\\/\\\/secure.gravatar.com\\\/avatar\\\/bda01302af9a8e12f723f5da81ff14e33c5ad7a822da604676d1d168ff3b8ec1?s=96&d=mm&r=g\",\"contentUrl\":\"https:\\\/\\\/secure.gravatar.com\\\/avatar\\\/bda01302af9a8e12f723f5da81ff14e33c5ad7a822da604676d1d168ff3b8ec1?s=96&d=mm&r=g\",\"caption\":\"Daphn\u00e9 Trahan-Perreault\"},\"url\":\"https:\\\/\\\/karatecanada.org\\\/fr\\\/author\\\/daphne\\\/\"}]}<\/script>\n<!-- \/ Yoast SEO plugin. -->","yoast_head_json":{"title":"KARAT\u00c9 CANADA ACCUEILLERA LES CHAMPIONNATS NATIONAUX 2022 \u00c0 SAINT-JEAN DE TERRE-NEUVE - Karate Canada","description":"Karat\u00e9 Canada annonce les Championnats Canadiens de 2022 \u00e0 Saint-Jean de Terre-Neuve","robots":{"index":"index","follow":"follow","max-snippet":"max-snippet:-1","max-image-preview":"max-image-preview:large","max-video-preview":"max-video-preview:-1"},"canonical":"https:\/\/karatecanada.org\/fr\/karate-canada-accueillera-championnats-nationaux-2022-saint-jean-de-terre-neuve\/","og_locale":"fr_FR","og_type":"article","og_title":"KARAT\u00c9 CANADA ACCUEILLERA LES CHAMPIONNATS NATIONAUX 2022 \u00c0 SAINT-JEAN DE TERRE-NEUVE - Karate Canada","og_description":"Karat\u00e9 Canada annonce les Championnats Canadiens de 2022 \u00e0 Saint-Jean de Terre-Neuve","og_url":"https:\/\/karatecanada.org\/fr\/karate-canada-accueillera-championnats-nationaux-2022-saint-jean-de-terre-neuve\/","og_site_name":"Karate Canada","article_published_time":"2022-03-16T17:17:07+00:00","og_image":[{"width":768,"height":492,"url":"https:\/\/karatecanada.org\/wp-content\/uploads\/2018\/05\/gni-4a.jpg","type":"image\/jpeg"}],"author":"Daphn\u00e9 Trahan-Perreault","twitter_card":"summary_large_image","twitter_misc":{"\u00c9crit par":"Daphn\u00e9 Trahan-Perreault","Dur\u00e9e de lecture estim\u00e9e":"3 minutes"},"schema":{"@context":"https:\/\/schema.org","@graph":[{"@type":"Article","@id":"https:\/\/karatecanada.org\/fr\/karate-canada-accueillera-championnats-nationaux-2022-saint-jean-de-terre-neuve\/#article","isPartOf":{"@id":"https:\/\/karatecanada.org\/fr\/karate-canada-accueillera-championnats-nationaux-2022-saint-jean-de-terre-neuve\/"},"author":{"name":"Daphn\u00e9 Trahan-Perreault","@id":"https:\/\/karatecanada.org\/fr\/#\/schema\/person\/3587eadfcc0037acd86cc0ba7b8f6d65"},"headline":"KARAT\u00c9 CANADA ACCUEILLERA LES CHAMPIONNATS NATIONAUX 2022 \u00c0 SAINT-JEAN DE TERRE-NEUVE","datePublished":"2022-03-16T17:17:07+00:00","mainEntityOfPage":{"@id":"https:\/\/karatecanada.org\/fr\/karate-canada-accueillera-championnats-nationaux-2022-saint-jean-de-terre-neuve\/"},"wordCount":572,"commentCount":0,"image":{"@id":"https:\/\/karatecanada.org\/fr\/karate-canada-accueillera-championnats-nationaux-2022-saint-jean-de-terre-neuve\/#primaryimage"},"thumbnailUrl":"https:\/\/karatecanada.org\/wp-content\/uploads\/2018\/05\/gni-4a.jpg","inLanguage":"fr-FR","potentialAction":[{"@type":"CommentAction","name":"Comment","target":["https:\/\/karatecanada.org\/fr\/karate-canada-accueillera-championnats-nationaux-2022-saint-jean-de-terre-neuve\/#respond"]}]},{"@type":"WebPage","@id":"https:\/\/karatecanada.org\/fr\/karate-canada-accueillera-championnats-nationaux-2022-saint-jean-de-terre-neuve\/","url":"https:\/\/karatecanada.org\/fr\/karate-canada-accueillera-championnats-nationaux-2022-saint-jean-de-terre-neuve\/","name":"KARAT\u00c9 CANADA ACCUEILLERA LES CHAMPIONNATS NATIONAUX 2022 \u00c0 SAINT-JEAN DE TERRE-NEUVE - Karate Canada","isPartOf":{"@id":"https:\/\/karatecanada.org\/fr\/#website"},"primaryImageOfPage":{"@id":"https:\/\/karatecanada.org\/fr\/karate-canada-accueillera-championnats-nationaux-2022-saint-jean-de-terre-neuve\/#primaryimage"},"image":{"@id":"https:\/\/karatecanada.org\/fr\/karate-canada-accueillera-championnats-nationaux-2022-saint-jean-de-terre-neuve\/#primaryimage"},"thumbnailUrl":"https:\/\/karatecanada.org\/wp-content\/uploads\/2018\/05\/gni-4a.jpg","datePublished":"2022-03-16T17:17:07+00:00","author":{"@id":"https:\/\/karatecanada.org\/fr\/#\/schema\/person\/3587eadfcc0037acd86cc0ba7b8f6d65"},"description":"Karat\u00e9 Canada annonce les Championnats Canadiens de 2022 \u00e0 Saint-Jean de Terre-Neuve","breadcrumb":{"@id":"https:\/\/karatecanada.org\/fr\/karate-canada-accueillera-championnats-nationaux-2022-saint-jean-de-terre-neuve\/#breadcrumb"},"inLanguage":"fr-FR","potentialAction":[{"@type":"ReadAction","target":["https:\/\/karatecanada.org\/fr\/karate-canada-accueillera-championnats-nationaux-2022-saint-jean-de-terre-neuve\/"]}]},{"@type":"ImageObject","inLanguage":"fr-FR","@id":"https:\/\/karatecanada.org\/fr\/karate-canada-accueillera-championnats-nationaux-2022-saint-jean-de-terre-neuve\/#primaryimage","url":"https:\/\/karatecanada.org\/wp-content\/uploads\/2018\/05\/gni-4a.jpg","contentUrl":"https:\/\/karatecanada.org\/wp-content\/uploads\/2018\/05\/gni-4a.jpg","width":768,"height":492},{"@type":"BreadcrumbList","@id":"https:\/\/karatecanada.org\/fr\/karate-canada-accueillera-championnats-nationaux-2022-saint-jean-de-terre-neuve\/#breadcrumb","itemListElement":[{"@type":"ListItem","position":1,"name":"Home","item":"https:\/\/karatecanada.org\/fr\/"},{"@type":"ListItem","position":2,"name":"KARAT\u00c9 CANADA ACCUEILLERA LES CHAMPIONNATS NATIONAUX 2022 \u00c0 SAINT-JEAN DE TERRE-NEUVE"}]},{"@type":"WebSite","@id":"https:\/\/karatecanada.org\/fr\/#website","url":"https:\/\/karatecanada.org\/fr\/","name":"Karate Canada","description":"Just another WordPress site","potentialAction":[{"@type":"SearchAction","target":{"@type":"EntryPoint","urlTemplate":"https:\/\/karatecanada.org\/fr\/?s={search_term_string}"},"query-input":{"@type":"PropertyValueSpecification","valueRequired":true,"valueName":"search_term_string"}}],"inLanguage":"fr-FR"},{"@type":"Person","@id":"https:\/\/karatecanada.org\/fr\/#\/schema\/person\/3587eadfcc0037acd86cc0ba7b8f6d65","name":"Daphn\u00e9 Trahan-Perreault","image":{"@type":"ImageObject","inLanguage":"fr-FR","@id":"https:\/\/secure.gravatar.com\/avatar\/bda01302af9a8e12f723f5da81ff14e33c5ad7a822da604676d1d168ff3b8ec1?s=96&d=mm&r=g","url":"https:\/\/secure.gravatar.com\/avatar\/bda01302af9a8e12f723f5da81ff14e33c5ad7a822da604676d1d168ff3b8ec1?s=96&d=mm&r=g","contentUrl":"https:\/\/secure.gravatar.com\/avatar\/bda01302af9a8e12f723f5da81ff14e33c5ad7a822da604676d1d168ff3b8ec1?s=96&d=mm&r=g","caption":"Daphn\u00e9 Trahan-Perreault"},"url":"https:\/\/karatecanada.org\/fr\/author\/daphne\/"}]}},"featured_image_src":"https:\/\/karatecanada.org\/wp-content\/uploads\/2018\/05\/gni-4a-768x492.jpg","date_format":"mars 16, 2022","_links":{"self":[{"href":"https:\/\/karatecanada.org\/fr\/wp-json\/wp\/v2\/posts\/13321","targetHints":{"allow":["GET"]}}],"collection":[{"href":"https:\/\/karatecanada.org\/fr\/wp-json\/wp\/v2\/posts"}],"about":[{"href":"https:\/\/karatecanada.org\/fr\/wp-json\/wp\/v2\/types\/post"}],"author":[{"embeddable":true,"href":"https:\/\/karatecanada.org\/fr\/wp-json\/wp\/v2\/users\/20"}],"replies":[{"embeddable":true,"href":"https:\/\/karatecanada.org\/fr\/wp-json\/wp\/v2\/comments?post=13321"}],"version-history":[{"count":0,"href":"https:\/\/karatecanada.org\/fr\/wp-json\/wp\/v2\/posts\/13321\/revisions"}],"wp:featuredmedia":[{"embeddable":true,"href":"https:\/\/karatecanada.org\/fr\/wp-json\/wp\/v2\/media\/5834"}],"wp:attachment":[{"href":"https:\/\/karatecanada.org\/fr\/wp-json\/wp\/v2\/media?parent=13321"}],"wp:term":[{"taxonomy":"category","embeddable":true,"href":"https:\/\/karatecanada.org\/fr\/wp-json\/wp\/v2\/categories?post=13321"},{"taxonomy":"post_tag","embeddable":true,"href":"https:\/\/karatecanada.org\/fr\/wp-json\/wp\/v2\/tags?post=13321"}],"curies":[{"name":"wp","href":"https:\/\/api.w.org\/{rel}","templated":true}]}}