{"id":13675,"date":"2022-10-07T10:59:10","date_gmt":"2022-10-07T14:59:10","guid":{"rendered":"https:\/\/karatecanada.org\/?p=13675"},"modified":"2022-10-11T11:00:19","modified_gmt":"2022-10-11T15:00:19","slug":"le-canada-ramene-deux-medailles-de-karate-de-la-coupe-du-monde-universitaire-de-sports-de-combat","status":"publish","type":"post","link":"https:\/\/karatecanada.org\/fr\/le-canada-ramene-deux-medailles-de-karate-de-la-coupe-du-monde-universitaire-de-sports-de-combat\/","title":{"rendered":"LE CANADA RAM\u00c8NE DEUX M\u00c9DAILLES DE KARAT\u00c9 DE LA COUPE DU MONDE UNIVERSITAIRE DE SPORTS DE COMBAT"},"content":{"rendered":"<p><b><span data-contrast=\"none\">Le 11 octobre 2022<\/span><\/b><span data-contrast=\"none\"> &#8211; Le Canada a envoy\u00e9 une d\u00e9l\u00e9gation de 11 athl\u00e8tes de karat\u00e9 \u00e0 la Coupe du monde universitaire de sports de combat de la FISU \u00e0 Samsun, en Turquie, du 21 au 30 septembre. Cinq athl\u00e8tes ont atteint la ronde des m\u00e9dailles et deux athl\u00e8tes ont obtenu une m\u00e9daille de bronze.\u00a0<\/span><\/p>\n<p><span data-contrast=\"none\">Claudia Laos-Loo de l&rsquo;Universit\u00e9 Simon Fraser a remport\u00e9 une m\u00e9daille de bronze dans la division Kata f\u00e9minine tandis que Karim Waleed Ghaly de l&rsquo;Universit\u00e9 d&rsquo;Ottawa a remport\u00e9 une m\u00e9daille de bronze dans la division Kata masculine. M\u00e9lissa Baillargeon de l&rsquo;Universit\u00e9 Laval (Kata f\u00e9minin), Alexandre St-Arneault du HEC Montr\u00e9al (Kumite masculin -84 kg) et Shon Zinger de l&rsquo;Universit\u00e9 York (Kumite masculin -60 kg) ont tous atteint les rondes de m\u00e9dailles et ont termin\u00e9 avec une 5e place.\u00a0<\/span><br \/>\n<span data-ccp-props=\"{&quot;201341983&quot;:0,&quot;335551550&quot;:1,&quot;335551620&quot;:1,&quot;335559739&quot;:160,&quot;335559740&quot;:259}\">\u00a0<\/span><\/p>\n<p><b><span data-contrast=\"none\">\u00c0 <\/span><\/b><b><span data-contrast=\"none\">propos de Karat\u00e9 Canada<\/span><\/b><span data-ccp-props=\"{&quot;201341983&quot;:0,&quot;335559739&quot;:160,&quot;335559740&quot;:259}\">\u00a0<\/span><\/p>\n<p><span data-contrast=\"none\">Karat\u00e9 Canada est une soci\u00e9t\u00e9 sans but lucratif dont l&rsquo;objectif est de r\u00e9gir et d&rsquo;int\u00e9grer toutes les activit\u00e9s li\u00e9es<\/span><span data-contrast=\"none\"> \u00e0 la promotion, <\/span><span data-contrast=\"none\">l&rsquo;organisation, la r\u00e8glementation et la popularisation du sport du karat\u00e9 partout au Canada, de prot\u00e9ger la sant\u00e9 physique et <\/span><span data-contrast=\"none\">\u00e9motionnelle<\/span><span data-contrast=\"none\"> des athl\u00e8tes et de promouvoir les int\u00e9r\u00eats du karat\u00e9 au Canada.<\/span><span data-ccp-props=\"{&quot;201341983&quot;:0,&quot;335559739&quot;:160,&quot;335559740&quot;:259}\">\u00a0<\/span><\/p>\n<p><span data-contrast=\"none\">Karat\u00e9 Canada et ses 11 associations provinciales et territoriale membres rassemblent d\u2019ordinaire environ 16,000 participants \u00e0 l&rsquo;\u00e9chelle nationale. En outre, Karat\u00e9 Canada est un fier membre du Comit\u00e9 olympique canadien, de la F\u00e9d\u00e9ration mondiale de karat\u00e9 et de la F\u00e9d\u00e9ration panam\u00e9ricaine de karat\u00e9. Plus de d\u00e9tails <\/span><span data-contrast=\"none\">\u00e0 :<\/span> <a href=\"http:\/\/www.karatecanada.org\/\"><span data-contrast=\"none\">www.karatecanada.org<\/span><\/a><span data-contrast=\"none\">.<\/span><span data-ccp-props=\"{&quot;201341983&quot;:0,&quot;335559739&quot;:160,&quot;335559740&quot;:259}\">\u00a0<\/span><\/p>\n","protected":false},"excerpt":{"rendered":"<p>Le 11 octobre 2022 &#8211; Le Canada a envoy\u00e9 une d\u00e9l\u00e9gation de 11 athl\u00e8tes de karat\u00e9 \u00e0 la Coupe du monde universitaire de sports de combat de la FISU \u00e0 Samsun, en Turquie, du 21 au 30 septembre. Cinq athl\u00e8tes ont atteint la ronde des m\u00e9dailles et deux athl\u00e8tes ont obtenu une m\u00e9daille de bronze.\u00a0 [&hellip;]<\/p>\n","protected":false},"author":20,"featured_media":5822,"comment_status":"open","ping_status":"open","sticky":false,"template":"","format":"standard","meta":{"_acf_changed":false,"footnotes":""},"categories":[],"tags":[],"class_list":["post-13675","post","type-post","status-publish","format-standard","has-post-thumbnail","hentry"],"acf":[],"yoast_head":"<!-- This site is optimized with the Yoast SEO plugin v27.3 - https:\/\/yoast.com\/product\/yoast-seo-wordpress\/ -->\n<title>LE CANADA RAM\u00c8NE DEUX M\u00c9DAILLES DE KARAT\u00c9 DE LA COUPE DU MONDE UNIVERSITAIRE DE SPORTS DE COMBAT - Karate Canada<\/title>\n<meta name=\"robots\" content=\"index, follow, max-snippet:-1, max-image-preview:large, max-video-preview:-1\" \/>\n<link rel=\"canonical\" href=\"https:\/\/karatecanada.org\/fr\/le-canada-ramene-deux-medailles-de-karate-de-la-coupe-du-monde-universitaire-de-sports-de-combat\/\" \/>\n<meta property=\"og:locale\" content=\"fr_FR\" \/>\n<meta property=\"og:type\" content=\"article\" \/>\n<meta property=\"og:title\" content=\"LE CANADA RAM\u00c8NE DEUX M\u00c9DAILLES DE KARAT\u00c9 DE LA COUPE DU MONDE UNIVERSITAIRE DE SPORTS DE COMBAT - Karate Canada\" \/>\n<meta property=\"og:description\" content=\"Le 11 octobre 2022 &#8211; Le Canada a envoy\u00e9 une d\u00e9l\u00e9gation de 11 athl\u00e8tes de karat\u00e9 \u00e0 la Coupe du monde universitaire de sports de combat de la FISU \u00e0 Samsun, en Turquie, du 21 au 30 septembre. Cinq athl\u00e8tes ont atteint la ronde des m\u00e9dailles et deux athl\u00e8tes ont obtenu une m\u00e9daille de bronze.\u00a0 [&hellip;]\" \/>\n<meta property=\"og:url\" content=\"https:\/\/karatecanada.org\/fr\/le-canada-ramene-deux-medailles-de-karate-de-la-coupe-du-monde-universitaire-de-sports-de-combat\/\" \/>\n<meta property=\"og:site_name\" content=\"Karate Canada\" \/>\n<meta property=\"article:published_time\" content=\"2022-10-07T14:59:10+00:00\" \/>\n<meta property=\"article:modified_time\" content=\"2022-10-11T15:00:19+00:00\" \/>\n<meta property=\"og:image\" content=\"https:\/\/karatecanada.org\/wp-content\/uploads\/2018\/05\/gni-1a.jpg\" \/>\n\t<meta property=\"og:image:width\" content=\"768\" \/>\n\t<meta property=\"og:image:height\" content=\"492\" \/>\n\t<meta property=\"og:image:type\" content=\"image\/jpeg\" \/>\n<meta name=\"author\" content=\"Daphn\u00e9 Trahan-Perreault\" \/>\n<meta name=\"twitter:card\" content=\"summary_large_image\" \/>\n<meta name=\"twitter:label1\" content=\"\u00c9crit par\" \/>\n\t<meta name=\"twitter:data1\" content=\"Daphn\u00e9 Trahan-Perreault\" \/>\n\t<meta name=\"twitter:label2\" content=\"Dur\u00e9e de lecture estim\u00e9e\" \/>\n\t<meta name=\"twitter:data2\" content=\"1 minute\" \/>\n<script type=\"application\/ld+json\" class=\"yoast-schema-graph\">{\"@context\":\"https:\\\/\\\/schema.org\",\"@graph\":[{\"@type\":\"Article\",\"@id\":\"https:\\\/\\\/karatecanada.org\\\/fr\\\/le-canada-ramene-deux-medailles-de-karate-de-la-coupe-du-monde-universitaire-de-sports-de-combat\\\/#article\",\"isPartOf\":{\"@id\":\"https:\\\/\\\/karatecanada.org\\\/fr\\\/le-canada-ramene-deux-medailles-de-karate-de-la-coupe-du-monde-universitaire-de-sports-de-combat\\\/\"},\"author\":{\"name\":\"Daphn\u00e9 Trahan-Perreault\",\"@id\":\"https:\\\/\\\/karatecanada.org\\\/fr\\\/#\\\/schema\\\/person\\\/3587eadfcc0037acd86cc0ba7b8f6d65\"},\"headline\":\"LE CANADA RAM\u00c8NE DEUX M\u00c9DAILLES DE KARAT\u00c9 DE LA COUPE DU MONDE UNIVERSITAIRE DE SPORTS DE COMBAT\",\"datePublished\":\"2022-10-07T14:59:10+00:00\",\"dateModified\":\"2022-10-11T15:00:19+00:00\",\"mainEntityOfPage\":{\"@id\":\"https:\\\/\\\/karatecanada.org\\\/fr\\\/le-canada-ramene-deux-medailles-de-karate-de-la-coupe-du-monde-universitaire-de-sports-de-combat\\\/\"},\"wordCount\":285,\"commentCount\":0,\"image\":{\"@id\":\"https:\\\/\\\/karatecanada.org\\\/fr\\\/le-canada-ramene-deux-medailles-de-karate-de-la-coupe-du-monde-universitaire-de-sports-de-combat\\\/#primaryimage\"},\"thumbnailUrl\":\"https:\\\/\\\/karatecanada.org\\\/wp-content\\\/uploads\\\/2018\\\/05\\\/gni-1a.jpg\",\"inLanguage\":\"fr-FR\",\"potentialAction\":[{\"@type\":\"CommentAction\",\"name\":\"Comment\",\"target\":[\"https:\\\/\\\/karatecanada.org\\\/fr\\\/le-canada-ramene-deux-medailles-de-karate-de-la-coupe-du-monde-universitaire-de-sports-de-combat\\\/#respond\"]}]},{\"@type\":\"WebPage\",\"@id\":\"https:\\\/\\\/karatecanada.org\\\/fr\\\/le-canada-ramene-deux-medailles-de-karate-de-la-coupe-du-monde-universitaire-de-sports-de-combat\\\/\",\"url\":\"https:\\\/\\\/karatecanada.org\\\/fr\\\/le-canada-ramene-deux-medailles-de-karate-de-la-coupe-du-monde-universitaire-de-sports-de-combat\\\/\",\"name\":\"LE CANADA RAM\u00c8NE DEUX M\u00c9DAILLES DE KARAT\u00c9 DE LA COUPE DU MONDE UNIVERSITAIRE DE SPORTS DE COMBAT - Karate Canada\",\"isPartOf\":{\"@id\":\"https:\\\/\\\/karatecanada.org\\\/fr\\\/#website\"},\"primaryImageOfPage\":{\"@id\":\"https:\\\/\\\/karatecanada.org\\\/fr\\\/le-canada-ramene-deux-medailles-de-karate-de-la-coupe-du-monde-universitaire-de-sports-de-combat\\\/#primaryimage\"},\"image\":{\"@id\":\"https:\\\/\\\/karatecanada.org\\\/fr\\\/le-canada-ramene-deux-medailles-de-karate-de-la-coupe-du-monde-universitaire-de-sports-de-combat\\\/#primaryimage\"},\"thumbnailUrl\":\"https:\\\/\\\/karatecanada.org\\\/wp-content\\\/uploads\\\/2018\\\/05\\\/gni-1a.jpg\",\"datePublished\":\"2022-10-07T14:59:10+00:00\",\"dateModified\":\"2022-10-11T15:00:19+00:00\",\"author\":{\"@id\":\"https:\\\/\\\/karatecanada.org\\\/fr\\\/#\\\/schema\\\/person\\\/3587eadfcc0037acd86cc0ba7b8f6d65\"},\"breadcrumb\":{\"@id\":\"https:\\\/\\\/karatecanada.org\\\/fr\\\/le-canada-ramene-deux-medailles-de-karate-de-la-coupe-du-monde-universitaire-de-sports-de-combat\\\/#breadcrumb\"},\"inLanguage\":\"fr-FR\",\"potentialAction\":[{\"@type\":\"ReadAction\",\"target\":[\"https:\\\/\\\/karatecanada.org\\\/fr\\\/le-canada-ramene-deux-medailles-de-karate-de-la-coupe-du-monde-universitaire-de-sports-de-combat\\\/\"]}]},{\"@type\":\"ImageObject\",\"inLanguage\":\"fr-FR\",\"@id\":\"https:\\\/\\\/karatecanada.org\\\/fr\\\/le-canada-ramene-deux-medailles-de-karate-de-la-coupe-du-monde-universitaire-de-sports-de-combat\\\/#primaryimage\",\"url\":\"https:\\\/\\\/karatecanada.org\\\/wp-content\\\/uploads\\\/2018\\\/05\\\/gni-1a.jpg\",\"contentUrl\":\"https:\\\/\\\/karatecanada.org\\\/wp-content\\\/uploads\\\/2018\\\/05\\\/gni-1a.jpg\",\"width\":768,\"height\":492},{\"@type\":\"BreadcrumbList\",\"@id\":\"https:\\\/\\\/karatecanada.org\\\/fr\\\/le-canada-ramene-deux-medailles-de-karate-de-la-coupe-du-monde-universitaire-de-sports-de-combat\\\/#breadcrumb\",\"itemListElement\":[{\"@type\":\"ListItem\",\"position\":1,\"name\":\"Home\",\"item\":\"https:\\\/\\\/karatecanada.org\\\/fr\\\/\"},{\"@type\":\"ListItem\",\"position\":2,\"name\":\"LE CANADA RAM\u00c8NE DEUX M\u00c9DAILLES DE KARAT\u00c9 DE LA COUPE DU MONDE UNIVERSITAIRE DE SPORTS DE COMBAT\"}]},{\"@type\":\"WebSite\",\"@id\":\"https:\\\/\\\/karatecanada.org\\\/fr\\\/#website\",\"url\":\"https:\\\/\\\/karatecanada.org\\\/fr\\\/\",\"name\":\"Karate Canada\",\"description\":\"Just another WordPress site\",\"potentialAction\":[{\"@type\":\"SearchAction\",\"target\":{\"@type\":\"EntryPoint\",\"urlTemplate\":\"https:\\\/\\\/karatecanada.org\\\/fr\\\/?s={search_term_string}\"},\"query-input\":{\"@type\":\"PropertyValueSpecification\",\"valueRequired\":true,\"valueName\":\"search_term_string\"}}],\"inLanguage\":\"fr-FR\"},{\"@type\":\"Person\",\"@id\":\"https:\\\/\\\/karatecanada.org\\\/fr\\\/#\\\/schema\\\/person\\\/3587eadfcc0037acd86cc0ba7b8f6d65\",\"name\":\"Daphn\u00e9 Trahan-Perreault\",\"image\":{\"@type\":\"ImageObject\",\"inLanguage\":\"fr-FR\",\"@id\":\"https:\\\/\\\/secure.gravatar.com\\\/avatar\\\/bda01302af9a8e12f723f5da81ff14e33c5ad7a822da604676d1d168ff3b8ec1?s=96&d=mm&r=g\",\"url\":\"https:\\\/\\\/secure.gravatar.com\\\/avatar\\\/bda01302af9a8e12f723f5da81ff14e33c5ad7a822da604676d1d168ff3b8ec1?s=96&d=mm&r=g\",\"contentUrl\":\"https:\\\/\\\/secure.gravatar.com\\\/avatar\\\/bda01302af9a8e12f723f5da81ff14e33c5ad7a822da604676d1d168ff3b8ec1?s=96&d=mm&r=g\",\"caption\":\"Daphn\u00e9 Trahan-Perreault\"},\"url\":\"https:\\\/\\\/karatecanada.org\\\/fr\\\/author\\\/daphne\\\/\"}]}<\/script>\n<!-- \/ Yoast SEO plugin. -->","yoast_head_json":{"title":"LE CANADA RAM\u00c8NE DEUX M\u00c9DAILLES DE KARAT\u00c9 DE LA COUPE DU MONDE UNIVERSITAIRE DE SPORTS DE COMBAT - Karate Canada","robots":{"index":"index","follow":"follow","max-snippet":"max-snippet:-1","max-image-preview":"max-image-preview:large","max-video-preview":"max-video-preview:-1"},"canonical":"https:\/\/karatecanada.org\/fr\/le-canada-ramene-deux-medailles-de-karate-de-la-coupe-du-monde-universitaire-de-sports-de-combat\/","og_locale":"fr_FR","og_type":"article","og_title":"LE CANADA RAM\u00c8NE DEUX M\u00c9DAILLES DE KARAT\u00c9 DE LA COUPE DU MONDE UNIVERSITAIRE DE SPORTS DE COMBAT - Karate Canada","og_description":"Le 11 octobre 2022 &#8211; Le Canada a envoy\u00e9 une d\u00e9l\u00e9gation de 11 athl\u00e8tes de karat\u00e9 \u00e0 la Coupe du monde universitaire de sports de combat de la FISU \u00e0 Samsun, en Turquie, du 21 au 30 septembre. Cinq athl\u00e8tes ont atteint la ronde des m\u00e9dailles et deux athl\u00e8tes ont obtenu une m\u00e9daille de bronze.\u00a0 [&hellip;]","og_url":"https:\/\/karatecanada.org\/fr\/le-canada-ramene-deux-medailles-de-karate-de-la-coupe-du-monde-universitaire-de-sports-de-combat\/","og_site_name":"Karate Canada","article_published_time":"2022-10-07T14:59:10+00:00","article_modified_time":"2022-10-11T15:00:19+00:00","og_image":[{"width":768,"height":492,"url":"https:\/\/karatecanada.org\/wp-content\/uploads\/2018\/05\/gni-1a.jpg","type":"image\/jpeg"}],"author":"Daphn\u00e9 Trahan-Perreault","twitter_card":"summary_large_image","twitter_misc":{"\u00c9crit par":"Daphn\u00e9 Trahan-Perreault","Dur\u00e9e de lecture estim\u00e9e":"1 minute"},"schema":{"@context":"https:\/\/schema.org","@graph":[{"@type":"Article","@id":"https:\/\/karatecanada.org\/fr\/le-canada-ramene-deux-medailles-de-karate-de-la-coupe-du-monde-universitaire-de-sports-de-combat\/#article","isPartOf":{"@id":"https:\/\/karatecanada.org\/fr\/le-canada-ramene-deux-medailles-de-karate-de-la-coupe-du-monde-universitaire-de-sports-de-combat\/"},"author":{"name":"Daphn\u00e9 Trahan-Perreault","@id":"https:\/\/karatecanada.org\/fr\/#\/schema\/person\/3587eadfcc0037acd86cc0ba7b8f6d65"},"headline":"LE CANADA RAM\u00c8NE DEUX M\u00c9DAILLES DE KARAT\u00c9 DE LA COUPE DU MONDE UNIVERSITAIRE DE SPORTS DE COMBAT","datePublished":"2022-10-07T14:59:10+00:00","dateModified":"2022-10-11T15:00:19+00:00","mainEntityOfPage":{"@id":"https:\/\/karatecanada.org\/fr\/le-canada-ramene-deux-medailles-de-karate-de-la-coupe-du-monde-universitaire-de-sports-de-combat\/"},"wordCount":285,"commentCount":0,"image":{"@id":"https:\/\/karatecanada.org\/fr\/le-canada-ramene-deux-medailles-de-karate-de-la-coupe-du-monde-universitaire-de-sports-de-combat\/#primaryimage"},"thumbnailUrl":"https:\/\/karatecanada.org\/wp-content\/uploads\/2018\/05\/gni-1a.jpg","inLanguage":"fr-FR","potentialAction":[{"@type":"CommentAction","name":"Comment","target":["https:\/\/karatecanada.org\/fr\/le-canada-ramene-deux-medailles-de-karate-de-la-coupe-du-monde-universitaire-de-sports-de-combat\/#respond"]}]},{"@type":"WebPage","@id":"https:\/\/karatecanada.org\/fr\/le-canada-ramene-deux-medailles-de-karate-de-la-coupe-du-monde-universitaire-de-sports-de-combat\/","url":"https:\/\/karatecanada.org\/fr\/le-canada-ramene-deux-medailles-de-karate-de-la-coupe-du-monde-universitaire-de-sports-de-combat\/","name":"LE CANADA RAM\u00c8NE DEUX M\u00c9DAILLES DE KARAT\u00c9 DE LA COUPE DU MONDE UNIVERSITAIRE DE SPORTS DE COMBAT - Karate Canada","isPartOf":{"@id":"https:\/\/karatecanada.org\/fr\/#website"},"primaryImageOfPage":{"@id":"https:\/\/karatecanada.org\/fr\/le-canada-ramene-deux-medailles-de-karate-de-la-coupe-du-monde-universitaire-de-sports-de-combat\/#primaryimage"},"image":{"@id":"https:\/\/karatecanada.org\/fr\/le-canada-ramene-deux-medailles-de-karate-de-la-coupe-du-monde-universitaire-de-sports-de-combat\/#primaryimage"},"thumbnailUrl":"https:\/\/karatecanada.org\/wp-content\/uploads\/2018\/05\/gni-1a.jpg","datePublished":"2022-10-07T14:59:10+00:00","dateModified":"2022-10-11T15:00:19+00:00","author":{"@id":"https:\/\/karatecanada.org\/fr\/#\/schema\/person\/3587eadfcc0037acd86cc0ba7b8f6d65"},"breadcrumb":{"@id":"https:\/\/karatecanada.org\/fr\/le-canada-ramene-deux-medailles-de-karate-de-la-coupe-du-monde-universitaire-de-sports-de-combat\/#breadcrumb"},"inLanguage":"fr-FR","potentialAction":[{"@type":"ReadAction","target":["https:\/\/karatecanada.org\/fr\/le-canada-ramene-deux-medailles-de-karate-de-la-coupe-du-monde-universitaire-de-sports-de-combat\/"]}]},{"@type":"ImageObject","inLanguage":"fr-FR","@id":"https:\/\/karatecanada.org\/fr\/le-canada-ramene-deux-medailles-de-karate-de-la-coupe-du-monde-universitaire-de-sports-de-combat\/#primaryimage","url":"https:\/\/karatecanada.org\/wp-content\/uploads\/2018\/05\/gni-1a.jpg","contentUrl":"https:\/\/karatecanada.org\/wp-content\/uploads\/2018\/05\/gni-1a.jpg","width":768,"height":492},{"@type":"BreadcrumbList","@id":"https:\/\/karatecanada.org\/fr\/le-canada-ramene-deux-medailles-de-karate-de-la-coupe-du-monde-universitaire-de-sports-de-combat\/#breadcrumb","itemListElement":[{"@type":"ListItem","position":1,"name":"Home","item":"https:\/\/karatecanada.org\/fr\/"},{"@type":"ListItem","position":2,"name":"LE CANADA RAM\u00c8NE DEUX M\u00c9DAILLES DE KARAT\u00c9 DE LA COUPE DU MONDE UNIVERSITAIRE DE SPORTS DE COMBAT"}]},{"@type":"WebSite","@id":"https:\/\/karatecanada.org\/fr\/#website","url":"https:\/\/karatecanada.org\/fr\/","name":"Karate Canada","description":"Just another WordPress site","potentialAction":[{"@type":"SearchAction","target":{"@type":"EntryPoint","urlTemplate":"https:\/\/karatecanada.org\/fr\/?s={search_term_string}"},"query-input":{"@type":"PropertyValueSpecification","valueRequired":true,"valueName":"search_term_string"}}],"inLanguage":"fr-FR"},{"@type":"Person","@id":"https:\/\/karatecanada.org\/fr\/#\/schema\/person\/3587eadfcc0037acd86cc0ba7b8f6d65","name":"Daphn\u00e9 Trahan-Perreault","image":{"@type":"ImageObject","inLanguage":"fr-FR","@id":"https:\/\/secure.gravatar.com\/avatar\/bda01302af9a8e12f723f5da81ff14e33c5ad7a822da604676d1d168ff3b8ec1?s=96&d=mm&r=g","url":"https:\/\/secure.gravatar.com\/avatar\/bda01302af9a8e12f723f5da81ff14e33c5ad7a822da604676d1d168ff3b8ec1?s=96&d=mm&r=g","contentUrl":"https:\/\/secure.gravatar.com\/avatar\/bda01302af9a8e12f723f5da81ff14e33c5ad7a822da604676d1d168ff3b8ec1?s=96&d=mm&r=g","caption":"Daphn\u00e9 Trahan-Perreault"},"url":"https:\/\/karatecanada.org\/fr\/author\/daphne\/"}]}},"featured_image_src":"https:\/\/karatecanada.org\/wp-content\/uploads\/2018\/05\/gni-1a-768x492.jpg","date_format":"octobre 07, 2022","_links":{"self":[{"href":"https:\/\/karatecanada.org\/fr\/wp-json\/wp\/v2\/posts\/13675","targetHints":{"allow":["GET"]}}],"collection":[{"href":"https:\/\/karatecanada.org\/fr\/wp-json\/wp\/v2\/posts"}],"about":[{"href":"https:\/\/karatecanada.org\/fr\/wp-json\/wp\/v2\/types\/post"}],"author":[{"embeddable":true,"href":"https:\/\/karatecanada.org\/fr\/wp-json\/wp\/v2\/users\/20"}],"replies":[{"embeddable":true,"href":"https:\/\/karatecanada.org\/fr\/wp-json\/wp\/v2\/comments?post=13675"}],"version-history":[{"count":0,"href":"https:\/\/karatecanada.org\/fr\/wp-json\/wp\/v2\/posts\/13675\/revisions"}],"wp:featuredmedia":[{"embeddable":true,"href":"https:\/\/karatecanada.org\/fr\/wp-json\/wp\/v2\/media\/5822"}],"wp:attachment":[{"href":"https:\/\/karatecanada.org\/fr\/wp-json\/wp\/v2\/media?parent=13675"}],"wp:term":[{"taxonomy":"category","embeddable":true,"href":"https:\/\/karatecanada.org\/fr\/wp-json\/wp\/v2\/categories?post=13675"},{"taxonomy":"post_tag","embeddable":true,"href":"https:\/\/karatecanada.org\/fr\/wp-json\/wp\/v2\/tags?post=13675"}],"curies":[{"name":"wp","href":"https:\/\/api.w.org\/{rel}","templated":true}]}}