{"id":13706,"date":"2022-11-02T07:00:35","date_gmt":"2022-11-02T11:00:35","guid":{"rendered":"https:\/\/karatecanada.org\/?p=13706"},"modified":"2022-11-02T09:46:56","modified_gmt":"2022-11-02T13:46:56","slug":"laval-selectionnee-pour-le-championnat-national-de-karate-canada-2023","status":"publish","type":"post","link":"https:\/\/karatecanada.org\/fr\/laval-selectionnee-pour-le-championnat-national-de-karate-canada-2023\/","title":{"rendered":"LAVAL S\u00c9LECTIONN\u00c9E POUR LE CHAMPIONNAT NATIONAL DE KARAT\u00c9 CANADA\u202f2023"},"content":{"rendered":"<p><strong>LAVAL, Mercredi le 2 novembre 2022<\/strong> \u2013 Karat\u00e9 Canada, en partenariat avec Karat\u00e9 Qu\u00e9bec, annonce que son Championnat national\u202f2023 aura lieu \u00e0 Laval, du 7 au 9\u202fjuillet 2023.<\/p>\n<p>Plus de 1\u202f000\u202fathl\u00e8tes, membres du personnel de soutien, amis et proches convergeront vers la Place Bell pour ce qui s\u2019annonce d\u2019ores et d\u00e9j\u00e0 une m\u00e9morable fin de semaine de comp\u00e9tition de plus haut niveau.<\/p>\n<p>\u00ab\u202fLe Qu\u00e9bec offre toujours une exp\u00e9rience extraordinaire. En marge de l\u2019excellente comp\u00e9tition, on peut profiter des nombreux festivals c\u00e9l\u00e9brant la culture locale qui s\u2019y tiennent en juillet. De plus, Laval est une ville de calibre mondial o\u00f9 se c\u00f4toient effervescence urbaine et calme de la nature\u202f\u00bb, affirme Craig Vokey, pr\u00e9sident de Karat\u00e9 Canada.<\/p>\n<p>\u00ab\u202fC\u2019est un plaisir et un honneur pour nous d\u2019accueillir le Championnat national de Karat\u00e9 Canada\u202f2023 qui r\u00e9unira les meilleurs athl\u00e8tes du pays \u00e0 Laval, dans un site de calibre international\u202f\u00bb, se f\u00e9licite St\u00e9phane Rivest, pr\u00e9sident de Karat\u00e9 Qu\u00e9bec. \u00ab\u202fNous esp\u00e9rons continuer sur la lanc\u00e9e des Championnats nationaux\u202f2017 et 2019 et de la comp\u00e9tition de s\u00e9rie\u202fA de la F\u00e9d\u00e9ration mondiale de karat\u00e9\u202f2019, des \u00e9v\u00e9nements qui ont connu un franc succ\u00e8s\u202f\u00bb, ajoute-t-il.<\/p>\n<p>\u00ab\u202fLa tenue \u00e0 Laval de l\u2019\u00e9dition 2023 du Championnat national\u202f2023 est une occasion extraordinaire de mettre en valeur nos infrastructures sportives de haut calibre et pour nos attraits et \u00e9tablissements h\u00f4teliers de d\u00e9montrer leur sens de l\u2019accueil et leur savoir-faire. Ainsi, cet \u00e9v\u00e9nement g\u00e9n\u00e9rera d\u2019importantes retomb\u00e9es \u00e9conomiques, touristiques et sociales. Laval SportCit\u00e9 est fi\u00e8re d\u2019avoir contribu\u00e9 \u00e0 ce qu\u2019une comp\u00e9tition aussi prestigieuse se tienne \u00e0 Laval\u202f\u00bb, affirme Genevi\u00e8ve Roy, pr\u00e9sidente-directrice g\u00e9n\u00e9rale de Tourisme Laval.<\/p>\n","protected":false},"excerpt":{"rendered":"<p>LAVAL, Mercredi le 2 novembre 2022 \u2013 Karat\u00e9 Canada, en partenariat avec Karat\u00e9 Qu\u00e9bec, annonce que son Championnat national\u202f2023 aura lieu \u00e0 Laval, du 7 au 9\u202fjuillet 2023. Plus de 1\u202f000\u202fathl\u00e8tes, membres du personnel de soutien, amis et proches convergeront vers la Place Bell pour ce qui s\u2019annonce d\u2019ores et d\u00e9j\u00e0 une m\u00e9morable fin de [&hellip;]<\/p>\n","protected":false},"author":20,"featured_media":5832,"comment_status":"open","ping_status":"open","sticky":false,"template":"","format":"standard","meta":{"_acf_changed":false,"footnotes":""},"categories":[],"tags":[],"class_list":["post-13706","post","type-post","status-publish","format-standard","has-post-thumbnail","hentry"],"acf":[],"yoast_head":"<!-- This site is optimized with the Yoast SEO plugin v27.3 - https:\/\/yoast.com\/product\/yoast-seo-wordpress\/ -->\n<title>LAVAL S\u00c9LECTIONN\u00c9E POUR LE CHAMPIONNAT NATIONAL DE KARAT\u00c9 CANADA\u202f2023 - Karate Canada<\/title>\n<meta name=\"robots\" content=\"index, follow, max-snippet:-1, max-image-preview:large, max-video-preview:-1\" \/>\n<link rel=\"canonical\" href=\"https:\/\/karatecanada.org\/fr\/laval-selectionnee-pour-le-championnat-national-de-karate-canada-2023\/\" \/>\n<meta property=\"og:locale\" content=\"fr_FR\" \/>\n<meta property=\"og:type\" content=\"article\" \/>\n<meta property=\"og:title\" content=\"LAVAL S\u00c9LECTIONN\u00c9E POUR LE CHAMPIONNAT NATIONAL DE KARAT\u00c9 CANADA\u202f2023 - Karate Canada\" \/>\n<meta property=\"og:description\" content=\"LAVAL, Mercredi le 2 novembre 2022 \u2013 Karat\u00e9 Canada, en partenariat avec Karat\u00e9 Qu\u00e9bec, annonce que son Championnat national\u202f2023 aura lieu \u00e0 Laval, du 7 au 9\u202fjuillet 2023. Plus de 1\u202f000\u202fathl\u00e8tes, membres du personnel de soutien, amis et proches convergeront vers la Place Bell pour ce qui s\u2019annonce d\u2019ores et d\u00e9j\u00e0 une m\u00e9morable fin de [&hellip;]\" \/>\n<meta property=\"og:url\" content=\"https:\/\/karatecanada.org\/fr\/laval-selectionnee-pour-le-championnat-national-de-karate-canada-2023\/\" \/>\n<meta property=\"og:site_name\" content=\"Karate Canada\" \/>\n<meta property=\"article:published_time\" content=\"2022-11-02T11:00:35+00:00\" \/>\n<meta property=\"article:modified_time\" content=\"2022-11-02T13:46:56+00:00\" \/>\n<meta property=\"og:image\" content=\"https:\/\/karatecanada.org\/wp-content\/uploads\/2018\/05\/gni-3b.jpg\" \/>\n\t<meta property=\"og:image:width\" content=\"768\" \/>\n\t<meta property=\"og:image:height\" content=\"492\" \/>\n\t<meta property=\"og:image:type\" content=\"image\/jpeg\" \/>\n<meta name=\"author\" content=\"Daphn\u00e9 Trahan-Perreault\" \/>\n<meta name=\"twitter:card\" content=\"summary_large_image\" \/>\n<meta name=\"twitter:label1\" content=\"\u00c9crit par\" \/>\n\t<meta name=\"twitter:data1\" content=\"Daphn\u00e9 Trahan-Perreault\" \/>\n\t<meta name=\"twitter:label2\" content=\"Dur\u00e9e de lecture estim\u00e9e\" \/>\n\t<meta name=\"twitter:data2\" content=\"1 minute\" \/>\n<script type=\"application\/ld+json\" class=\"yoast-schema-graph\">{\"@context\":\"https:\\\/\\\/schema.org\",\"@graph\":[{\"@type\":\"Article\",\"@id\":\"https:\\\/\\\/karatecanada.org\\\/fr\\\/laval-selectionnee-pour-le-championnat-national-de-karate-canada-2023\\\/#article\",\"isPartOf\":{\"@id\":\"https:\\\/\\\/karatecanada.org\\\/fr\\\/laval-selectionnee-pour-le-championnat-national-de-karate-canada-2023\\\/\"},\"author\":{\"name\":\"Daphn\u00e9 Trahan-Perreault\",\"@id\":\"https:\\\/\\\/karatecanada.org\\\/fr\\\/#\\\/schema\\\/person\\\/3587eadfcc0037acd86cc0ba7b8f6d65\"},\"headline\":\"LAVAL S\u00c9LECTIONN\u00c9E POUR LE CHAMPIONNAT NATIONAL DE KARAT\u00c9 CANADA\u202f2023\",\"datePublished\":\"2022-11-02T11:00:35+00:00\",\"dateModified\":\"2022-11-02T13:46:56+00:00\",\"mainEntityOfPage\":{\"@id\":\"https:\\\/\\\/karatecanada.org\\\/fr\\\/laval-selectionnee-pour-le-championnat-national-de-karate-canada-2023\\\/\"},\"wordCount\":308,\"commentCount\":0,\"image\":{\"@id\":\"https:\\\/\\\/karatecanada.org\\\/fr\\\/laval-selectionnee-pour-le-championnat-national-de-karate-canada-2023\\\/#primaryimage\"},\"thumbnailUrl\":\"https:\\\/\\\/karatecanada.org\\\/wp-content\\\/uploads\\\/2018\\\/05\\\/gni-3b.jpg\",\"inLanguage\":\"fr-FR\",\"potentialAction\":[{\"@type\":\"CommentAction\",\"name\":\"Comment\",\"target\":[\"https:\\\/\\\/karatecanada.org\\\/fr\\\/laval-selectionnee-pour-le-championnat-national-de-karate-canada-2023\\\/#respond\"]}]},{\"@type\":\"WebPage\",\"@id\":\"https:\\\/\\\/karatecanada.org\\\/fr\\\/laval-selectionnee-pour-le-championnat-national-de-karate-canada-2023\\\/\",\"url\":\"https:\\\/\\\/karatecanada.org\\\/fr\\\/laval-selectionnee-pour-le-championnat-national-de-karate-canada-2023\\\/\",\"name\":\"LAVAL S\u00c9LECTIONN\u00c9E POUR LE CHAMPIONNAT NATIONAL DE KARAT\u00c9 CANADA\u202f2023 - Karate Canada\",\"isPartOf\":{\"@id\":\"https:\\\/\\\/karatecanada.org\\\/fr\\\/#website\"},\"primaryImageOfPage\":{\"@id\":\"https:\\\/\\\/karatecanada.org\\\/fr\\\/laval-selectionnee-pour-le-championnat-national-de-karate-canada-2023\\\/#primaryimage\"},\"image\":{\"@id\":\"https:\\\/\\\/karatecanada.org\\\/fr\\\/laval-selectionnee-pour-le-championnat-national-de-karate-canada-2023\\\/#primaryimage\"},\"thumbnailUrl\":\"https:\\\/\\\/karatecanada.org\\\/wp-content\\\/uploads\\\/2018\\\/05\\\/gni-3b.jpg\",\"datePublished\":\"2022-11-02T11:00:35+00:00\",\"dateModified\":\"2022-11-02T13:46:56+00:00\",\"author\":{\"@id\":\"https:\\\/\\\/karatecanada.org\\\/fr\\\/#\\\/schema\\\/person\\\/3587eadfcc0037acd86cc0ba7b8f6d65\"},\"breadcrumb\":{\"@id\":\"https:\\\/\\\/karatecanada.org\\\/fr\\\/laval-selectionnee-pour-le-championnat-national-de-karate-canada-2023\\\/#breadcrumb\"},\"inLanguage\":\"fr-FR\",\"potentialAction\":[{\"@type\":\"ReadAction\",\"target\":[\"https:\\\/\\\/karatecanada.org\\\/fr\\\/laval-selectionnee-pour-le-championnat-national-de-karate-canada-2023\\\/\"]}]},{\"@type\":\"ImageObject\",\"inLanguage\":\"fr-FR\",\"@id\":\"https:\\\/\\\/karatecanada.org\\\/fr\\\/laval-selectionnee-pour-le-championnat-national-de-karate-canada-2023\\\/#primaryimage\",\"url\":\"https:\\\/\\\/karatecanada.org\\\/wp-content\\\/uploads\\\/2018\\\/05\\\/gni-3b.jpg\",\"contentUrl\":\"https:\\\/\\\/karatecanada.org\\\/wp-content\\\/uploads\\\/2018\\\/05\\\/gni-3b.jpg\",\"width\":768,\"height\":492},{\"@type\":\"BreadcrumbList\",\"@id\":\"https:\\\/\\\/karatecanada.org\\\/fr\\\/laval-selectionnee-pour-le-championnat-national-de-karate-canada-2023\\\/#breadcrumb\",\"itemListElement\":[{\"@type\":\"ListItem\",\"position\":1,\"name\":\"Home\",\"item\":\"https:\\\/\\\/karatecanada.org\\\/fr\\\/\"},{\"@type\":\"ListItem\",\"position\":2,\"name\":\"LAVAL S\u00c9LECTIONN\u00c9E POUR LE CHAMPIONNAT NATIONAL DE KARAT\u00c9 CANADA\u202f2023\"}]},{\"@type\":\"WebSite\",\"@id\":\"https:\\\/\\\/karatecanada.org\\\/fr\\\/#website\",\"url\":\"https:\\\/\\\/karatecanada.org\\\/fr\\\/\",\"name\":\"Karate Canada\",\"description\":\"Just another WordPress site\",\"potentialAction\":[{\"@type\":\"SearchAction\",\"target\":{\"@type\":\"EntryPoint\",\"urlTemplate\":\"https:\\\/\\\/karatecanada.org\\\/fr\\\/?s={search_term_string}\"},\"query-input\":{\"@type\":\"PropertyValueSpecification\",\"valueRequired\":true,\"valueName\":\"search_term_string\"}}],\"inLanguage\":\"fr-FR\"},{\"@type\":\"Person\",\"@id\":\"https:\\\/\\\/karatecanada.org\\\/fr\\\/#\\\/schema\\\/person\\\/3587eadfcc0037acd86cc0ba7b8f6d65\",\"name\":\"Daphn\u00e9 Trahan-Perreault\",\"image\":{\"@type\":\"ImageObject\",\"inLanguage\":\"fr-FR\",\"@id\":\"https:\\\/\\\/secure.gravatar.com\\\/avatar\\\/bda01302af9a8e12f723f5da81ff14e33c5ad7a822da604676d1d168ff3b8ec1?s=96&d=mm&r=g\",\"url\":\"https:\\\/\\\/secure.gravatar.com\\\/avatar\\\/bda01302af9a8e12f723f5da81ff14e33c5ad7a822da604676d1d168ff3b8ec1?s=96&d=mm&r=g\",\"contentUrl\":\"https:\\\/\\\/secure.gravatar.com\\\/avatar\\\/bda01302af9a8e12f723f5da81ff14e33c5ad7a822da604676d1d168ff3b8ec1?s=96&d=mm&r=g\",\"caption\":\"Daphn\u00e9 Trahan-Perreault\"},\"url\":\"https:\\\/\\\/karatecanada.org\\\/fr\\\/author\\\/daphne\\\/\"}]}<\/script>\n<!-- \/ Yoast SEO plugin. -->","yoast_head_json":{"title":"LAVAL S\u00c9LECTIONN\u00c9E POUR LE CHAMPIONNAT NATIONAL DE KARAT\u00c9 CANADA\u202f2023 - Karate Canada","robots":{"index":"index","follow":"follow","max-snippet":"max-snippet:-1","max-image-preview":"max-image-preview:large","max-video-preview":"max-video-preview:-1"},"canonical":"https:\/\/karatecanada.org\/fr\/laval-selectionnee-pour-le-championnat-national-de-karate-canada-2023\/","og_locale":"fr_FR","og_type":"article","og_title":"LAVAL S\u00c9LECTIONN\u00c9E POUR LE CHAMPIONNAT NATIONAL DE KARAT\u00c9 CANADA\u202f2023 - Karate Canada","og_description":"LAVAL, Mercredi le 2 novembre 2022 \u2013 Karat\u00e9 Canada, en partenariat avec Karat\u00e9 Qu\u00e9bec, annonce que son Championnat national\u202f2023 aura lieu \u00e0 Laval, du 7 au 9\u202fjuillet 2023. Plus de 1\u202f000\u202fathl\u00e8tes, membres du personnel de soutien, amis et proches convergeront vers la Place Bell pour ce qui s\u2019annonce d\u2019ores et d\u00e9j\u00e0 une m\u00e9morable fin de [&hellip;]","og_url":"https:\/\/karatecanada.org\/fr\/laval-selectionnee-pour-le-championnat-national-de-karate-canada-2023\/","og_site_name":"Karate Canada","article_published_time":"2022-11-02T11:00:35+00:00","article_modified_time":"2022-11-02T13:46:56+00:00","og_image":[{"width":768,"height":492,"url":"https:\/\/karatecanada.org\/wp-content\/uploads\/2018\/05\/gni-3b.jpg","type":"image\/jpeg"}],"author":"Daphn\u00e9 Trahan-Perreault","twitter_card":"summary_large_image","twitter_misc":{"\u00c9crit par":"Daphn\u00e9 Trahan-Perreault","Dur\u00e9e de lecture estim\u00e9e":"1 minute"},"schema":{"@context":"https:\/\/schema.org","@graph":[{"@type":"Article","@id":"https:\/\/karatecanada.org\/fr\/laval-selectionnee-pour-le-championnat-national-de-karate-canada-2023\/#article","isPartOf":{"@id":"https:\/\/karatecanada.org\/fr\/laval-selectionnee-pour-le-championnat-national-de-karate-canada-2023\/"},"author":{"name":"Daphn\u00e9 Trahan-Perreault","@id":"https:\/\/karatecanada.org\/fr\/#\/schema\/person\/3587eadfcc0037acd86cc0ba7b8f6d65"},"headline":"LAVAL S\u00c9LECTIONN\u00c9E POUR LE CHAMPIONNAT NATIONAL DE KARAT\u00c9 CANADA\u202f2023","datePublished":"2022-11-02T11:00:35+00:00","dateModified":"2022-11-02T13:46:56+00:00","mainEntityOfPage":{"@id":"https:\/\/karatecanada.org\/fr\/laval-selectionnee-pour-le-championnat-national-de-karate-canada-2023\/"},"wordCount":308,"commentCount":0,"image":{"@id":"https:\/\/karatecanada.org\/fr\/laval-selectionnee-pour-le-championnat-national-de-karate-canada-2023\/#primaryimage"},"thumbnailUrl":"https:\/\/karatecanada.org\/wp-content\/uploads\/2018\/05\/gni-3b.jpg","inLanguage":"fr-FR","potentialAction":[{"@type":"CommentAction","name":"Comment","target":["https:\/\/karatecanada.org\/fr\/laval-selectionnee-pour-le-championnat-national-de-karate-canada-2023\/#respond"]}]},{"@type":"WebPage","@id":"https:\/\/karatecanada.org\/fr\/laval-selectionnee-pour-le-championnat-national-de-karate-canada-2023\/","url":"https:\/\/karatecanada.org\/fr\/laval-selectionnee-pour-le-championnat-national-de-karate-canada-2023\/","name":"LAVAL S\u00c9LECTIONN\u00c9E POUR LE CHAMPIONNAT NATIONAL DE KARAT\u00c9 CANADA\u202f2023 - Karate Canada","isPartOf":{"@id":"https:\/\/karatecanada.org\/fr\/#website"},"primaryImageOfPage":{"@id":"https:\/\/karatecanada.org\/fr\/laval-selectionnee-pour-le-championnat-national-de-karate-canada-2023\/#primaryimage"},"image":{"@id":"https:\/\/karatecanada.org\/fr\/laval-selectionnee-pour-le-championnat-national-de-karate-canada-2023\/#primaryimage"},"thumbnailUrl":"https:\/\/karatecanada.org\/wp-content\/uploads\/2018\/05\/gni-3b.jpg","datePublished":"2022-11-02T11:00:35+00:00","dateModified":"2022-11-02T13:46:56+00:00","author":{"@id":"https:\/\/karatecanada.org\/fr\/#\/schema\/person\/3587eadfcc0037acd86cc0ba7b8f6d65"},"breadcrumb":{"@id":"https:\/\/karatecanada.org\/fr\/laval-selectionnee-pour-le-championnat-national-de-karate-canada-2023\/#breadcrumb"},"inLanguage":"fr-FR","potentialAction":[{"@type":"ReadAction","target":["https:\/\/karatecanada.org\/fr\/laval-selectionnee-pour-le-championnat-national-de-karate-canada-2023\/"]}]},{"@type":"ImageObject","inLanguage":"fr-FR","@id":"https:\/\/karatecanada.org\/fr\/laval-selectionnee-pour-le-championnat-national-de-karate-canada-2023\/#primaryimage","url":"https:\/\/karatecanada.org\/wp-content\/uploads\/2018\/05\/gni-3b.jpg","contentUrl":"https:\/\/karatecanada.org\/wp-content\/uploads\/2018\/05\/gni-3b.jpg","width":768,"height":492},{"@type":"BreadcrumbList","@id":"https:\/\/karatecanada.org\/fr\/laval-selectionnee-pour-le-championnat-national-de-karate-canada-2023\/#breadcrumb","itemListElement":[{"@type":"ListItem","position":1,"name":"Home","item":"https:\/\/karatecanada.org\/fr\/"},{"@type":"ListItem","position":2,"name":"LAVAL S\u00c9LECTIONN\u00c9E POUR LE CHAMPIONNAT NATIONAL DE KARAT\u00c9 CANADA\u202f2023"}]},{"@type":"WebSite","@id":"https:\/\/karatecanada.org\/fr\/#website","url":"https:\/\/karatecanada.org\/fr\/","name":"Karate Canada","description":"Just another WordPress site","potentialAction":[{"@type":"SearchAction","target":{"@type":"EntryPoint","urlTemplate":"https:\/\/karatecanada.org\/fr\/?s={search_term_string}"},"query-input":{"@type":"PropertyValueSpecification","valueRequired":true,"valueName":"search_term_string"}}],"inLanguage":"fr-FR"},{"@type":"Person","@id":"https:\/\/karatecanada.org\/fr\/#\/schema\/person\/3587eadfcc0037acd86cc0ba7b8f6d65","name":"Daphn\u00e9 Trahan-Perreault","image":{"@type":"ImageObject","inLanguage":"fr-FR","@id":"https:\/\/secure.gravatar.com\/avatar\/bda01302af9a8e12f723f5da81ff14e33c5ad7a822da604676d1d168ff3b8ec1?s=96&d=mm&r=g","url":"https:\/\/secure.gravatar.com\/avatar\/bda01302af9a8e12f723f5da81ff14e33c5ad7a822da604676d1d168ff3b8ec1?s=96&d=mm&r=g","contentUrl":"https:\/\/secure.gravatar.com\/avatar\/bda01302af9a8e12f723f5da81ff14e33c5ad7a822da604676d1d168ff3b8ec1?s=96&d=mm&r=g","caption":"Daphn\u00e9 Trahan-Perreault"},"url":"https:\/\/karatecanada.org\/fr\/author\/daphne\/"}]}},"featured_image_src":"https:\/\/karatecanada.org\/wp-content\/uploads\/2018\/05\/gni-3b-768x492.jpg","date_format":"novembre 02, 2022","_links":{"self":[{"href":"https:\/\/karatecanada.org\/fr\/wp-json\/wp\/v2\/posts\/13706","targetHints":{"allow":["GET"]}}],"collection":[{"href":"https:\/\/karatecanada.org\/fr\/wp-json\/wp\/v2\/posts"}],"about":[{"href":"https:\/\/karatecanada.org\/fr\/wp-json\/wp\/v2\/types\/post"}],"author":[{"embeddable":true,"href":"https:\/\/karatecanada.org\/fr\/wp-json\/wp\/v2\/users\/20"}],"replies":[{"embeddable":true,"href":"https:\/\/karatecanada.org\/fr\/wp-json\/wp\/v2\/comments?post=13706"}],"version-history":[{"count":0,"href":"https:\/\/karatecanada.org\/fr\/wp-json\/wp\/v2\/posts\/13706\/revisions"}],"wp:featuredmedia":[{"embeddable":true,"href":"https:\/\/karatecanada.org\/fr\/wp-json\/wp\/v2\/media\/5832"}],"wp:attachment":[{"href":"https:\/\/karatecanada.org\/fr\/wp-json\/wp\/v2\/media?parent=13706"}],"wp:term":[{"taxonomy":"category","embeddable":true,"href":"https:\/\/karatecanada.org\/fr\/wp-json\/wp\/v2\/categories?post=13706"},{"taxonomy":"post_tag","embeddable":true,"href":"https:\/\/karatecanada.org\/fr\/wp-json\/wp\/v2\/tags?post=13706"}],"curies":[{"name":"wp","href":"https:\/\/api.w.org\/{rel}","templated":true}]}}