{"id":13965,"date":"2023-03-21T16:28:40","date_gmt":"2023-03-21T20:28:40","guid":{"rendered":"https:\/\/karatecanada.org\/?p=13965"},"modified":"2023-03-21T16:58:46","modified_gmt":"2023-03-21T20:58:46","slug":"karate-canada-se-joint-a-sport-sans-abus-le-20-mars-2023","status":"publish","type":"post","link":"https:\/\/karatecanada.org\/fr\/karate-canada-se-joint-a-sport-sans-abus-le-20-mars-2023\/","title":{"rendered":"KARAT\u00c9 CANADA SE JOINT \u00c0 SPORT SANS ABUS LE 20 MARS 2023"},"content":{"rendered":"<p><strong>MONTR\u00c9AL\u2014<\/strong>Karat\u00e9 Canada a poursuivi son engagement \u00e0 assurer un environnement s\u00e9curitaire et accueillant pour tous en signant une entente pour se joindre \u00e0 Sport sans abus, le nouveau programme ind\u00e9pendant visant \u00e0 pr\u00e9venir et \u00e0 contrer les mauvais traitements dans le sport.<\/p>\n<p>Karat\u00e9 Canada et ses intervenants au niveau national auront acc\u00e8s aux services du Bureau du commissaire \u00e0 l&rsquo;int\u00e9grit\u00e9 du sport (BICS), qui sert de plaque tournante \u00e0 Sport sans abus, au plus tard le 20 mars 2023.<\/p>\n<p>&lt;&lt;Karat\u00e9 Canada croit que toute personne qui participe \u00e0 un sport a le droit de vivre une exp\u00e9rience positive, peu importe son niveau d&rsquo;habilet\u00e9 ou ses capacit\u00e9s. Un environnement d&rsquo;entra\u00eenement et de comp\u00e9tition s\u00e9curitaire et inclusif pour les athl\u00e8tes, les entra\u00eeneurs, les officiels, les b\u00e9n\u00e9voles et les partisans est essentiel \u00e0 la sant\u00e9 \u00e0 long terme de notre sport et constitue notre principale priorit\u00e9 \u00ab\u00a0, a d\u00e9clar\u00e9 Chris Bright, directeur g\u00e9n\u00e9ral de Karat\u00e9 Canada. \u00ab\u00a0L&rsquo;adh\u00e9sion au programme Sport sans abus est un autre pas en avant dans notre engagement continu \u00e0 assurer la pr\u00e9servation d&rsquo;une communaut\u00e9 de karat\u00e9 s\u00e9curitaire.&gt;&gt;<\/p>\n<p>Pour plus d&rsquo;information sur le programme Sport sans abus, cliquez ICI, sur l&rsquo;OSIC, cliquez ICI, et sur Karat\u00e9 Canada, cliquez ICI.<\/p>\n<p>Pour plus d&rsquo;information sur Karat\u00e9 Canada, veuillez nous visiter \u00e0 www.karatecanada.org.<\/p>\n<p>&nbsp;<\/p>\n","protected":false},"excerpt":{"rendered":"<p>MONTR\u00c9AL\u2014Karat\u00e9 Canada a poursuivi son engagement \u00e0 assurer un environnement s\u00e9curitaire et accueillant pour tous en signant une entente pour se joindre \u00e0 Sport sans abus, le nouveau programme ind\u00e9pendant visant \u00e0 pr\u00e9venir et \u00e0 contrer les mauvais traitements dans le sport. Karat\u00e9 Canada et ses intervenants au niveau national auront acc\u00e8s aux services du [&hellip;]<\/p>\n","protected":false},"author":23,"featured_media":13967,"comment_status":"open","ping_status":"open","sticky":false,"template":"","format":"standard","meta":{"_acf_changed":false,"footnotes":""},"categories":[],"tags":[],"class_list":["post-13965","post","type-post","status-publish","format-standard","has-post-thumbnail","hentry"],"acf":[],"yoast_head":"<!-- This site is optimized with the Yoast SEO plugin v27.3 - https:\/\/yoast.com\/product\/yoast-seo-wordpress\/ -->\n<title>KARAT\u00c9 CANADA SE JOINT \u00c0 SPORT SANS ABUS LE 20 MARS 2023 - Karate Canada<\/title>\n<meta name=\"robots\" content=\"index, follow, max-snippet:-1, max-image-preview:large, max-video-preview:-1\" \/>\n<link rel=\"canonical\" href=\"https:\/\/karatecanada.org\/fr\/karate-canada-se-joint-a-sport-sans-abus-le-20-mars-2023\/\" \/>\n<meta property=\"og:locale\" content=\"fr_FR\" \/>\n<meta property=\"og:type\" content=\"article\" \/>\n<meta property=\"og:title\" content=\"KARAT\u00c9 CANADA SE JOINT \u00c0 SPORT SANS ABUS LE 20 MARS 2023 - Karate Canada\" \/>\n<meta property=\"og:description\" content=\"MONTR\u00c9AL\u2014Karat\u00e9 Canada a poursuivi son engagement \u00e0 assurer un environnement s\u00e9curitaire et accueillant pour tous en signant une entente pour se joindre \u00e0 Sport sans abus, le nouveau programme ind\u00e9pendant visant \u00e0 pr\u00e9venir et \u00e0 contrer les mauvais traitements dans le sport. Karat\u00e9 Canada et ses intervenants au niveau national auront acc\u00e8s aux services du [&hellip;]\" \/>\n<meta property=\"og:url\" content=\"https:\/\/karatecanada.org\/fr\/karate-canada-se-joint-a-sport-sans-abus-le-20-mars-2023\/\" \/>\n<meta property=\"og:site_name\" content=\"Karate Canada\" \/>\n<meta property=\"article:published_time\" content=\"2023-03-21T20:28:40+00:00\" \/>\n<meta property=\"article:modified_time\" content=\"2023-03-21T20:58:46+00:00\" \/>\n<meta property=\"og:image\" content=\"https:\/\/karatecanada.org\/wp-content\/uploads\/2023\/03\/AFSSA_official-COLOR_TM-MC-copy2.jpg\" \/>\n\t<meta property=\"og:image:width\" content=\"768\" \/>\n\t<meta property=\"og:image:height\" content=\"466\" \/>\n\t<meta property=\"og:image:type\" content=\"image\/jpeg\" \/>\n<meta name=\"author\" content=\"Communications\" \/>\n<meta name=\"twitter:card\" content=\"summary_large_image\" \/>\n<meta name=\"twitter:label1\" content=\"\u00c9crit par\" \/>\n\t<meta name=\"twitter:data1\" content=\"Communications\" \/>\n\t<meta name=\"twitter:label2\" content=\"Dur\u00e9e de lecture estim\u00e9e\" \/>\n\t<meta name=\"twitter:data2\" content=\"1 minute\" \/>\n<script type=\"application\/ld+json\" class=\"yoast-schema-graph\">{\"@context\":\"https:\\\/\\\/schema.org\",\"@graph\":[{\"@type\":\"Article\",\"@id\":\"https:\\\/\\\/karatecanada.org\\\/fr\\\/karate-canada-se-joint-a-sport-sans-abus-le-20-mars-2023\\\/#article\",\"isPartOf\":{\"@id\":\"https:\\\/\\\/karatecanada.org\\\/fr\\\/karate-canada-se-joint-a-sport-sans-abus-le-20-mars-2023\\\/\"},\"author\":{\"name\":\"Communications\",\"@id\":\"https:\\\/\\\/karatecanada.org\\\/fr\\\/#\\\/schema\\\/person\\\/988e972365c92bb026416d07b954f7cd\"},\"headline\":\"KARAT\u00c9 CANADA SE JOINT \u00c0 SPORT SANS ABUS LE 20 MARS 2023\",\"datePublished\":\"2023-03-21T20:28:40+00:00\",\"dateModified\":\"2023-03-21T20:58:46+00:00\",\"mainEntityOfPage\":{\"@id\":\"https:\\\/\\\/karatecanada.org\\\/fr\\\/karate-canada-se-joint-a-sport-sans-abus-le-20-mars-2023\\\/\"},\"wordCount\":242,\"commentCount\":0,\"image\":{\"@id\":\"https:\\\/\\\/karatecanada.org\\\/fr\\\/karate-canada-se-joint-a-sport-sans-abus-le-20-mars-2023\\\/#primaryimage\"},\"thumbnailUrl\":\"https:\\\/\\\/karatecanada.org\\\/wp-content\\\/uploads\\\/2023\\\/03\\\/AFSSA_official-COLOR_TM-MC-copy2.jpg\",\"inLanguage\":\"fr-FR\",\"potentialAction\":[{\"@type\":\"CommentAction\",\"name\":\"Comment\",\"target\":[\"https:\\\/\\\/karatecanada.org\\\/fr\\\/karate-canada-se-joint-a-sport-sans-abus-le-20-mars-2023\\\/#respond\"]}]},{\"@type\":\"WebPage\",\"@id\":\"https:\\\/\\\/karatecanada.org\\\/fr\\\/karate-canada-se-joint-a-sport-sans-abus-le-20-mars-2023\\\/\",\"url\":\"https:\\\/\\\/karatecanada.org\\\/fr\\\/karate-canada-se-joint-a-sport-sans-abus-le-20-mars-2023\\\/\",\"name\":\"KARAT\u00c9 CANADA SE JOINT \u00c0 SPORT SANS ABUS LE 20 MARS 2023 - Karate Canada\",\"isPartOf\":{\"@id\":\"https:\\\/\\\/karatecanada.org\\\/fr\\\/#website\"},\"primaryImageOfPage\":{\"@id\":\"https:\\\/\\\/karatecanada.org\\\/fr\\\/karate-canada-se-joint-a-sport-sans-abus-le-20-mars-2023\\\/#primaryimage\"},\"image\":{\"@id\":\"https:\\\/\\\/karatecanada.org\\\/fr\\\/karate-canada-se-joint-a-sport-sans-abus-le-20-mars-2023\\\/#primaryimage\"},\"thumbnailUrl\":\"https:\\\/\\\/karatecanada.org\\\/wp-content\\\/uploads\\\/2023\\\/03\\\/AFSSA_official-COLOR_TM-MC-copy2.jpg\",\"datePublished\":\"2023-03-21T20:28:40+00:00\",\"dateModified\":\"2023-03-21T20:58:46+00:00\",\"author\":{\"@id\":\"https:\\\/\\\/karatecanada.org\\\/fr\\\/#\\\/schema\\\/person\\\/988e972365c92bb026416d07b954f7cd\"},\"breadcrumb\":{\"@id\":\"https:\\\/\\\/karatecanada.org\\\/fr\\\/karate-canada-se-joint-a-sport-sans-abus-le-20-mars-2023\\\/#breadcrumb\"},\"inLanguage\":\"fr-FR\",\"potentialAction\":[{\"@type\":\"ReadAction\",\"target\":[\"https:\\\/\\\/karatecanada.org\\\/fr\\\/karate-canada-se-joint-a-sport-sans-abus-le-20-mars-2023\\\/\"]}]},{\"@type\":\"ImageObject\",\"inLanguage\":\"fr-FR\",\"@id\":\"https:\\\/\\\/karatecanada.org\\\/fr\\\/karate-canada-se-joint-a-sport-sans-abus-le-20-mars-2023\\\/#primaryimage\",\"url\":\"https:\\\/\\\/karatecanada.org\\\/wp-content\\\/uploads\\\/2023\\\/03\\\/AFSSA_official-COLOR_TM-MC-copy2.jpg\",\"contentUrl\":\"https:\\\/\\\/karatecanada.org\\\/wp-content\\\/uploads\\\/2023\\\/03\\\/AFSSA_official-COLOR_TM-MC-copy2.jpg\",\"width\":768,\"height\":466},{\"@type\":\"BreadcrumbList\",\"@id\":\"https:\\\/\\\/karatecanada.org\\\/fr\\\/karate-canada-se-joint-a-sport-sans-abus-le-20-mars-2023\\\/#breadcrumb\",\"itemListElement\":[{\"@type\":\"ListItem\",\"position\":1,\"name\":\"Home\",\"item\":\"https:\\\/\\\/karatecanada.org\\\/fr\\\/\"},{\"@type\":\"ListItem\",\"position\":2,\"name\":\"KARAT\u00c9 CANADA SE JOINT \u00c0 SPORT SANS ABUS LE 20 MARS 2023\"}]},{\"@type\":\"WebSite\",\"@id\":\"https:\\\/\\\/karatecanada.org\\\/fr\\\/#website\",\"url\":\"https:\\\/\\\/karatecanada.org\\\/fr\\\/\",\"name\":\"Karate Canada\",\"description\":\"Just another WordPress site\",\"potentialAction\":[{\"@type\":\"SearchAction\",\"target\":{\"@type\":\"EntryPoint\",\"urlTemplate\":\"https:\\\/\\\/karatecanada.org\\\/fr\\\/?s={search_term_string}\"},\"query-input\":{\"@type\":\"PropertyValueSpecification\",\"valueRequired\":true,\"valueName\":\"search_term_string\"}}],\"inLanguage\":\"fr-FR\"},{\"@type\":\"Person\",\"@id\":\"https:\\\/\\\/karatecanada.org\\\/fr\\\/#\\\/schema\\\/person\\\/988e972365c92bb026416d07b954f7cd\",\"name\":\"Communications\",\"image\":{\"@type\":\"ImageObject\",\"inLanguage\":\"fr-FR\",\"@id\":\"https:\\\/\\\/secure.gravatar.com\\\/avatar\\\/c3e124a30864c5675661687ecb2b4e8814e43ecab28d305f7eea76d2d1e46fa1?s=96&d=mm&r=g\",\"url\":\"https:\\\/\\\/secure.gravatar.com\\\/avatar\\\/c3e124a30864c5675661687ecb2b4e8814e43ecab28d305f7eea76d2d1e46fa1?s=96&d=mm&r=g\",\"contentUrl\":\"https:\\\/\\\/secure.gravatar.com\\\/avatar\\\/c3e124a30864c5675661687ecb2b4e8814e43ecab28d305f7eea76d2d1e46fa1?s=96&d=mm&r=g\",\"caption\":\"Communications\"},\"url\":\"https:\\\/\\\/karatecanada.org\\\/fr\\\/author\\\/communicationskaratecanada-org\\\/\"}]}<\/script>\n<!-- \/ Yoast SEO plugin. -->","yoast_head_json":{"title":"KARAT\u00c9 CANADA SE JOINT \u00c0 SPORT SANS ABUS LE 20 MARS 2023 - Karate Canada","robots":{"index":"index","follow":"follow","max-snippet":"max-snippet:-1","max-image-preview":"max-image-preview:large","max-video-preview":"max-video-preview:-1"},"canonical":"https:\/\/karatecanada.org\/fr\/karate-canada-se-joint-a-sport-sans-abus-le-20-mars-2023\/","og_locale":"fr_FR","og_type":"article","og_title":"KARAT\u00c9 CANADA SE JOINT \u00c0 SPORT SANS ABUS LE 20 MARS 2023 - Karate Canada","og_description":"MONTR\u00c9AL\u2014Karat\u00e9 Canada a poursuivi son engagement \u00e0 assurer un environnement s\u00e9curitaire et accueillant pour tous en signant une entente pour se joindre \u00e0 Sport sans abus, le nouveau programme ind\u00e9pendant visant \u00e0 pr\u00e9venir et \u00e0 contrer les mauvais traitements dans le sport. Karat\u00e9 Canada et ses intervenants au niveau national auront acc\u00e8s aux services du [&hellip;]","og_url":"https:\/\/karatecanada.org\/fr\/karate-canada-se-joint-a-sport-sans-abus-le-20-mars-2023\/","og_site_name":"Karate Canada","article_published_time":"2023-03-21T20:28:40+00:00","article_modified_time":"2023-03-21T20:58:46+00:00","og_image":[{"width":768,"height":466,"url":"https:\/\/karatecanada.org\/wp-content\/uploads\/2023\/03\/AFSSA_official-COLOR_TM-MC-copy2.jpg","type":"image\/jpeg"}],"author":"Communications","twitter_card":"summary_large_image","twitter_misc":{"\u00c9crit par":"Communications","Dur\u00e9e de lecture estim\u00e9e":"1 minute"},"schema":{"@context":"https:\/\/schema.org","@graph":[{"@type":"Article","@id":"https:\/\/karatecanada.org\/fr\/karate-canada-se-joint-a-sport-sans-abus-le-20-mars-2023\/#article","isPartOf":{"@id":"https:\/\/karatecanada.org\/fr\/karate-canada-se-joint-a-sport-sans-abus-le-20-mars-2023\/"},"author":{"name":"Communications","@id":"https:\/\/karatecanada.org\/fr\/#\/schema\/person\/988e972365c92bb026416d07b954f7cd"},"headline":"KARAT\u00c9 CANADA SE JOINT \u00c0 SPORT SANS ABUS LE 20 MARS 2023","datePublished":"2023-03-21T20:28:40+00:00","dateModified":"2023-03-21T20:58:46+00:00","mainEntityOfPage":{"@id":"https:\/\/karatecanada.org\/fr\/karate-canada-se-joint-a-sport-sans-abus-le-20-mars-2023\/"},"wordCount":242,"commentCount":0,"image":{"@id":"https:\/\/karatecanada.org\/fr\/karate-canada-se-joint-a-sport-sans-abus-le-20-mars-2023\/#primaryimage"},"thumbnailUrl":"https:\/\/karatecanada.org\/wp-content\/uploads\/2023\/03\/AFSSA_official-COLOR_TM-MC-copy2.jpg","inLanguage":"fr-FR","potentialAction":[{"@type":"CommentAction","name":"Comment","target":["https:\/\/karatecanada.org\/fr\/karate-canada-se-joint-a-sport-sans-abus-le-20-mars-2023\/#respond"]}]},{"@type":"WebPage","@id":"https:\/\/karatecanada.org\/fr\/karate-canada-se-joint-a-sport-sans-abus-le-20-mars-2023\/","url":"https:\/\/karatecanada.org\/fr\/karate-canada-se-joint-a-sport-sans-abus-le-20-mars-2023\/","name":"KARAT\u00c9 CANADA SE JOINT \u00c0 SPORT SANS ABUS LE 20 MARS 2023 - Karate Canada","isPartOf":{"@id":"https:\/\/karatecanada.org\/fr\/#website"},"primaryImageOfPage":{"@id":"https:\/\/karatecanada.org\/fr\/karate-canada-se-joint-a-sport-sans-abus-le-20-mars-2023\/#primaryimage"},"image":{"@id":"https:\/\/karatecanada.org\/fr\/karate-canada-se-joint-a-sport-sans-abus-le-20-mars-2023\/#primaryimage"},"thumbnailUrl":"https:\/\/karatecanada.org\/wp-content\/uploads\/2023\/03\/AFSSA_official-COLOR_TM-MC-copy2.jpg","datePublished":"2023-03-21T20:28:40+00:00","dateModified":"2023-03-21T20:58:46+00:00","author":{"@id":"https:\/\/karatecanada.org\/fr\/#\/schema\/person\/988e972365c92bb026416d07b954f7cd"},"breadcrumb":{"@id":"https:\/\/karatecanada.org\/fr\/karate-canada-se-joint-a-sport-sans-abus-le-20-mars-2023\/#breadcrumb"},"inLanguage":"fr-FR","potentialAction":[{"@type":"ReadAction","target":["https:\/\/karatecanada.org\/fr\/karate-canada-se-joint-a-sport-sans-abus-le-20-mars-2023\/"]}]},{"@type":"ImageObject","inLanguage":"fr-FR","@id":"https:\/\/karatecanada.org\/fr\/karate-canada-se-joint-a-sport-sans-abus-le-20-mars-2023\/#primaryimage","url":"https:\/\/karatecanada.org\/wp-content\/uploads\/2023\/03\/AFSSA_official-COLOR_TM-MC-copy2.jpg","contentUrl":"https:\/\/karatecanada.org\/wp-content\/uploads\/2023\/03\/AFSSA_official-COLOR_TM-MC-copy2.jpg","width":768,"height":466},{"@type":"BreadcrumbList","@id":"https:\/\/karatecanada.org\/fr\/karate-canada-se-joint-a-sport-sans-abus-le-20-mars-2023\/#breadcrumb","itemListElement":[{"@type":"ListItem","position":1,"name":"Home","item":"https:\/\/karatecanada.org\/fr\/"},{"@type":"ListItem","position":2,"name":"KARAT\u00c9 CANADA SE JOINT \u00c0 SPORT SANS ABUS LE 20 MARS 2023"}]},{"@type":"WebSite","@id":"https:\/\/karatecanada.org\/fr\/#website","url":"https:\/\/karatecanada.org\/fr\/","name":"Karate Canada","description":"Just another WordPress site","potentialAction":[{"@type":"SearchAction","target":{"@type":"EntryPoint","urlTemplate":"https:\/\/karatecanada.org\/fr\/?s={search_term_string}"},"query-input":{"@type":"PropertyValueSpecification","valueRequired":true,"valueName":"search_term_string"}}],"inLanguage":"fr-FR"},{"@type":"Person","@id":"https:\/\/karatecanada.org\/fr\/#\/schema\/person\/988e972365c92bb026416d07b954f7cd","name":"Communications","image":{"@type":"ImageObject","inLanguage":"fr-FR","@id":"https:\/\/secure.gravatar.com\/avatar\/c3e124a30864c5675661687ecb2b4e8814e43ecab28d305f7eea76d2d1e46fa1?s=96&d=mm&r=g","url":"https:\/\/secure.gravatar.com\/avatar\/c3e124a30864c5675661687ecb2b4e8814e43ecab28d305f7eea76d2d1e46fa1?s=96&d=mm&r=g","contentUrl":"https:\/\/secure.gravatar.com\/avatar\/c3e124a30864c5675661687ecb2b4e8814e43ecab28d305f7eea76d2d1e46fa1?s=96&d=mm&r=g","caption":"Communications"},"url":"https:\/\/karatecanada.org\/fr\/author\/communicationskaratecanada-org\/"}]}},"featured_image_src":"https:\/\/karatecanada.org\/wp-content\/uploads\/2023\/03\/AFSSA_official-COLOR_TM-MC-copy2.jpg","date_format":"mars 21, 2023","_links":{"self":[{"href":"https:\/\/karatecanada.org\/fr\/wp-json\/wp\/v2\/posts\/13965","targetHints":{"allow":["GET"]}}],"collection":[{"href":"https:\/\/karatecanada.org\/fr\/wp-json\/wp\/v2\/posts"}],"about":[{"href":"https:\/\/karatecanada.org\/fr\/wp-json\/wp\/v2\/types\/post"}],"author":[{"embeddable":true,"href":"https:\/\/karatecanada.org\/fr\/wp-json\/wp\/v2\/users\/23"}],"replies":[{"embeddable":true,"href":"https:\/\/karatecanada.org\/fr\/wp-json\/wp\/v2\/comments?post=13965"}],"version-history":[{"count":0,"href":"https:\/\/karatecanada.org\/fr\/wp-json\/wp\/v2\/posts\/13965\/revisions"}],"wp:featuredmedia":[{"embeddable":true,"href":"https:\/\/karatecanada.org\/fr\/wp-json\/wp\/v2\/media\/13967"}],"wp:attachment":[{"href":"https:\/\/karatecanada.org\/fr\/wp-json\/wp\/v2\/media?parent=13965"}],"wp:term":[{"taxonomy":"category","embeddable":true,"href":"https:\/\/karatecanada.org\/fr\/wp-json\/wp\/v2\/categories?post=13965"},{"taxonomy":"post_tag","embeddable":true,"href":"https:\/\/karatecanada.org\/fr\/wp-json\/wp\/v2\/tags?post=13965"}],"curies":[{"name":"wp","href":"https:\/\/api.w.org\/{rel}","templated":true}]}}