{"id":14535,"date":"2024-06-06T12:30:56","date_gmt":"2024-06-06T16:30:56","guid":{"rendered":"https:\/\/karatecanada.org\/?p=14535"},"modified":"2024-06-06T12:30:56","modified_gmt":"2024-06-06T16:30:56","slug":"convocation-a-lassemblee-generale-extraordinaire","status":"publish","type":"post","link":"https:\/\/karatecanada.org\/fr\/convocation-a-lassemblee-generale-extraordinaire\/","title":{"rendered":"Convocation \u00e0 l&rsquo;assembl\u00e9e g\u00e9n\u00e9rale extraordinaire"},"content":{"rendered":"<p>Convocation \u00e0 l&rsquo;assembl\u00e9e g\u00e9n\u00e9rale extraordinaire des membres<br \/>\nLe 3 juillet 2024 &#8211; 9h00 HAE<br \/>\nLaval, Qu\u00e9bec &#8211; H\u00f4tel Sheraton Laval<br \/>\n( salle \u00e0 pr\u00e9ciser)<\/p>\n","protected":false},"excerpt":{"rendered":"<p>Convocation \u00e0 l&rsquo;assembl\u00e9e g\u00e9n\u00e9rale extraordinaire des membres Le 3 juillet 2024 &#8211; 9h00 HAE Laval, Qu\u00e9bec &#8211; H\u00f4tel Sheraton Laval ( salle \u00e0 pr\u00e9ciser)<\/p>\n","protected":false},"author":23,"featured_media":14534,"comment_status":"open","ping_status":"open","sticky":false,"template":"","format":"standard","meta":{"_acf_changed":false,"footnotes":""},"categories":[],"tags":[],"class_list":["post-14535","post","type-post","status-publish","format-standard","has-post-thumbnail","hentry"],"acf":[],"yoast_head":"<!-- This site is optimized with the Yoast SEO plugin v27.3 - https:\/\/yoast.com\/product\/yoast-seo-wordpress\/ -->\n<title>Convocation \u00e0 l&#039;assembl\u00e9e g\u00e9n\u00e9rale extraordinaire - Karate Canada<\/title>\n<meta name=\"robots\" content=\"index, follow, max-snippet:-1, max-image-preview:large, max-video-preview:-1\" \/>\n<link rel=\"canonical\" href=\"https:\/\/karatecanada.org\/fr\/convocation-a-lassemblee-generale-extraordinaire\/\" \/>\n<meta property=\"og:locale\" content=\"fr_FR\" \/>\n<meta property=\"og:type\" content=\"article\" \/>\n<meta property=\"og:title\" content=\"Convocation \u00e0 l&#039;assembl\u00e9e g\u00e9n\u00e9rale extraordinaire - Karate Canada\" \/>\n<meta property=\"og:description\" content=\"Convocation \u00e0 l&rsquo;assembl\u00e9e g\u00e9n\u00e9rale extraordinaire des membres Le 3 juillet 2024 &#8211; 9h00 HAE Laval, Qu\u00e9bec &#8211; H\u00f4tel Sheraton Laval ( salle \u00e0 pr\u00e9ciser)\" \/>\n<meta property=\"og:url\" content=\"https:\/\/karatecanada.org\/fr\/convocation-a-lassemblee-generale-extraordinaire\/\" \/>\n<meta property=\"og:site_name\" content=\"Karate Canada\" \/>\n<meta property=\"article:published_time\" content=\"2024-06-06T16:30:56+00:00\" \/>\n<meta property=\"og:image\" content=\"https:\/\/karatecanada.org\/wp-content\/uploads\/2024\/06\/330611656_1335201707275242_4305924405380156823_n.jpeg\" \/>\n\t<meta property=\"og:image:width\" content=\"492\" \/>\n\t<meta property=\"og:image:height\" content=\"492\" \/>\n\t<meta property=\"og:image:type\" content=\"image\/jpeg\" \/>\n<meta name=\"author\" content=\"Communications\" \/>\n<meta name=\"twitter:card\" content=\"summary_large_image\" \/>\n<meta name=\"twitter:label1\" content=\"\u00c9crit par\" \/>\n\t<meta name=\"twitter:data1\" content=\"Communications\" \/>\n<script type=\"application\/ld+json\" class=\"yoast-schema-graph\">{\"@context\":\"https:\\\/\\\/schema.org\",\"@graph\":[{\"@type\":\"Article\",\"@id\":\"https:\\\/\\\/karatecanada.org\\\/fr\\\/convocation-a-lassemblee-generale-extraordinaire\\\/#article\",\"isPartOf\":{\"@id\":\"https:\\\/\\\/karatecanada.org\\\/fr\\\/convocation-a-lassemblee-generale-extraordinaire\\\/\"},\"author\":{\"name\":\"Communications\",\"@id\":\"https:\\\/\\\/karatecanada.org\\\/fr\\\/#\\\/schema\\\/person\\\/988e972365c92bb026416d07b954f7cd\"},\"headline\":\"Convocation \u00e0 l&rsquo;assembl\u00e9e g\u00e9n\u00e9rale extraordinaire\",\"datePublished\":\"2024-06-06T16:30:56+00:00\",\"mainEntityOfPage\":{\"@id\":\"https:\\\/\\\/karatecanada.org\\\/fr\\\/convocation-a-lassemblee-generale-extraordinaire\\\/\"},\"wordCount\":34,\"commentCount\":0,\"image\":{\"@id\":\"https:\\\/\\\/karatecanada.org\\\/fr\\\/convocation-a-lassemblee-generale-extraordinaire\\\/#primaryimage\"},\"thumbnailUrl\":\"https:\\\/\\\/karatecanada.org\\\/wp-content\\\/uploads\\\/2024\\\/06\\\/330611656_1335201707275242_4305924405380156823_n.jpeg\",\"inLanguage\":\"fr-FR\",\"potentialAction\":[{\"@type\":\"CommentAction\",\"name\":\"Comment\",\"target\":[\"https:\\\/\\\/karatecanada.org\\\/fr\\\/convocation-a-lassemblee-generale-extraordinaire\\\/#respond\"]}]},{\"@type\":\"WebPage\",\"@id\":\"https:\\\/\\\/karatecanada.org\\\/fr\\\/convocation-a-lassemblee-generale-extraordinaire\\\/\",\"url\":\"https:\\\/\\\/karatecanada.org\\\/fr\\\/convocation-a-lassemblee-generale-extraordinaire\\\/\",\"name\":\"Convocation \u00e0 l'assembl\u00e9e g\u00e9n\u00e9rale extraordinaire - Karate Canada\",\"isPartOf\":{\"@id\":\"https:\\\/\\\/karatecanada.org\\\/fr\\\/#website\"},\"primaryImageOfPage\":{\"@id\":\"https:\\\/\\\/karatecanada.org\\\/fr\\\/convocation-a-lassemblee-generale-extraordinaire\\\/#primaryimage\"},\"image\":{\"@id\":\"https:\\\/\\\/karatecanada.org\\\/fr\\\/convocation-a-lassemblee-generale-extraordinaire\\\/#primaryimage\"},\"thumbnailUrl\":\"https:\\\/\\\/karatecanada.org\\\/wp-content\\\/uploads\\\/2024\\\/06\\\/330611656_1335201707275242_4305924405380156823_n.jpeg\",\"datePublished\":\"2024-06-06T16:30:56+00:00\",\"author\":{\"@id\":\"https:\\\/\\\/karatecanada.org\\\/fr\\\/#\\\/schema\\\/person\\\/988e972365c92bb026416d07b954f7cd\"},\"breadcrumb\":{\"@id\":\"https:\\\/\\\/karatecanada.org\\\/fr\\\/convocation-a-lassemblee-generale-extraordinaire\\\/#breadcrumb\"},\"inLanguage\":\"fr-FR\",\"potentialAction\":[{\"@type\":\"ReadAction\",\"target\":[\"https:\\\/\\\/karatecanada.org\\\/fr\\\/convocation-a-lassemblee-generale-extraordinaire\\\/\"]}]},{\"@type\":\"ImageObject\",\"inLanguage\":\"fr-FR\",\"@id\":\"https:\\\/\\\/karatecanada.org\\\/fr\\\/convocation-a-lassemblee-generale-extraordinaire\\\/#primaryimage\",\"url\":\"https:\\\/\\\/karatecanada.org\\\/wp-content\\\/uploads\\\/2024\\\/06\\\/330611656_1335201707275242_4305924405380156823_n.jpeg\",\"contentUrl\":\"https:\\\/\\\/karatecanada.org\\\/wp-content\\\/uploads\\\/2024\\\/06\\\/330611656_1335201707275242_4305924405380156823_n.jpeg\",\"width\":492,\"height\":492},{\"@type\":\"BreadcrumbList\",\"@id\":\"https:\\\/\\\/karatecanada.org\\\/fr\\\/convocation-a-lassemblee-generale-extraordinaire\\\/#breadcrumb\",\"itemListElement\":[{\"@type\":\"ListItem\",\"position\":1,\"name\":\"Home\",\"item\":\"https:\\\/\\\/karatecanada.org\\\/fr\\\/\"},{\"@type\":\"ListItem\",\"position\":2,\"name\":\"Convocation \u00e0 l&#8217;assembl\u00e9e g\u00e9n\u00e9rale extraordinaire\"}]},{\"@type\":\"WebSite\",\"@id\":\"https:\\\/\\\/karatecanada.org\\\/fr\\\/#website\",\"url\":\"https:\\\/\\\/karatecanada.org\\\/fr\\\/\",\"name\":\"Karate Canada\",\"description\":\"Just another WordPress site\",\"potentialAction\":[{\"@type\":\"SearchAction\",\"target\":{\"@type\":\"EntryPoint\",\"urlTemplate\":\"https:\\\/\\\/karatecanada.org\\\/fr\\\/?s={search_term_string}\"},\"query-input\":{\"@type\":\"PropertyValueSpecification\",\"valueRequired\":true,\"valueName\":\"search_term_string\"}}],\"inLanguage\":\"fr-FR\"},{\"@type\":\"Person\",\"@id\":\"https:\\\/\\\/karatecanada.org\\\/fr\\\/#\\\/schema\\\/person\\\/988e972365c92bb026416d07b954f7cd\",\"name\":\"Communications\",\"image\":{\"@type\":\"ImageObject\",\"inLanguage\":\"fr-FR\",\"@id\":\"https:\\\/\\\/secure.gravatar.com\\\/avatar\\\/c3e124a30864c5675661687ecb2b4e8814e43ecab28d305f7eea76d2d1e46fa1?s=96&d=mm&r=g\",\"url\":\"https:\\\/\\\/secure.gravatar.com\\\/avatar\\\/c3e124a30864c5675661687ecb2b4e8814e43ecab28d305f7eea76d2d1e46fa1?s=96&d=mm&r=g\",\"contentUrl\":\"https:\\\/\\\/secure.gravatar.com\\\/avatar\\\/c3e124a30864c5675661687ecb2b4e8814e43ecab28d305f7eea76d2d1e46fa1?s=96&d=mm&r=g\",\"caption\":\"Communications\"},\"url\":\"https:\\\/\\\/karatecanada.org\\\/fr\\\/author\\\/communicationskaratecanada-org\\\/\"}]}<\/script>\n<!-- \/ Yoast SEO plugin. -->","yoast_head_json":{"title":"Convocation \u00e0 l'assembl\u00e9e g\u00e9n\u00e9rale extraordinaire - Karate Canada","robots":{"index":"index","follow":"follow","max-snippet":"max-snippet:-1","max-image-preview":"max-image-preview:large","max-video-preview":"max-video-preview:-1"},"canonical":"https:\/\/karatecanada.org\/fr\/convocation-a-lassemblee-generale-extraordinaire\/","og_locale":"fr_FR","og_type":"article","og_title":"Convocation \u00e0 l'assembl\u00e9e g\u00e9n\u00e9rale extraordinaire - Karate Canada","og_description":"Convocation \u00e0 l&rsquo;assembl\u00e9e g\u00e9n\u00e9rale extraordinaire des membres Le 3 juillet 2024 &#8211; 9h00 HAE Laval, Qu\u00e9bec &#8211; H\u00f4tel Sheraton Laval ( salle \u00e0 pr\u00e9ciser)","og_url":"https:\/\/karatecanada.org\/fr\/convocation-a-lassemblee-generale-extraordinaire\/","og_site_name":"Karate Canada","article_published_time":"2024-06-06T16:30:56+00:00","og_image":[{"width":492,"height":492,"url":"https:\/\/karatecanada.org\/wp-content\/uploads\/2024\/06\/330611656_1335201707275242_4305924405380156823_n.jpeg","type":"image\/jpeg"}],"author":"Communications","twitter_card":"summary_large_image","twitter_misc":{"\u00c9crit par":"Communications"},"schema":{"@context":"https:\/\/schema.org","@graph":[{"@type":"Article","@id":"https:\/\/karatecanada.org\/fr\/convocation-a-lassemblee-generale-extraordinaire\/#article","isPartOf":{"@id":"https:\/\/karatecanada.org\/fr\/convocation-a-lassemblee-generale-extraordinaire\/"},"author":{"name":"Communications","@id":"https:\/\/karatecanada.org\/fr\/#\/schema\/person\/988e972365c92bb026416d07b954f7cd"},"headline":"Convocation \u00e0 l&rsquo;assembl\u00e9e g\u00e9n\u00e9rale extraordinaire","datePublished":"2024-06-06T16:30:56+00:00","mainEntityOfPage":{"@id":"https:\/\/karatecanada.org\/fr\/convocation-a-lassemblee-generale-extraordinaire\/"},"wordCount":34,"commentCount":0,"image":{"@id":"https:\/\/karatecanada.org\/fr\/convocation-a-lassemblee-generale-extraordinaire\/#primaryimage"},"thumbnailUrl":"https:\/\/karatecanada.org\/wp-content\/uploads\/2024\/06\/330611656_1335201707275242_4305924405380156823_n.jpeg","inLanguage":"fr-FR","potentialAction":[{"@type":"CommentAction","name":"Comment","target":["https:\/\/karatecanada.org\/fr\/convocation-a-lassemblee-generale-extraordinaire\/#respond"]}]},{"@type":"WebPage","@id":"https:\/\/karatecanada.org\/fr\/convocation-a-lassemblee-generale-extraordinaire\/","url":"https:\/\/karatecanada.org\/fr\/convocation-a-lassemblee-generale-extraordinaire\/","name":"Convocation \u00e0 l'assembl\u00e9e g\u00e9n\u00e9rale extraordinaire - Karate Canada","isPartOf":{"@id":"https:\/\/karatecanada.org\/fr\/#website"},"primaryImageOfPage":{"@id":"https:\/\/karatecanada.org\/fr\/convocation-a-lassemblee-generale-extraordinaire\/#primaryimage"},"image":{"@id":"https:\/\/karatecanada.org\/fr\/convocation-a-lassemblee-generale-extraordinaire\/#primaryimage"},"thumbnailUrl":"https:\/\/karatecanada.org\/wp-content\/uploads\/2024\/06\/330611656_1335201707275242_4305924405380156823_n.jpeg","datePublished":"2024-06-06T16:30:56+00:00","author":{"@id":"https:\/\/karatecanada.org\/fr\/#\/schema\/person\/988e972365c92bb026416d07b954f7cd"},"breadcrumb":{"@id":"https:\/\/karatecanada.org\/fr\/convocation-a-lassemblee-generale-extraordinaire\/#breadcrumb"},"inLanguage":"fr-FR","potentialAction":[{"@type":"ReadAction","target":["https:\/\/karatecanada.org\/fr\/convocation-a-lassemblee-generale-extraordinaire\/"]}]},{"@type":"ImageObject","inLanguage":"fr-FR","@id":"https:\/\/karatecanada.org\/fr\/convocation-a-lassemblee-generale-extraordinaire\/#primaryimage","url":"https:\/\/karatecanada.org\/wp-content\/uploads\/2024\/06\/330611656_1335201707275242_4305924405380156823_n.jpeg","contentUrl":"https:\/\/karatecanada.org\/wp-content\/uploads\/2024\/06\/330611656_1335201707275242_4305924405380156823_n.jpeg","width":492,"height":492},{"@type":"BreadcrumbList","@id":"https:\/\/karatecanada.org\/fr\/convocation-a-lassemblee-generale-extraordinaire\/#breadcrumb","itemListElement":[{"@type":"ListItem","position":1,"name":"Home","item":"https:\/\/karatecanada.org\/fr\/"},{"@type":"ListItem","position":2,"name":"Convocation \u00e0 l&#8217;assembl\u00e9e g\u00e9n\u00e9rale extraordinaire"}]},{"@type":"WebSite","@id":"https:\/\/karatecanada.org\/fr\/#website","url":"https:\/\/karatecanada.org\/fr\/","name":"Karate Canada","description":"Just another WordPress site","potentialAction":[{"@type":"SearchAction","target":{"@type":"EntryPoint","urlTemplate":"https:\/\/karatecanada.org\/fr\/?s={search_term_string}"},"query-input":{"@type":"PropertyValueSpecification","valueRequired":true,"valueName":"search_term_string"}}],"inLanguage":"fr-FR"},{"@type":"Person","@id":"https:\/\/karatecanada.org\/fr\/#\/schema\/person\/988e972365c92bb026416d07b954f7cd","name":"Communications","image":{"@type":"ImageObject","inLanguage":"fr-FR","@id":"https:\/\/secure.gravatar.com\/avatar\/c3e124a30864c5675661687ecb2b4e8814e43ecab28d305f7eea76d2d1e46fa1?s=96&d=mm&r=g","url":"https:\/\/secure.gravatar.com\/avatar\/c3e124a30864c5675661687ecb2b4e8814e43ecab28d305f7eea76d2d1e46fa1?s=96&d=mm&r=g","contentUrl":"https:\/\/secure.gravatar.com\/avatar\/c3e124a30864c5675661687ecb2b4e8814e43ecab28d305f7eea76d2d1e46fa1?s=96&d=mm&r=g","caption":"Communications"},"url":"https:\/\/karatecanada.org\/fr\/author\/communicationskaratecanada-org\/"}]}},"featured_image_src":"https:\/\/karatecanada.org\/wp-content\/uploads\/2024\/06\/330611656_1335201707275242_4305924405380156823_n.jpeg","date_format":"juin 06, 2024","_links":{"self":[{"href":"https:\/\/karatecanada.org\/fr\/wp-json\/wp\/v2\/posts\/14535","targetHints":{"allow":["GET"]}}],"collection":[{"href":"https:\/\/karatecanada.org\/fr\/wp-json\/wp\/v2\/posts"}],"about":[{"href":"https:\/\/karatecanada.org\/fr\/wp-json\/wp\/v2\/types\/post"}],"author":[{"embeddable":true,"href":"https:\/\/karatecanada.org\/fr\/wp-json\/wp\/v2\/users\/23"}],"replies":[{"embeddable":true,"href":"https:\/\/karatecanada.org\/fr\/wp-json\/wp\/v2\/comments?post=14535"}],"version-history":[{"count":0,"href":"https:\/\/karatecanada.org\/fr\/wp-json\/wp\/v2\/posts\/14535\/revisions"}],"wp:featuredmedia":[{"embeddable":true,"href":"https:\/\/karatecanada.org\/fr\/wp-json\/wp\/v2\/media\/14534"}],"wp:attachment":[{"href":"https:\/\/karatecanada.org\/fr\/wp-json\/wp\/v2\/media?parent=14535"}],"wp:term":[{"taxonomy":"category","embeddable":true,"href":"https:\/\/karatecanada.org\/fr\/wp-json\/wp\/v2\/categories?post=14535"},{"taxonomy":"post_tag","embeddable":true,"href":"https:\/\/karatecanada.org\/fr\/wp-json\/wp\/v2\/tags?post=14535"}],"curies":[{"name":"wp","href":"https:\/\/api.w.org\/{rel}","templated":true}]}}