{"id":14739,"date":"2025-01-08T14:15:04","date_gmt":"2025-01-08T19:15:04","guid":{"rendered":"https:\/\/karatecanada.org\/?p=14739"},"modified":"2025-01-08T14:15:43","modified_gmt":"2025-01-08T19:15:43","slug":"karate-canada-lance-un-programme-de-subvention-a-la-performance","status":"publish","type":"post","link":"https:\/\/karatecanada.org\/fr\/karate-canada-lance-un-programme-de-subvention-a-la-performance\/","title":{"rendered":"Karat\u00e9 Canada lance un programme de subvention \u00e0 la performance"},"content":{"rendered":"<p>Chers athl\u00e8tes, entra\u00eeneurs et membres de la communaut\u00e9 de Karat\u00e9 Canada,<\/p>\n<p>Nous sommes heureux d&rsquo;annoncer le lancement d&rsquo;un nouveau <strong>programme de subventions \u00e0 la performance<\/strong> visant \u00e0 reconna\u00eetre et \u00e0 r\u00e9compenser les r\u00e9alisations exceptionnelles de nos athl\u00e8tes sur la sc\u00e8ne internationale. Cette initiative souligne notre engagement \u00e0 soutenir les athl\u00e8tes qui repr\u00e9sentent le Canada avec fiert\u00e9 et qui montent sur le podium.<\/p>\n<p>Pour plus de d\u00e9tails, et pour consulter la liste des b\u00e9n\u00e9ficiaires pr\u00e9sentement \u00e9ligibles et les instructions pour r\u00e9clamer cette subvention, veuillez SVP consulter le lien suivant:<\/p>\n<p><a title=\"https:\/\/karatecanada.us14.list-manage.com\/track\/click?u=69bf3c80b4a9c5741ffe30eec&amp;id=c05f951532&amp;e=b7ccbf5e85\" contenteditable=\"false\" href=\"https:\/\/karatecanada.us14.list-manage.com\/track\/click?u=69bf3c80b4a9c5741ffe30eec&amp;id=c05f951532&amp;e=b7ccbf5e85\" target=\"_blank\" rel=\"noopener\">https:\/\/drive.google.com\/file\/d\/1gZeLJp35nhMQXvjyX9L7JCgBjlH7HhYk\/view?usp=sharing<\/a><\/p>\n","protected":false},"excerpt":{"rendered":"<p>Chers athl\u00e8tes, entra\u00eeneurs et membres de la communaut\u00e9 de Karat\u00e9 Canada, Nous sommes heureux d&rsquo;annoncer le lancement d&rsquo;un nouveau programme de subventions \u00e0 la performance visant \u00e0 reconna\u00eetre et \u00e0 r\u00e9compenser les r\u00e9alisations exceptionnelles de nos athl\u00e8tes sur la sc\u00e8ne internationale. Cette initiative souligne notre engagement \u00e0 soutenir les athl\u00e8tes qui repr\u00e9sentent le Canada avec [&hellip;]<\/p>\n","protected":false},"author":23,"featured_media":14534,"comment_status":"open","ping_status":"open","sticky":false,"template":"","format":"standard","meta":{"_acf_changed":false,"footnotes":""},"categories":[],"tags":[],"class_list":["post-14739","post","type-post","status-publish","format-standard","has-post-thumbnail","hentry"],"acf":[],"yoast_head":"<!-- This site is optimized with the Yoast SEO plugin v27.3 - https:\/\/yoast.com\/product\/yoast-seo-wordpress\/ -->\n<title>Karat\u00e9 Canada lance un programme de subvention \u00e0 la performance - Karate Canada<\/title>\n<meta name=\"robots\" content=\"index, follow, max-snippet:-1, max-image-preview:large, max-video-preview:-1\" \/>\n<link rel=\"canonical\" href=\"https:\/\/karatecanada.org\/fr\/karate-canada-lance-un-programme-de-subvention-a-la-performance\/\" \/>\n<meta property=\"og:locale\" content=\"fr_FR\" \/>\n<meta property=\"og:type\" content=\"article\" \/>\n<meta property=\"og:title\" content=\"Karat\u00e9 Canada lance un programme de subvention \u00e0 la performance - Karate Canada\" \/>\n<meta property=\"og:description\" content=\"Chers athl\u00e8tes, entra\u00eeneurs et membres de la communaut\u00e9 de Karat\u00e9 Canada, Nous sommes heureux d&rsquo;annoncer le lancement d&rsquo;un nouveau programme de subventions \u00e0 la performance visant \u00e0 reconna\u00eetre et \u00e0 r\u00e9compenser les r\u00e9alisations exceptionnelles de nos athl\u00e8tes sur la sc\u00e8ne internationale. Cette initiative souligne notre engagement \u00e0 soutenir les athl\u00e8tes qui repr\u00e9sentent le Canada avec [&hellip;]\" \/>\n<meta property=\"og:url\" content=\"https:\/\/karatecanada.org\/fr\/karate-canada-lance-un-programme-de-subvention-a-la-performance\/\" \/>\n<meta property=\"og:site_name\" content=\"Karate Canada\" \/>\n<meta property=\"article:published_time\" content=\"2025-01-08T19:15:04+00:00\" \/>\n<meta property=\"article:modified_time\" content=\"2025-01-08T19:15:43+00:00\" \/>\n<meta property=\"og:image\" content=\"https:\/\/karatecanada.org\/wp-content\/uploads\/2024\/06\/330611656_1335201707275242_4305924405380156823_n.jpeg\" \/>\n\t<meta property=\"og:image:width\" content=\"492\" \/>\n\t<meta property=\"og:image:height\" content=\"492\" \/>\n\t<meta property=\"og:image:type\" content=\"image\/jpeg\" \/>\n<meta name=\"author\" content=\"Communications\" \/>\n<meta name=\"twitter:card\" content=\"summary_large_image\" \/>\n<meta name=\"twitter:label1\" content=\"\u00c9crit par\" \/>\n\t<meta name=\"twitter:data1\" content=\"Communications\" \/>\n\t<meta name=\"twitter:label2\" content=\"Dur\u00e9e de lecture estim\u00e9e\" \/>\n\t<meta name=\"twitter:data2\" content=\"1 minute\" \/>\n<script type=\"application\/ld+json\" class=\"yoast-schema-graph\">{\"@context\":\"https:\\\/\\\/schema.org\",\"@graph\":[{\"@type\":\"Article\",\"@id\":\"https:\\\/\\\/karatecanada.org\\\/fr\\\/karate-canada-lance-un-programme-de-subvention-a-la-performance\\\/#article\",\"isPartOf\":{\"@id\":\"https:\\\/\\\/karatecanada.org\\\/fr\\\/karate-canada-lance-un-programme-de-subvention-a-la-performance\\\/\"},\"author\":{\"name\":\"Communications\",\"@id\":\"https:\\\/\\\/karatecanada.org\\\/fr\\\/#\\\/schema\\\/person\\\/988e972365c92bb026416d07b954f7cd\"},\"headline\":\"Karat\u00e9 Canada lance un programme de subvention \u00e0 la performance\",\"datePublished\":\"2025-01-08T19:15:04+00:00\",\"dateModified\":\"2025-01-08T19:15:43+00:00\",\"mainEntityOfPage\":{\"@id\":\"https:\\\/\\\/karatecanada.org\\\/fr\\\/karate-canada-lance-un-programme-de-subvention-a-la-performance\\\/\"},\"wordCount\":123,\"commentCount\":0,\"image\":{\"@id\":\"https:\\\/\\\/karatecanada.org\\\/fr\\\/karate-canada-lance-un-programme-de-subvention-a-la-performance\\\/#primaryimage\"},\"thumbnailUrl\":\"https:\\\/\\\/karatecanada.org\\\/wp-content\\\/uploads\\\/2024\\\/06\\\/330611656_1335201707275242_4305924405380156823_n.jpeg\",\"inLanguage\":\"fr-FR\",\"potentialAction\":[{\"@type\":\"CommentAction\",\"name\":\"Comment\",\"target\":[\"https:\\\/\\\/karatecanada.org\\\/fr\\\/karate-canada-lance-un-programme-de-subvention-a-la-performance\\\/#respond\"]}]},{\"@type\":\"WebPage\",\"@id\":\"https:\\\/\\\/karatecanada.org\\\/fr\\\/karate-canada-lance-un-programme-de-subvention-a-la-performance\\\/\",\"url\":\"https:\\\/\\\/karatecanada.org\\\/fr\\\/karate-canada-lance-un-programme-de-subvention-a-la-performance\\\/\",\"name\":\"Karat\u00e9 Canada lance un programme de subvention \u00e0 la performance - Karate Canada\",\"isPartOf\":{\"@id\":\"https:\\\/\\\/karatecanada.org\\\/fr\\\/#website\"},\"primaryImageOfPage\":{\"@id\":\"https:\\\/\\\/karatecanada.org\\\/fr\\\/karate-canada-lance-un-programme-de-subvention-a-la-performance\\\/#primaryimage\"},\"image\":{\"@id\":\"https:\\\/\\\/karatecanada.org\\\/fr\\\/karate-canada-lance-un-programme-de-subvention-a-la-performance\\\/#primaryimage\"},\"thumbnailUrl\":\"https:\\\/\\\/karatecanada.org\\\/wp-content\\\/uploads\\\/2024\\\/06\\\/330611656_1335201707275242_4305924405380156823_n.jpeg\",\"datePublished\":\"2025-01-08T19:15:04+00:00\",\"dateModified\":\"2025-01-08T19:15:43+00:00\",\"author\":{\"@id\":\"https:\\\/\\\/karatecanada.org\\\/fr\\\/#\\\/schema\\\/person\\\/988e972365c92bb026416d07b954f7cd\"},\"breadcrumb\":{\"@id\":\"https:\\\/\\\/karatecanada.org\\\/fr\\\/karate-canada-lance-un-programme-de-subvention-a-la-performance\\\/#breadcrumb\"},\"inLanguage\":\"fr-FR\",\"potentialAction\":[{\"@type\":\"ReadAction\",\"target\":[\"https:\\\/\\\/karatecanada.org\\\/fr\\\/karate-canada-lance-un-programme-de-subvention-a-la-performance\\\/\"]}]},{\"@type\":\"ImageObject\",\"inLanguage\":\"fr-FR\",\"@id\":\"https:\\\/\\\/karatecanada.org\\\/fr\\\/karate-canada-lance-un-programme-de-subvention-a-la-performance\\\/#primaryimage\",\"url\":\"https:\\\/\\\/karatecanada.org\\\/wp-content\\\/uploads\\\/2024\\\/06\\\/330611656_1335201707275242_4305924405380156823_n.jpeg\",\"contentUrl\":\"https:\\\/\\\/karatecanada.org\\\/wp-content\\\/uploads\\\/2024\\\/06\\\/330611656_1335201707275242_4305924405380156823_n.jpeg\",\"width\":492,\"height\":492},{\"@type\":\"BreadcrumbList\",\"@id\":\"https:\\\/\\\/karatecanada.org\\\/fr\\\/karate-canada-lance-un-programme-de-subvention-a-la-performance\\\/#breadcrumb\",\"itemListElement\":[{\"@type\":\"ListItem\",\"position\":1,\"name\":\"Home\",\"item\":\"https:\\\/\\\/karatecanada.org\\\/fr\\\/\"},{\"@type\":\"ListItem\",\"position\":2,\"name\":\"Karat\u00e9 Canada lance un programme de subvention \u00e0 la performance\"}]},{\"@type\":\"WebSite\",\"@id\":\"https:\\\/\\\/karatecanada.org\\\/fr\\\/#website\",\"url\":\"https:\\\/\\\/karatecanada.org\\\/fr\\\/\",\"name\":\"Karate Canada\",\"description\":\"Just another WordPress site\",\"potentialAction\":[{\"@type\":\"SearchAction\",\"target\":{\"@type\":\"EntryPoint\",\"urlTemplate\":\"https:\\\/\\\/karatecanada.org\\\/fr\\\/?s={search_term_string}\"},\"query-input\":{\"@type\":\"PropertyValueSpecification\",\"valueRequired\":true,\"valueName\":\"search_term_string\"}}],\"inLanguage\":\"fr-FR\"},{\"@type\":\"Person\",\"@id\":\"https:\\\/\\\/karatecanada.org\\\/fr\\\/#\\\/schema\\\/person\\\/988e972365c92bb026416d07b954f7cd\",\"name\":\"Communications\",\"image\":{\"@type\":\"ImageObject\",\"inLanguage\":\"fr-FR\",\"@id\":\"https:\\\/\\\/secure.gravatar.com\\\/avatar\\\/c3e124a30864c5675661687ecb2b4e8814e43ecab28d305f7eea76d2d1e46fa1?s=96&d=mm&r=g\",\"url\":\"https:\\\/\\\/secure.gravatar.com\\\/avatar\\\/c3e124a30864c5675661687ecb2b4e8814e43ecab28d305f7eea76d2d1e46fa1?s=96&d=mm&r=g\",\"contentUrl\":\"https:\\\/\\\/secure.gravatar.com\\\/avatar\\\/c3e124a30864c5675661687ecb2b4e8814e43ecab28d305f7eea76d2d1e46fa1?s=96&d=mm&r=g\",\"caption\":\"Communications\"},\"url\":\"https:\\\/\\\/karatecanada.org\\\/fr\\\/author\\\/communicationskaratecanada-org\\\/\"}]}<\/script>\n<!-- \/ Yoast SEO plugin. -->","yoast_head_json":{"title":"Karat\u00e9 Canada lance un programme de subvention \u00e0 la performance - Karate Canada","robots":{"index":"index","follow":"follow","max-snippet":"max-snippet:-1","max-image-preview":"max-image-preview:large","max-video-preview":"max-video-preview:-1"},"canonical":"https:\/\/karatecanada.org\/fr\/karate-canada-lance-un-programme-de-subvention-a-la-performance\/","og_locale":"fr_FR","og_type":"article","og_title":"Karat\u00e9 Canada lance un programme de subvention \u00e0 la performance - Karate Canada","og_description":"Chers athl\u00e8tes, entra\u00eeneurs et membres de la communaut\u00e9 de Karat\u00e9 Canada, Nous sommes heureux d&rsquo;annoncer le lancement d&rsquo;un nouveau programme de subventions \u00e0 la performance visant \u00e0 reconna\u00eetre et \u00e0 r\u00e9compenser les r\u00e9alisations exceptionnelles de nos athl\u00e8tes sur la sc\u00e8ne internationale. Cette initiative souligne notre engagement \u00e0 soutenir les athl\u00e8tes qui repr\u00e9sentent le Canada avec [&hellip;]","og_url":"https:\/\/karatecanada.org\/fr\/karate-canada-lance-un-programme-de-subvention-a-la-performance\/","og_site_name":"Karate Canada","article_published_time":"2025-01-08T19:15:04+00:00","article_modified_time":"2025-01-08T19:15:43+00:00","og_image":[{"width":492,"height":492,"url":"https:\/\/karatecanada.org\/wp-content\/uploads\/2024\/06\/330611656_1335201707275242_4305924405380156823_n.jpeg","type":"image\/jpeg"}],"author":"Communications","twitter_card":"summary_large_image","twitter_misc":{"\u00c9crit par":"Communications","Dur\u00e9e de lecture estim\u00e9e":"1 minute"},"schema":{"@context":"https:\/\/schema.org","@graph":[{"@type":"Article","@id":"https:\/\/karatecanada.org\/fr\/karate-canada-lance-un-programme-de-subvention-a-la-performance\/#article","isPartOf":{"@id":"https:\/\/karatecanada.org\/fr\/karate-canada-lance-un-programme-de-subvention-a-la-performance\/"},"author":{"name":"Communications","@id":"https:\/\/karatecanada.org\/fr\/#\/schema\/person\/988e972365c92bb026416d07b954f7cd"},"headline":"Karat\u00e9 Canada lance un programme de subvention \u00e0 la performance","datePublished":"2025-01-08T19:15:04+00:00","dateModified":"2025-01-08T19:15:43+00:00","mainEntityOfPage":{"@id":"https:\/\/karatecanada.org\/fr\/karate-canada-lance-un-programme-de-subvention-a-la-performance\/"},"wordCount":123,"commentCount":0,"image":{"@id":"https:\/\/karatecanada.org\/fr\/karate-canada-lance-un-programme-de-subvention-a-la-performance\/#primaryimage"},"thumbnailUrl":"https:\/\/karatecanada.org\/wp-content\/uploads\/2024\/06\/330611656_1335201707275242_4305924405380156823_n.jpeg","inLanguage":"fr-FR","potentialAction":[{"@type":"CommentAction","name":"Comment","target":["https:\/\/karatecanada.org\/fr\/karate-canada-lance-un-programme-de-subvention-a-la-performance\/#respond"]}]},{"@type":"WebPage","@id":"https:\/\/karatecanada.org\/fr\/karate-canada-lance-un-programme-de-subvention-a-la-performance\/","url":"https:\/\/karatecanada.org\/fr\/karate-canada-lance-un-programme-de-subvention-a-la-performance\/","name":"Karat\u00e9 Canada lance un programme de subvention \u00e0 la performance - Karate Canada","isPartOf":{"@id":"https:\/\/karatecanada.org\/fr\/#website"},"primaryImageOfPage":{"@id":"https:\/\/karatecanada.org\/fr\/karate-canada-lance-un-programme-de-subvention-a-la-performance\/#primaryimage"},"image":{"@id":"https:\/\/karatecanada.org\/fr\/karate-canada-lance-un-programme-de-subvention-a-la-performance\/#primaryimage"},"thumbnailUrl":"https:\/\/karatecanada.org\/wp-content\/uploads\/2024\/06\/330611656_1335201707275242_4305924405380156823_n.jpeg","datePublished":"2025-01-08T19:15:04+00:00","dateModified":"2025-01-08T19:15:43+00:00","author":{"@id":"https:\/\/karatecanada.org\/fr\/#\/schema\/person\/988e972365c92bb026416d07b954f7cd"},"breadcrumb":{"@id":"https:\/\/karatecanada.org\/fr\/karate-canada-lance-un-programme-de-subvention-a-la-performance\/#breadcrumb"},"inLanguage":"fr-FR","potentialAction":[{"@type":"ReadAction","target":["https:\/\/karatecanada.org\/fr\/karate-canada-lance-un-programme-de-subvention-a-la-performance\/"]}]},{"@type":"ImageObject","inLanguage":"fr-FR","@id":"https:\/\/karatecanada.org\/fr\/karate-canada-lance-un-programme-de-subvention-a-la-performance\/#primaryimage","url":"https:\/\/karatecanada.org\/wp-content\/uploads\/2024\/06\/330611656_1335201707275242_4305924405380156823_n.jpeg","contentUrl":"https:\/\/karatecanada.org\/wp-content\/uploads\/2024\/06\/330611656_1335201707275242_4305924405380156823_n.jpeg","width":492,"height":492},{"@type":"BreadcrumbList","@id":"https:\/\/karatecanada.org\/fr\/karate-canada-lance-un-programme-de-subvention-a-la-performance\/#breadcrumb","itemListElement":[{"@type":"ListItem","position":1,"name":"Home","item":"https:\/\/karatecanada.org\/fr\/"},{"@type":"ListItem","position":2,"name":"Karat\u00e9 Canada lance un programme de subvention \u00e0 la performance"}]},{"@type":"WebSite","@id":"https:\/\/karatecanada.org\/fr\/#website","url":"https:\/\/karatecanada.org\/fr\/","name":"Karate Canada","description":"Just another WordPress site","potentialAction":[{"@type":"SearchAction","target":{"@type":"EntryPoint","urlTemplate":"https:\/\/karatecanada.org\/fr\/?s={search_term_string}"},"query-input":{"@type":"PropertyValueSpecification","valueRequired":true,"valueName":"search_term_string"}}],"inLanguage":"fr-FR"},{"@type":"Person","@id":"https:\/\/karatecanada.org\/fr\/#\/schema\/person\/988e972365c92bb026416d07b954f7cd","name":"Communications","image":{"@type":"ImageObject","inLanguage":"fr-FR","@id":"https:\/\/secure.gravatar.com\/avatar\/c3e124a30864c5675661687ecb2b4e8814e43ecab28d305f7eea76d2d1e46fa1?s=96&d=mm&r=g","url":"https:\/\/secure.gravatar.com\/avatar\/c3e124a30864c5675661687ecb2b4e8814e43ecab28d305f7eea76d2d1e46fa1?s=96&d=mm&r=g","contentUrl":"https:\/\/secure.gravatar.com\/avatar\/c3e124a30864c5675661687ecb2b4e8814e43ecab28d305f7eea76d2d1e46fa1?s=96&d=mm&r=g","caption":"Communications"},"url":"https:\/\/karatecanada.org\/fr\/author\/communicationskaratecanada-org\/"}]}},"featured_image_src":"https:\/\/karatecanada.org\/wp-content\/uploads\/2024\/06\/330611656_1335201707275242_4305924405380156823_n.jpeg","date_format":"janvier 08, 2025","_links":{"self":[{"href":"https:\/\/karatecanada.org\/fr\/wp-json\/wp\/v2\/posts\/14739","targetHints":{"allow":["GET"]}}],"collection":[{"href":"https:\/\/karatecanada.org\/fr\/wp-json\/wp\/v2\/posts"}],"about":[{"href":"https:\/\/karatecanada.org\/fr\/wp-json\/wp\/v2\/types\/post"}],"author":[{"embeddable":true,"href":"https:\/\/karatecanada.org\/fr\/wp-json\/wp\/v2\/users\/23"}],"replies":[{"embeddable":true,"href":"https:\/\/karatecanada.org\/fr\/wp-json\/wp\/v2\/comments?post=14739"}],"version-history":[{"count":0,"href":"https:\/\/karatecanada.org\/fr\/wp-json\/wp\/v2\/posts\/14739\/revisions"}],"wp:featuredmedia":[{"embeddable":true,"href":"https:\/\/karatecanada.org\/fr\/wp-json\/wp\/v2\/media\/14534"}],"wp:attachment":[{"href":"https:\/\/karatecanada.org\/fr\/wp-json\/wp\/v2\/media?parent=14739"}],"wp:term":[{"taxonomy":"category","embeddable":true,"href":"https:\/\/karatecanada.org\/fr\/wp-json\/wp\/v2\/categories?post=14739"},{"taxonomy":"post_tag","embeddable":true,"href":"https:\/\/karatecanada.org\/fr\/wp-json\/wp\/v2\/tags?post=14739"}],"curies":[{"name":"wp","href":"https:\/\/api.w.org\/{rel}","templated":true}]}}