{"id":15038,"date":"2025-04-28T18:44:44","date_gmt":"2025-04-28T22:44:44","guid":{"rendered":"https:\/\/karatecanada.org\/?p=15038"},"modified":"2025-04-28T18:44:44","modified_gmt":"2025-04-28T22:44:44","slug":"quatre-athletes-de-karate-beneficieront-du-soutien-du-paa-2","status":"publish","type":"post","link":"https:\/\/karatecanada.org\/fr\/quatre-athletes-de-karate-beneficieront-du-soutien-du-paa-2\/","title":{"rendered":"QUATRE ATHL\u00c8TES DE KARAT\u00c9 B\u00c9N\u00c9FICIERONT DU SOUTIEN DU PAA"},"content":{"rendered":"<p style=\"font-weight: 400;\">Karat\u00e9 Canada a annonc\u00e9 que, conform\u00e9ment \u00e0 ses crit\u00e8res de nomination des brevets et en fonction des r\u00e9sultats et des performances, les quatre athl\u00e8tes suivants ont tous \u00e9t\u00e9 (re)nomm\u00e9s par Sport Canada pour recevoir un soutien par l\u2019entremise du Programme d\u2019aide aux athl\u00e8tes, pour la p\u00e9riode du 1er mai 2025 au 30 avril 2026 du cycle 2025-2026 :<\/p>\n<ul>\n<li>Yamina Lahyanssa (brevet national)<\/li>\n<li>Hana Furumoto-Deshaies (brevet national)<\/li>\n<li>Claudia Laos-Loo (brevet national)<\/li>\n<li>Yassin Miri (brevet national)<\/li>\n<\/ul>\n<p style=\"font-weight: 400;\">Au nom de tous les membres de Karat\u00e9 Canada, nous f\u00e9licitons les quatre athl\u00e8tes pour leurs nominations et leur souhaitons beaucoup de succ\u00e8s dans les comp\u00e9titions \u00e0 venir !<\/p>\n<p style=\"font-weight: 400;\">Karat\u00e9 Canada remercie le gouvernement du Canada pour son soutien continu \u00e0 nos athl\u00e8tes amateurs d\u2019\u00e9lite.<\/p>\n","protected":false},"excerpt":{"rendered":"<p>Karat\u00e9 Canada a annonc\u00e9 que, conform\u00e9ment \u00e0 ses crit\u00e8res de nomination des brevets et en fonction des r\u00e9sultats et des performances, les quatre athl\u00e8tes suivants ont tous \u00e9t\u00e9 (re)nomm\u00e9s par Sport Canada pour recevoir un soutien par l\u2019entremise du Programme d\u2019aide aux athl\u00e8tes, pour la p\u00e9riode du 1er mai 2025 au 30 avril 2026 du [&hellip;]<\/p>\n","protected":false},"author":23,"featured_media":15037,"comment_status":"open","ping_status":"open","sticky":false,"template":"","format":"standard","meta":{"_acf_changed":false,"footnotes":""},"categories":[],"tags":[],"class_list":["post-15038","post","type-post","status-publish","format-standard","has-post-thumbnail","hentry"],"acf":[],"yoast_head":"<!-- This site is optimized with the Yoast SEO plugin v27.3 - https:\/\/yoast.com\/product\/yoast-seo-wordpress\/ -->\n<title>QUATRE ATHL\u00c8TES DE KARAT\u00c9 B\u00c9N\u00c9FICIERONT DU SOUTIEN DU PAA - Karate Canada<\/title>\n<meta name=\"robots\" content=\"index, follow, max-snippet:-1, max-image-preview:large, max-video-preview:-1\" \/>\n<link rel=\"canonical\" href=\"https:\/\/karatecanada.org\/fr\/quatre-athletes-de-karate-beneficieront-du-soutien-du-paa-2\/\" \/>\n<meta property=\"og:locale\" content=\"fr_FR\" \/>\n<meta property=\"og:type\" content=\"article\" \/>\n<meta property=\"og:title\" content=\"QUATRE ATHL\u00c8TES DE KARAT\u00c9 B\u00c9N\u00c9FICIERONT DU SOUTIEN DU PAA - Karate Canada\" \/>\n<meta property=\"og:description\" content=\"Karat\u00e9 Canada a annonc\u00e9 que, conform\u00e9ment \u00e0 ses crit\u00e8res de nomination des brevets et en fonction des r\u00e9sultats et des performances, les quatre athl\u00e8tes suivants ont tous \u00e9t\u00e9 (re)nomm\u00e9s par Sport Canada pour recevoir un soutien par l\u2019entremise du Programme d\u2019aide aux athl\u00e8tes, pour la p\u00e9riode du 1er mai 2025 au 30 avril 2026 du [&hellip;]\" \/>\n<meta property=\"og:url\" content=\"https:\/\/karatecanada.org\/fr\/quatre-athletes-de-karate-beneficieront-du-soutien-du-paa-2\/\" \/>\n<meta property=\"og:site_name\" content=\"Karate Canada\" \/>\n<meta property=\"article:published_time\" content=\"2025-04-28T22:44:44+00:00\" \/>\n<meta property=\"og:image\" content=\"https:\/\/karatecanada.org\/wp-content\/uploads\/2025\/04\/HanaAction.jpg\" \/>\n\t<meta property=\"og:image:width\" content=\"1179\" \/>\n\t<meta property=\"og:image:height\" content=\"1183\" \/>\n\t<meta property=\"og:image:type\" content=\"image\/jpeg\" \/>\n<meta name=\"author\" content=\"Communications\" \/>\n<meta name=\"twitter:card\" content=\"summary_large_image\" \/>\n<meta name=\"twitter:label1\" content=\"\u00c9crit par\" \/>\n\t<meta name=\"twitter:data1\" content=\"Communications\" \/>\n\t<meta name=\"twitter:label2\" content=\"Dur\u00e9e de lecture estim\u00e9e\" \/>\n\t<meta name=\"twitter:data2\" content=\"1 minute\" \/>\n<script type=\"application\/ld+json\" class=\"yoast-schema-graph\">{\"@context\":\"https:\\\/\\\/schema.org\",\"@graph\":[{\"@type\":\"Article\",\"@id\":\"https:\\\/\\\/karatecanada.org\\\/fr\\\/quatre-athletes-de-karate-beneficieront-du-soutien-du-paa-2\\\/#article\",\"isPartOf\":{\"@id\":\"https:\\\/\\\/karatecanada.org\\\/fr\\\/quatre-athletes-de-karate-beneficieront-du-soutien-du-paa-2\\\/\"},\"author\":{\"name\":\"Communications\",\"@id\":\"https:\\\/\\\/karatecanada.org\\\/fr\\\/#\\\/schema\\\/person\\\/988e972365c92bb026416d07b954f7cd\"},\"headline\":\"QUATRE ATHL\u00c8TES DE KARAT\u00c9 B\u00c9N\u00c9FICIERONT DU SOUTIEN DU PAA\",\"datePublished\":\"2025-04-28T22:44:44+00:00\",\"mainEntityOfPage\":{\"@id\":\"https:\\\/\\\/karatecanada.org\\\/fr\\\/quatre-athletes-de-karate-beneficieront-du-soutien-du-paa-2\\\/\"},\"wordCount\":139,\"commentCount\":0,\"image\":{\"@id\":\"https:\\\/\\\/karatecanada.org\\\/fr\\\/quatre-athletes-de-karate-beneficieront-du-soutien-du-paa-2\\\/#primaryimage\"},\"thumbnailUrl\":\"https:\\\/\\\/karatecanada.org\\\/wp-content\\\/uploads\\\/2025\\\/04\\\/HanaAction.jpg\",\"inLanguage\":\"fr-FR\",\"potentialAction\":[{\"@type\":\"CommentAction\",\"name\":\"Comment\",\"target\":[\"https:\\\/\\\/karatecanada.org\\\/fr\\\/quatre-athletes-de-karate-beneficieront-du-soutien-du-paa-2\\\/#respond\"]}]},{\"@type\":\"WebPage\",\"@id\":\"https:\\\/\\\/karatecanada.org\\\/fr\\\/quatre-athletes-de-karate-beneficieront-du-soutien-du-paa-2\\\/\",\"url\":\"https:\\\/\\\/karatecanada.org\\\/fr\\\/quatre-athletes-de-karate-beneficieront-du-soutien-du-paa-2\\\/\",\"name\":\"QUATRE ATHL\u00c8TES DE KARAT\u00c9 B\u00c9N\u00c9FICIERONT DU SOUTIEN DU PAA - Karate Canada\",\"isPartOf\":{\"@id\":\"https:\\\/\\\/karatecanada.org\\\/fr\\\/#website\"},\"primaryImageOfPage\":{\"@id\":\"https:\\\/\\\/karatecanada.org\\\/fr\\\/quatre-athletes-de-karate-beneficieront-du-soutien-du-paa-2\\\/#primaryimage\"},\"image\":{\"@id\":\"https:\\\/\\\/karatecanada.org\\\/fr\\\/quatre-athletes-de-karate-beneficieront-du-soutien-du-paa-2\\\/#primaryimage\"},\"thumbnailUrl\":\"https:\\\/\\\/karatecanada.org\\\/wp-content\\\/uploads\\\/2025\\\/04\\\/HanaAction.jpg\",\"datePublished\":\"2025-04-28T22:44:44+00:00\",\"author\":{\"@id\":\"https:\\\/\\\/karatecanada.org\\\/fr\\\/#\\\/schema\\\/person\\\/988e972365c92bb026416d07b954f7cd\"},\"breadcrumb\":{\"@id\":\"https:\\\/\\\/karatecanada.org\\\/fr\\\/quatre-athletes-de-karate-beneficieront-du-soutien-du-paa-2\\\/#breadcrumb\"},\"inLanguage\":\"fr-FR\",\"potentialAction\":[{\"@type\":\"ReadAction\",\"target\":[\"https:\\\/\\\/karatecanada.org\\\/fr\\\/quatre-athletes-de-karate-beneficieront-du-soutien-du-paa-2\\\/\"]}]},{\"@type\":\"ImageObject\",\"inLanguage\":\"fr-FR\",\"@id\":\"https:\\\/\\\/karatecanada.org\\\/fr\\\/quatre-athletes-de-karate-beneficieront-du-soutien-du-paa-2\\\/#primaryimage\",\"url\":\"https:\\\/\\\/karatecanada.org\\\/wp-content\\\/uploads\\\/2025\\\/04\\\/HanaAction.jpg\",\"contentUrl\":\"https:\\\/\\\/karatecanada.org\\\/wp-content\\\/uploads\\\/2025\\\/04\\\/HanaAction.jpg\",\"width\":1179,\"height\":1183},{\"@type\":\"BreadcrumbList\",\"@id\":\"https:\\\/\\\/karatecanada.org\\\/fr\\\/quatre-athletes-de-karate-beneficieront-du-soutien-du-paa-2\\\/#breadcrumb\",\"itemListElement\":[{\"@type\":\"ListItem\",\"position\":1,\"name\":\"Home\",\"item\":\"https:\\\/\\\/karatecanada.org\\\/fr\\\/\"},{\"@type\":\"ListItem\",\"position\":2,\"name\":\"QUATRE ATHL\u00c8TES DE KARAT\u00c9 B\u00c9N\u00c9FICIERONT DU SOUTIEN DU PAA\"}]},{\"@type\":\"WebSite\",\"@id\":\"https:\\\/\\\/karatecanada.org\\\/fr\\\/#website\",\"url\":\"https:\\\/\\\/karatecanada.org\\\/fr\\\/\",\"name\":\"Karate Canada\",\"description\":\"Just another WordPress site\",\"potentialAction\":[{\"@type\":\"SearchAction\",\"target\":{\"@type\":\"EntryPoint\",\"urlTemplate\":\"https:\\\/\\\/karatecanada.org\\\/fr\\\/?s={search_term_string}\"},\"query-input\":{\"@type\":\"PropertyValueSpecification\",\"valueRequired\":true,\"valueName\":\"search_term_string\"}}],\"inLanguage\":\"fr-FR\"},{\"@type\":\"Person\",\"@id\":\"https:\\\/\\\/karatecanada.org\\\/fr\\\/#\\\/schema\\\/person\\\/988e972365c92bb026416d07b954f7cd\",\"name\":\"Communications\",\"image\":{\"@type\":\"ImageObject\",\"inLanguage\":\"fr-FR\",\"@id\":\"https:\\\/\\\/secure.gravatar.com\\\/avatar\\\/c3e124a30864c5675661687ecb2b4e8814e43ecab28d305f7eea76d2d1e46fa1?s=96&d=mm&r=g\",\"url\":\"https:\\\/\\\/secure.gravatar.com\\\/avatar\\\/c3e124a30864c5675661687ecb2b4e8814e43ecab28d305f7eea76d2d1e46fa1?s=96&d=mm&r=g\",\"contentUrl\":\"https:\\\/\\\/secure.gravatar.com\\\/avatar\\\/c3e124a30864c5675661687ecb2b4e8814e43ecab28d305f7eea76d2d1e46fa1?s=96&d=mm&r=g\",\"caption\":\"Communications\"},\"url\":\"https:\\\/\\\/karatecanada.org\\\/fr\\\/author\\\/communicationskaratecanada-org\\\/\"}]}<\/script>\n<!-- \/ Yoast SEO plugin. -->","yoast_head_json":{"title":"QUATRE ATHL\u00c8TES DE KARAT\u00c9 B\u00c9N\u00c9FICIERONT DU SOUTIEN DU PAA - Karate Canada","robots":{"index":"index","follow":"follow","max-snippet":"max-snippet:-1","max-image-preview":"max-image-preview:large","max-video-preview":"max-video-preview:-1"},"canonical":"https:\/\/karatecanada.org\/fr\/quatre-athletes-de-karate-beneficieront-du-soutien-du-paa-2\/","og_locale":"fr_FR","og_type":"article","og_title":"QUATRE ATHL\u00c8TES DE KARAT\u00c9 B\u00c9N\u00c9FICIERONT DU SOUTIEN DU PAA - Karate Canada","og_description":"Karat\u00e9 Canada a annonc\u00e9 que, conform\u00e9ment \u00e0 ses crit\u00e8res de nomination des brevets et en fonction des r\u00e9sultats et des performances, les quatre athl\u00e8tes suivants ont tous \u00e9t\u00e9 (re)nomm\u00e9s par Sport Canada pour recevoir un soutien par l\u2019entremise du Programme d\u2019aide aux athl\u00e8tes, pour la p\u00e9riode du 1er mai 2025 au 30 avril 2026 du [&hellip;]","og_url":"https:\/\/karatecanada.org\/fr\/quatre-athletes-de-karate-beneficieront-du-soutien-du-paa-2\/","og_site_name":"Karate Canada","article_published_time":"2025-04-28T22:44:44+00:00","og_image":[{"width":1179,"height":1183,"url":"https:\/\/karatecanada.org\/wp-content\/uploads\/2025\/04\/HanaAction.jpg","type":"image\/jpeg"}],"author":"Communications","twitter_card":"summary_large_image","twitter_misc":{"\u00c9crit par":"Communications","Dur\u00e9e de lecture estim\u00e9e":"1 minute"},"schema":{"@context":"https:\/\/schema.org","@graph":[{"@type":"Article","@id":"https:\/\/karatecanada.org\/fr\/quatre-athletes-de-karate-beneficieront-du-soutien-du-paa-2\/#article","isPartOf":{"@id":"https:\/\/karatecanada.org\/fr\/quatre-athletes-de-karate-beneficieront-du-soutien-du-paa-2\/"},"author":{"name":"Communications","@id":"https:\/\/karatecanada.org\/fr\/#\/schema\/person\/988e972365c92bb026416d07b954f7cd"},"headline":"QUATRE ATHL\u00c8TES DE KARAT\u00c9 B\u00c9N\u00c9FICIERONT DU SOUTIEN DU PAA","datePublished":"2025-04-28T22:44:44+00:00","mainEntityOfPage":{"@id":"https:\/\/karatecanada.org\/fr\/quatre-athletes-de-karate-beneficieront-du-soutien-du-paa-2\/"},"wordCount":139,"commentCount":0,"image":{"@id":"https:\/\/karatecanada.org\/fr\/quatre-athletes-de-karate-beneficieront-du-soutien-du-paa-2\/#primaryimage"},"thumbnailUrl":"https:\/\/karatecanada.org\/wp-content\/uploads\/2025\/04\/HanaAction.jpg","inLanguage":"fr-FR","potentialAction":[{"@type":"CommentAction","name":"Comment","target":["https:\/\/karatecanada.org\/fr\/quatre-athletes-de-karate-beneficieront-du-soutien-du-paa-2\/#respond"]}]},{"@type":"WebPage","@id":"https:\/\/karatecanada.org\/fr\/quatre-athletes-de-karate-beneficieront-du-soutien-du-paa-2\/","url":"https:\/\/karatecanada.org\/fr\/quatre-athletes-de-karate-beneficieront-du-soutien-du-paa-2\/","name":"QUATRE ATHL\u00c8TES DE KARAT\u00c9 B\u00c9N\u00c9FICIERONT DU SOUTIEN DU PAA - Karate Canada","isPartOf":{"@id":"https:\/\/karatecanada.org\/fr\/#website"},"primaryImageOfPage":{"@id":"https:\/\/karatecanada.org\/fr\/quatre-athletes-de-karate-beneficieront-du-soutien-du-paa-2\/#primaryimage"},"image":{"@id":"https:\/\/karatecanada.org\/fr\/quatre-athletes-de-karate-beneficieront-du-soutien-du-paa-2\/#primaryimage"},"thumbnailUrl":"https:\/\/karatecanada.org\/wp-content\/uploads\/2025\/04\/HanaAction.jpg","datePublished":"2025-04-28T22:44:44+00:00","author":{"@id":"https:\/\/karatecanada.org\/fr\/#\/schema\/person\/988e972365c92bb026416d07b954f7cd"},"breadcrumb":{"@id":"https:\/\/karatecanada.org\/fr\/quatre-athletes-de-karate-beneficieront-du-soutien-du-paa-2\/#breadcrumb"},"inLanguage":"fr-FR","potentialAction":[{"@type":"ReadAction","target":["https:\/\/karatecanada.org\/fr\/quatre-athletes-de-karate-beneficieront-du-soutien-du-paa-2\/"]}]},{"@type":"ImageObject","inLanguage":"fr-FR","@id":"https:\/\/karatecanada.org\/fr\/quatre-athletes-de-karate-beneficieront-du-soutien-du-paa-2\/#primaryimage","url":"https:\/\/karatecanada.org\/wp-content\/uploads\/2025\/04\/HanaAction.jpg","contentUrl":"https:\/\/karatecanada.org\/wp-content\/uploads\/2025\/04\/HanaAction.jpg","width":1179,"height":1183},{"@type":"BreadcrumbList","@id":"https:\/\/karatecanada.org\/fr\/quatre-athletes-de-karate-beneficieront-du-soutien-du-paa-2\/#breadcrumb","itemListElement":[{"@type":"ListItem","position":1,"name":"Home","item":"https:\/\/karatecanada.org\/fr\/"},{"@type":"ListItem","position":2,"name":"QUATRE ATHL\u00c8TES DE KARAT\u00c9 B\u00c9N\u00c9FICIERONT DU SOUTIEN DU PAA"}]},{"@type":"WebSite","@id":"https:\/\/karatecanada.org\/fr\/#website","url":"https:\/\/karatecanada.org\/fr\/","name":"Karate Canada","description":"Just another WordPress site","potentialAction":[{"@type":"SearchAction","target":{"@type":"EntryPoint","urlTemplate":"https:\/\/karatecanada.org\/fr\/?s={search_term_string}"},"query-input":{"@type":"PropertyValueSpecification","valueRequired":true,"valueName":"search_term_string"}}],"inLanguage":"fr-FR"},{"@type":"Person","@id":"https:\/\/karatecanada.org\/fr\/#\/schema\/person\/988e972365c92bb026416d07b954f7cd","name":"Communications","image":{"@type":"ImageObject","inLanguage":"fr-FR","@id":"https:\/\/secure.gravatar.com\/avatar\/c3e124a30864c5675661687ecb2b4e8814e43ecab28d305f7eea76d2d1e46fa1?s=96&d=mm&r=g","url":"https:\/\/secure.gravatar.com\/avatar\/c3e124a30864c5675661687ecb2b4e8814e43ecab28d305f7eea76d2d1e46fa1?s=96&d=mm&r=g","contentUrl":"https:\/\/secure.gravatar.com\/avatar\/c3e124a30864c5675661687ecb2b4e8814e43ecab28d305f7eea76d2d1e46fa1?s=96&d=mm&r=g","caption":"Communications"},"url":"https:\/\/karatecanada.org\/fr\/author\/communicationskaratecanada-org\/"}]}},"featured_image_src":"https:\/\/karatecanada.org\/wp-content\/uploads\/2025\/04\/HanaAction-768x771.jpg","date_format":"avril 28, 2025","_links":{"self":[{"href":"https:\/\/karatecanada.org\/fr\/wp-json\/wp\/v2\/posts\/15038","targetHints":{"allow":["GET"]}}],"collection":[{"href":"https:\/\/karatecanada.org\/fr\/wp-json\/wp\/v2\/posts"}],"about":[{"href":"https:\/\/karatecanada.org\/fr\/wp-json\/wp\/v2\/types\/post"}],"author":[{"embeddable":true,"href":"https:\/\/karatecanada.org\/fr\/wp-json\/wp\/v2\/users\/23"}],"replies":[{"embeddable":true,"href":"https:\/\/karatecanada.org\/fr\/wp-json\/wp\/v2\/comments?post=15038"}],"version-history":[{"count":0,"href":"https:\/\/karatecanada.org\/fr\/wp-json\/wp\/v2\/posts\/15038\/revisions"}],"wp:featuredmedia":[{"embeddable":true,"href":"https:\/\/karatecanada.org\/fr\/wp-json\/wp\/v2\/media\/15037"}],"wp:attachment":[{"href":"https:\/\/karatecanada.org\/fr\/wp-json\/wp\/v2\/media?parent=15038"}],"wp:term":[{"taxonomy":"category","embeddable":true,"href":"https:\/\/karatecanada.org\/fr\/wp-json\/wp\/v2\/categories?post=15038"},{"taxonomy":"post_tag","embeddable":true,"href":"https:\/\/karatecanada.org\/fr\/wp-json\/wp\/v2\/tags?post=15038"}],"curies":[{"name":"wp","href":"https:\/\/api.w.org\/{rel}","templated":true}]}}