{"id":15261,"date":"2026-01-22T11:39:45","date_gmt":"2026-01-22T16:39:45","guid":{"rendered":"https:\/\/karatecanada.org\/karate-canada-invites-applications-for-operational-committees\/"},"modified":"2026-02-10T13:42:13","modified_gmt":"2026-02-10T18:42:13","slug":"karate-canada-invites-applications-for-operational-committees","status":"publish","type":"post","link":"https:\/\/karatecanada.org\/fr\/karate-canada-invites-applications-for-operational-committees\/","title":{"rendered":"Karate Canada lance un appel \u00e0 candidatures pour ses comit\u00e9s op\u00e9rationnels"},"content":{"rendered":"<p>Karate Canada a le plaisir d&rsquo;annoncer une refonte et un renforcement de la structure de ses comit\u00e9s op\u00e9rationnels, dans le cadre de son engagement continu en faveur d&rsquo;une gouvernance efficace, d&rsquo;un d\u00e9veloppement ax\u00e9 sur les athl\u00e8tes et d&rsquo;une collaboration nationale respectueuse des mesures de s\u00e9curit\u00e9 dans le sport, de la d\u00e9fense des int\u00e9r\u00eats et de la mise en \u0153uvre qui guident toutes les activit\u00e9s de KC.<\/p>\n<p>Nous invitons actuellement les membres qualifi\u00e9s et engag\u00e9s de la communaut\u00e9 du karat\u00e9 \u00e0 manifester leur int\u00e9r\u00eat pour si\u00e9ger aux comit\u00e9s suivants :<\/p>\n<p>Postes \u00e0 pourvoir<\/p>\n<ul>\n<li><strong>Comit\u00e9 de d\u00e9veloppement \u00e0 long terme (DLT) <\/strong><\/li>\n<li><strong>Comit\u00e9 medical<\/strong><\/li>\n<li><strong>Comit\u00e9 du PNCE (sans droit de vote)<\/strong><\/li>\n<li><strong>Comit\u00e9 de haute performance \u2013 Repr\u00e9sentant r\u00e9gional de l&rsquo;Atlantique<\/strong><\/li>\n<\/ul>\n<p>Ces comit\u00e9s jouent un r\u00f4le essentiel dans le soutien des priorit\u00e9s strat\u00e9giques de Karat\u00e9 Canada et dans la prise de d\u00e9cisions \u00e9clair\u00e9es et \u00e9quilibr\u00e9es \u00e0 tous les niveaux du sport.<\/p>\n<p>Engagement et mandat des membres du comit\u00e9<\/p>\n<ul>\n<li>Dur\u00e9e du mandat : trois (3) ans<\/li>\n<li>Les nouveaux membres du comit\u00e9 seront nomm\u00e9s pour un mandat de trois ans, avec l&rsquo;obligation de participer activement pendant toute la dur\u00e9e de leur mandat.\n<ul>\n<li>KC se r\u00e9serve le droit de mettre fin au mandat d&rsquo;un membre du comit\u00e9.<\/li>\n<\/ul>\n<\/li>\n<\/ul>\n<p><u>Mandat g\u00e9n\u00e9ral (aper\u00e7u)<br \/>\n<\/u><\/p>\n<p>Bien que chaque comit\u00e9 ait des responsabilit\u00e9s sp\u00e9cifiques, tous les comit\u00e9s op\u00e9rationnels partagent des attentes communes :<\/p>\n<ul>\n<li>Soutenir le plan strat\u00e9gique, les politiques et les valeurs de Karat\u00e9 Canada<\/li>\n<li>Fournir une expertise en la mati\u00e8re et des recommandations \u00e9clair\u00e9es au personnel et\/ou au conseil d&rsquo;administration<\/li>\n<li>Participer aux r\u00e9unions pr\u00e9vues (virtuelles et\/ou en personne, selon les besoins)<\/li>\n<li>Examiner et contribuer aux documents, programmes et initiatives relevant du mandat du comit\u00e9.<\/li>\n<li>Agir dans le meilleur int\u00e9r\u00eat de Karat\u00e9 Canada et de la communaut\u00e9 nationale de karat\u00e9.<\/li>\n<\/ul>\n<p>&nbsp;<\/p>\n<p><strong>Domaines d&rsquo;int\u00e9r\u00eat sp\u00e9cifiques aux comites<\/strong><\/p>\n<p><strong>Comit\u00e9 de d\u00e9veloppement \u00e0 long terme<\/strong><\/p>\n<ul>\n<li>Soutenir et guider la mise en \u0153uvre et l&rsquo;\u00e9volution du cadre de d\u00e9veloppement \u00e0 long terme de Karat\u00e9 Canada<\/li>\n<li>Aligner les parcours de d\u00e9veloppement des athl\u00e8tes, des entra\u00eeneurs et des officiels sur les meilleures pratiques nationales et internationales<\/li>\n<li>Moderniser le concept de d\u00e9veloppement \u00e0 long terme pour en faciliter la mise en \u0153uvre pratique<\/li>\n<\/ul>\n<p><strong>Comit\u00e9 m\u00e9dical<\/strong><\/p>\n<ul>\n<li>Fournir des conseils sur la sant\u00e9, la s\u00e9curit\u00e9 et le bien-\u00eatre des athl\u00e8tes<\/li>\n<li>Soutenir les politiques et les protocoles li\u00e9s aux soins m\u00e9dicaux, \u00e0 la pr\u00e9vention des blessures et aux pratiques sportives s\u00e9curitaires.<\/li>\n<li>Examiner et soutenir les d\u00e9rogations et les autorisations m\u00e9dicales des athl\u00e8tes participant aux championnats nationaux et aux \u00e9v\u00e9nements internationaux.<\/li>\n<\/ul>\n<p><strong>Comit\u00e9 du PNCE, membres sans droit de vote <\/strong><\/p>\n<ul>\n<li>Soutenir l&rsquo;\u00e9laboration, la prestation et l&rsquo;\u00e9valuation des programmes d&rsquo;entra\u00eenement du PNCE de Karat\u00e9 Canada.<\/li>\n<li>Fournir des conseils sur les normes de formation des entra\u00eeneurs, les parcours et l&rsquo;alignement avec les exigences de l&rsquo;Association canadienne des entra\u00eeneurs.<\/li>\n<li>Surveiller les affectations des entra\u00eeneurs PTSO pour les championnats nationaux et les Jeux du Canada.<\/li>\n<\/ul>\n<p><strong>Comit\u00e9 de haute performance \u2013 Repr\u00e9sentant r\u00e9gional de l&rsquo;Atlantique<\/strong><\/p>\n<ul>\n<li>D\u00e9fendre les int\u00e9r\u00eats du Canada et repr\u00e9senter les perspectives et les r\u00e9alit\u00e9s de la r\u00e9gion de l&rsquo;Atlantique.<\/li>\n<li>Contribuer \u00e0 la strat\u00e9gie de haute performance, aux parcours des athl\u00e8tes et aux discussions li\u00e9es \u00e0 la s\u00e9lection.<\/li>\n<li>Examiner le personnel d&rsquo;entra\u00eenement et surveiller les performances, les lacunes et les opportunit\u00e9s de l&rsquo;\u00e9quipe nationale.<\/li>\n<\/ul>\n<p><u>Processus de candidature<br \/>\n<\/u><\/p>\n<p>Les personnes int\u00e9ress\u00e9es sont invit\u00e9es \u00e0 soumettre une br\u00e8ve lettre de motivation d\u00e9crivant :<\/p>\n<ul>\n<li>leur exp\u00e9rience et leur parcours pertinents<\/li>\n<li>le ou les comit\u00e9s qui les int\u00e9ressent<\/li>\n<li>leur motivation \u00e0 contribuer \u00e0 Karat\u00e9 Canada au niveau national<\/li>\n<\/ul>\n<p>Veuillez envoyer votre candidature aux deux contacts suivants :<\/p>\n<ul>\n<li>Chris Bright, directeur g\u00e9n\u00e9ral \u2013 <a href=\"mailto:ed@karatecanada.org\">ed@karatecanada.org<\/a><\/li>\n<li>Rodney Hobson, responsable technique sportif \u2013 <a href=\"mailto:rodney.hobson@karatecanada.org\">rodney.hobson@karatecanada.org<\/a><\/li>\n<\/ul>\n<p><strong>Date de limite: 25 f\u00e9vrier 2026<\/strong><\/p>\n<p>Karate Canada valorise la diversit\u00e9 des points de vue, la repr\u00e9sentation r\u00e9gionale et le leadership collaboratif. Nous encourageons les candidatures de personnes de partout au pays qui souhaitent contribuer \u00e0 la croissance et au succ\u00e8s du karat\u00e9 au Canada.<\/p>\n<p>Merci de votre soutien continu \u00e0 Karate Canada.<\/p>\n<p>&nbsp;<\/p>\n","protected":false},"excerpt":{"rendered":"<p>Karate Canada a le plaisir d&rsquo;annoncer une refonte et un renforcement de la structure de ses comit\u00e9s op\u00e9rationnels, dans le cadre de son engagement continu en faveur d&rsquo;une gouvernance efficace, d&rsquo;un d\u00e9veloppement ax\u00e9 sur les athl\u00e8tes et d&rsquo;une collaboration nationale respectueuse des mesures de s\u00e9curit\u00e9 dans le sport, de la d\u00e9fense des int\u00e9r\u00eats et de [&hellip;]<\/p>\n","protected":false},"author":23,"featured_media":14534,"comment_status":"open","ping_status":"open","sticky":false,"template":"","format":"standard","meta":{"_acf_changed":false,"footnotes":""},"categories":[218],"tags":[],"class_list":["post-15261","post","type-post","status-publish","format-standard","has-post-thumbnail","hentry","category-benevole"],"acf":[],"yoast_head":"<!-- This site is optimized with the Yoast SEO plugin v27.3 - https:\/\/yoast.com\/product\/yoast-seo-wordpress\/ -->\n<title>Karate Canada lance un appel \u00e0 candidatures pour ses comit\u00e9s op\u00e9rationnels - Karate Canada<\/title>\n<meta name=\"robots\" content=\"index, follow, max-snippet:-1, max-image-preview:large, max-video-preview:-1\" \/>\n<link rel=\"canonical\" href=\"https:\/\/karatecanada.org\/fr\/karate-canada-invites-applications-for-operational-committees\/\" \/>\n<meta property=\"og:locale\" content=\"fr_FR\" \/>\n<meta property=\"og:type\" content=\"article\" \/>\n<meta property=\"og:title\" content=\"Karate Canada lance un appel \u00e0 candidatures pour ses comit\u00e9s op\u00e9rationnels - Karate Canada\" \/>\n<meta property=\"og:description\" content=\"Karate Canada a le plaisir d&rsquo;annoncer une refonte et un renforcement de la structure de ses comit\u00e9s op\u00e9rationnels, dans le cadre de son engagement continu en faveur d&rsquo;une gouvernance efficace, d&rsquo;un d\u00e9veloppement ax\u00e9 sur les athl\u00e8tes et d&rsquo;une collaboration nationale respectueuse des mesures de s\u00e9curit\u00e9 dans le sport, de la d\u00e9fense des int\u00e9r\u00eats et de [&hellip;]\" \/>\n<meta property=\"og:url\" content=\"https:\/\/karatecanada.org\/fr\/karate-canada-invites-applications-for-operational-committees\/\" \/>\n<meta property=\"og:site_name\" content=\"Karate Canada\" \/>\n<meta property=\"article:published_time\" content=\"2026-01-22T16:39:45+00:00\" \/>\n<meta property=\"article:modified_time\" content=\"2026-02-10T18:42:13+00:00\" \/>\n<meta property=\"og:image\" content=\"https:\/\/karatecanada.org\/wp-content\/uploads\/2024\/06\/330611656_1335201707275242_4305924405380156823_n.jpeg\" \/>\n\t<meta property=\"og:image:width\" content=\"492\" \/>\n\t<meta property=\"og:image:height\" content=\"492\" \/>\n\t<meta property=\"og:image:type\" content=\"image\/jpeg\" \/>\n<meta name=\"author\" content=\"Communications\" \/>\n<meta name=\"twitter:card\" content=\"summary_large_image\" \/>\n<meta name=\"twitter:label1\" content=\"\u00c9crit par\" \/>\n\t<meta name=\"twitter:data1\" content=\"Communications\" \/>\n\t<meta name=\"twitter:label2\" content=\"Dur\u00e9e de lecture estim\u00e9e\" \/>\n\t<meta name=\"twitter:data2\" content=\"4 minutes\" \/>\n<script type=\"application\/ld+json\" class=\"yoast-schema-graph\">{\"@context\":\"https:\\\/\\\/schema.org\",\"@graph\":[{\"@type\":\"Article\",\"@id\":\"https:\\\/\\\/karatecanada.org\\\/fr\\\/karate-canada-invites-applications-for-operational-committees\\\/#article\",\"isPartOf\":{\"@id\":\"https:\\\/\\\/karatecanada.org\\\/fr\\\/karate-canada-invites-applications-for-operational-committees\\\/\"},\"author\":{\"name\":\"Communications\",\"@id\":\"https:\\\/\\\/karatecanada.org\\\/fr\\\/#\\\/schema\\\/person\\\/988e972365c92bb026416d07b954f7cd\"},\"headline\":\"Karate Canada lance un appel \u00e0 candidatures pour ses comit\u00e9s op\u00e9rationnels\",\"datePublished\":\"2026-01-22T16:39:45+00:00\",\"dateModified\":\"2026-02-10T18:42:13+00:00\",\"mainEntityOfPage\":{\"@id\":\"https:\\\/\\\/karatecanada.org\\\/fr\\\/karate-canada-invites-applications-for-operational-committees\\\/\"},\"wordCount\":750,\"commentCount\":0,\"image\":{\"@id\":\"https:\\\/\\\/karatecanada.org\\\/fr\\\/karate-canada-invites-applications-for-operational-committees\\\/#primaryimage\"},\"thumbnailUrl\":\"https:\\\/\\\/karatecanada.org\\\/wp-content\\\/uploads\\\/2024\\\/06\\\/330611656_1335201707275242_4305924405380156823_n.jpeg\",\"articleSection\":[\"B\u00e9n\u00e9vole\"],\"inLanguage\":\"fr-FR\",\"potentialAction\":[{\"@type\":\"CommentAction\",\"name\":\"Comment\",\"target\":[\"https:\\\/\\\/karatecanada.org\\\/fr\\\/karate-canada-invites-applications-for-operational-committees\\\/#respond\"]}]},{\"@type\":\"WebPage\",\"@id\":\"https:\\\/\\\/karatecanada.org\\\/fr\\\/karate-canada-invites-applications-for-operational-committees\\\/\",\"url\":\"https:\\\/\\\/karatecanada.org\\\/fr\\\/karate-canada-invites-applications-for-operational-committees\\\/\",\"name\":\"Karate Canada lance un appel \u00e0 candidatures pour ses comit\u00e9s op\u00e9rationnels - Karate Canada\",\"isPartOf\":{\"@id\":\"https:\\\/\\\/karatecanada.org\\\/fr\\\/#website\"},\"primaryImageOfPage\":{\"@id\":\"https:\\\/\\\/karatecanada.org\\\/fr\\\/karate-canada-invites-applications-for-operational-committees\\\/#primaryimage\"},\"image\":{\"@id\":\"https:\\\/\\\/karatecanada.org\\\/fr\\\/karate-canada-invites-applications-for-operational-committees\\\/#primaryimage\"},\"thumbnailUrl\":\"https:\\\/\\\/karatecanada.org\\\/wp-content\\\/uploads\\\/2024\\\/06\\\/330611656_1335201707275242_4305924405380156823_n.jpeg\",\"datePublished\":\"2026-01-22T16:39:45+00:00\",\"dateModified\":\"2026-02-10T18:42:13+00:00\",\"author\":{\"@id\":\"https:\\\/\\\/karatecanada.org\\\/fr\\\/#\\\/schema\\\/person\\\/988e972365c92bb026416d07b954f7cd\"},\"breadcrumb\":{\"@id\":\"https:\\\/\\\/karatecanada.org\\\/fr\\\/karate-canada-invites-applications-for-operational-committees\\\/#breadcrumb\"},\"inLanguage\":\"fr-FR\",\"potentialAction\":[{\"@type\":\"ReadAction\",\"target\":[\"https:\\\/\\\/karatecanada.org\\\/fr\\\/karate-canada-invites-applications-for-operational-committees\\\/\"]}]},{\"@type\":\"ImageObject\",\"inLanguage\":\"fr-FR\",\"@id\":\"https:\\\/\\\/karatecanada.org\\\/fr\\\/karate-canada-invites-applications-for-operational-committees\\\/#primaryimage\",\"url\":\"https:\\\/\\\/karatecanada.org\\\/wp-content\\\/uploads\\\/2024\\\/06\\\/330611656_1335201707275242_4305924405380156823_n.jpeg\",\"contentUrl\":\"https:\\\/\\\/karatecanada.org\\\/wp-content\\\/uploads\\\/2024\\\/06\\\/330611656_1335201707275242_4305924405380156823_n.jpeg\",\"width\":492,\"height\":492},{\"@type\":\"BreadcrumbList\",\"@id\":\"https:\\\/\\\/karatecanada.org\\\/fr\\\/karate-canada-invites-applications-for-operational-committees\\\/#breadcrumb\",\"itemListElement\":[{\"@type\":\"ListItem\",\"position\":1,\"name\":\"Home\",\"item\":\"https:\\\/\\\/karatecanada.org\\\/fr\\\/\"},{\"@type\":\"ListItem\",\"position\":2,\"name\":\"Karate Canada lance un appel \u00e0 candidatures pour ses comit\u00e9s op\u00e9rationnels\"}]},{\"@type\":\"WebSite\",\"@id\":\"https:\\\/\\\/karatecanada.org\\\/fr\\\/#website\",\"url\":\"https:\\\/\\\/karatecanada.org\\\/fr\\\/\",\"name\":\"Karate Canada\",\"description\":\"Just another WordPress site\",\"potentialAction\":[{\"@type\":\"SearchAction\",\"target\":{\"@type\":\"EntryPoint\",\"urlTemplate\":\"https:\\\/\\\/karatecanada.org\\\/fr\\\/?s={search_term_string}\"},\"query-input\":{\"@type\":\"PropertyValueSpecification\",\"valueRequired\":true,\"valueName\":\"search_term_string\"}}],\"inLanguage\":\"fr-FR\"},{\"@type\":\"Person\",\"@id\":\"https:\\\/\\\/karatecanada.org\\\/fr\\\/#\\\/schema\\\/person\\\/988e972365c92bb026416d07b954f7cd\",\"name\":\"Communications\",\"image\":{\"@type\":\"ImageObject\",\"inLanguage\":\"fr-FR\",\"@id\":\"https:\\\/\\\/secure.gravatar.com\\\/avatar\\\/c3e124a30864c5675661687ecb2b4e8814e43ecab28d305f7eea76d2d1e46fa1?s=96&d=mm&r=g\",\"url\":\"https:\\\/\\\/secure.gravatar.com\\\/avatar\\\/c3e124a30864c5675661687ecb2b4e8814e43ecab28d305f7eea76d2d1e46fa1?s=96&d=mm&r=g\",\"contentUrl\":\"https:\\\/\\\/secure.gravatar.com\\\/avatar\\\/c3e124a30864c5675661687ecb2b4e8814e43ecab28d305f7eea76d2d1e46fa1?s=96&d=mm&r=g\",\"caption\":\"Communications\"},\"url\":\"https:\\\/\\\/karatecanada.org\\\/fr\\\/author\\\/communicationskaratecanada-org\\\/\"}]}<\/script>\n<!-- \/ Yoast SEO plugin. -->","yoast_head_json":{"title":"Karate Canada lance un appel \u00e0 candidatures pour ses comit\u00e9s op\u00e9rationnels - Karate Canada","robots":{"index":"index","follow":"follow","max-snippet":"max-snippet:-1","max-image-preview":"max-image-preview:large","max-video-preview":"max-video-preview:-1"},"canonical":"https:\/\/karatecanada.org\/fr\/karate-canada-invites-applications-for-operational-committees\/","og_locale":"fr_FR","og_type":"article","og_title":"Karate Canada lance un appel \u00e0 candidatures pour ses comit\u00e9s op\u00e9rationnels - Karate Canada","og_description":"Karate Canada a le plaisir d&rsquo;annoncer une refonte et un renforcement de la structure de ses comit\u00e9s op\u00e9rationnels, dans le cadre de son engagement continu en faveur d&rsquo;une gouvernance efficace, d&rsquo;un d\u00e9veloppement ax\u00e9 sur les athl\u00e8tes et d&rsquo;une collaboration nationale respectueuse des mesures de s\u00e9curit\u00e9 dans le sport, de la d\u00e9fense des int\u00e9r\u00eats et de [&hellip;]","og_url":"https:\/\/karatecanada.org\/fr\/karate-canada-invites-applications-for-operational-committees\/","og_site_name":"Karate Canada","article_published_time":"2026-01-22T16:39:45+00:00","article_modified_time":"2026-02-10T18:42:13+00:00","og_image":[{"width":492,"height":492,"url":"https:\/\/karatecanada.org\/wp-content\/uploads\/2024\/06\/330611656_1335201707275242_4305924405380156823_n.jpeg","type":"image\/jpeg"}],"author":"Communications","twitter_card":"summary_large_image","twitter_misc":{"\u00c9crit par":"Communications","Dur\u00e9e de lecture estim\u00e9e":"4 minutes"},"schema":{"@context":"https:\/\/schema.org","@graph":[{"@type":"Article","@id":"https:\/\/karatecanada.org\/fr\/karate-canada-invites-applications-for-operational-committees\/#article","isPartOf":{"@id":"https:\/\/karatecanada.org\/fr\/karate-canada-invites-applications-for-operational-committees\/"},"author":{"name":"Communications","@id":"https:\/\/karatecanada.org\/fr\/#\/schema\/person\/988e972365c92bb026416d07b954f7cd"},"headline":"Karate Canada lance un appel \u00e0 candidatures pour ses comit\u00e9s op\u00e9rationnels","datePublished":"2026-01-22T16:39:45+00:00","dateModified":"2026-02-10T18:42:13+00:00","mainEntityOfPage":{"@id":"https:\/\/karatecanada.org\/fr\/karate-canada-invites-applications-for-operational-committees\/"},"wordCount":750,"commentCount":0,"image":{"@id":"https:\/\/karatecanada.org\/fr\/karate-canada-invites-applications-for-operational-committees\/#primaryimage"},"thumbnailUrl":"https:\/\/karatecanada.org\/wp-content\/uploads\/2024\/06\/330611656_1335201707275242_4305924405380156823_n.jpeg","articleSection":["B\u00e9n\u00e9vole"],"inLanguage":"fr-FR","potentialAction":[{"@type":"CommentAction","name":"Comment","target":["https:\/\/karatecanada.org\/fr\/karate-canada-invites-applications-for-operational-committees\/#respond"]}]},{"@type":"WebPage","@id":"https:\/\/karatecanada.org\/fr\/karate-canada-invites-applications-for-operational-committees\/","url":"https:\/\/karatecanada.org\/fr\/karate-canada-invites-applications-for-operational-committees\/","name":"Karate Canada lance un appel \u00e0 candidatures pour ses comit\u00e9s op\u00e9rationnels - Karate Canada","isPartOf":{"@id":"https:\/\/karatecanada.org\/fr\/#website"},"primaryImageOfPage":{"@id":"https:\/\/karatecanada.org\/fr\/karate-canada-invites-applications-for-operational-committees\/#primaryimage"},"image":{"@id":"https:\/\/karatecanada.org\/fr\/karate-canada-invites-applications-for-operational-committees\/#primaryimage"},"thumbnailUrl":"https:\/\/karatecanada.org\/wp-content\/uploads\/2024\/06\/330611656_1335201707275242_4305924405380156823_n.jpeg","datePublished":"2026-01-22T16:39:45+00:00","dateModified":"2026-02-10T18:42:13+00:00","author":{"@id":"https:\/\/karatecanada.org\/fr\/#\/schema\/person\/988e972365c92bb026416d07b954f7cd"},"breadcrumb":{"@id":"https:\/\/karatecanada.org\/fr\/karate-canada-invites-applications-for-operational-committees\/#breadcrumb"},"inLanguage":"fr-FR","potentialAction":[{"@type":"ReadAction","target":["https:\/\/karatecanada.org\/fr\/karate-canada-invites-applications-for-operational-committees\/"]}]},{"@type":"ImageObject","inLanguage":"fr-FR","@id":"https:\/\/karatecanada.org\/fr\/karate-canada-invites-applications-for-operational-committees\/#primaryimage","url":"https:\/\/karatecanada.org\/wp-content\/uploads\/2024\/06\/330611656_1335201707275242_4305924405380156823_n.jpeg","contentUrl":"https:\/\/karatecanada.org\/wp-content\/uploads\/2024\/06\/330611656_1335201707275242_4305924405380156823_n.jpeg","width":492,"height":492},{"@type":"BreadcrumbList","@id":"https:\/\/karatecanada.org\/fr\/karate-canada-invites-applications-for-operational-committees\/#breadcrumb","itemListElement":[{"@type":"ListItem","position":1,"name":"Home","item":"https:\/\/karatecanada.org\/fr\/"},{"@type":"ListItem","position":2,"name":"Karate Canada lance un appel \u00e0 candidatures pour ses comit\u00e9s op\u00e9rationnels"}]},{"@type":"WebSite","@id":"https:\/\/karatecanada.org\/fr\/#website","url":"https:\/\/karatecanada.org\/fr\/","name":"Karate Canada","description":"Just another WordPress site","potentialAction":[{"@type":"SearchAction","target":{"@type":"EntryPoint","urlTemplate":"https:\/\/karatecanada.org\/fr\/?s={search_term_string}"},"query-input":{"@type":"PropertyValueSpecification","valueRequired":true,"valueName":"search_term_string"}}],"inLanguage":"fr-FR"},{"@type":"Person","@id":"https:\/\/karatecanada.org\/fr\/#\/schema\/person\/988e972365c92bb026416d07b954f7cd","name":"Communications","image":{"@type":"ImageObject","inLanguage":"fr-FR","@id":"https:\/\/secure.gravatar.com\/avatar\/c3e124a30864c5675661687ecb2b4e8814e43ecab28d305f7eea76d2d1e46fa1?s=96&d=mm&r=g","url":"https:\/\/secure.gravatar.com\/avatar\/c3e124a30864c5675661687ecb2b4e8814e43ecab28d305f7eea76d2d1e46fa1?s=96&d=mm&r=g","contentUrl":"https:\/\/secure.gravatar.com\/avatar\/c3e124a30864c5675661687ecb2b4e8814e43ecab28d305f7eea76d2d1e46fa1?s=96&d=mm&r=g","caption":"Communications"},"url":"https:\/\/karatecanada.org\/fr\/author\/communicationskaratecanada-org\/"}]}},"featured_image_src":"https:\/\/karatecanada.org\/wp-content\/uploads\/2024\/06\/330611656_1335201707275242_4305924405380156823_n.jpeg","date_format":"janvier 22, 2026","_links":{"self":[{"href":"https:\/\/karatecanada.org\/fr\/wp-json\/wp\/v2\/posts\/15261","targetHints":{"allow":["GET"]}}],"collection":[{"href":"https:\/\/karatecanada.org\/fr\/wp-json\/wp\/v2\/posts"}],"about":[{"href":"https:\/\/karatecanada.org\/fr\/wp-json\/wp\/v2\/types\/post"}],"author":[{"embeddable":true,"href":"https:\/\/karatecanada.org\/fr\/wp-json\/wp\/v2\/users\/23"}],"replies":[{"embeddable":true,"href":"https:\/\/karatecanada.org\/fr\/wp-json\/wp\/v2\/comments?post=15261"}],"version-history":[{"count":0,"href":"https:\/\/karatecanada.org\/fr\/wp-json\/wp\/v2\/posts\/15261\/revisions"}],"wp:featuredmedia":[{"embeddable":true,"href":"https:\/\/karatecanada.org\/fr\/wp-json\/wp\/v2\/media\/14534"}],"wp:attachment":[{"href":"https:\/\/karatecanada.org\/fr\/wp-json\/wp\/v2\/media?parent=15261"}],"wp:term":[{"taxonomy":"category","embeddable":true,"href":"https:\/\/karatecanada.org\/fr\/wp-json\/wp\/v2\/categories?post=15261"},{"taxonomy":"post_tag","embeddable":true,"href":"https:\/\/karatecanada.org\/fr\/wp-json\/wp\/v2\/tags?post=15261"}],"curies":[{"name":"wp","href":"https:\/\/api.w.org\/{rel}","templated":true}]}}