{"id":6852,"date":"2018-06-27T23:35:16","date_gmt":"2018-06-27T23:35:16","guid":{"rendered":"http:\/\/karatecanada.org\/?p=6852"},"modified":"2018-08-16T21:45:34","modified_gmt":"2018-08-16T21:45:34","slug":"championnat-de-karate-du-commonwealth-2018","status":"publish","type":"post","link":"https:\/\/karatecanada.org\/fr\/championnat-de-karate-du-commonwealth-2018\/","title":{"rendered":"Championnat de karat\u00e9 du Commonwealth 2018"},"content":{"rendered":"<p>Tou(te)s athl\u00e8tes canadien(ne)s sont cordialement invit\u00e9(e)s par la F\u00e9d\u00e9ration de karat\u00e9 du Commonwealth et par Karate South Africa \u00e0 participer au Championnat de karat\u00e9 du Commonwealth 2018 qui se d\u00e9roulera \u00e0 Durban, en Afrique du Sud, du 29 novembre au 2 d\u00e9cembre 2018. Ce championnat international est accessible aux athl\u00e8tes (\u00e2g\u00e9s de 10 ans et plus) membres d\u2019une f\u00e9d\u00e9ration nationale membre de la F\u00e9d\u00e9ration de karat\u00e9 du Commonwealth, telle Karat\u00e9 Canada (et ses Associations provinciales membres). Pour <a href=\"https:\/\/karatecanada.org\/wp-content\/uploads\/2018\/06\/CKF-2018-Bulletin-01.-110418.pdf\" target=\"_blank\" rel=\"noopener\">voir le bulletin de l\u2019\u00e9v\u00e9nement (disponible en anglais seulement &#8211; merci de votre compr\u00e9hension), veuillez svp cliquer ici.<\/a>\u00a0Les athl\u00e8tes (et entra\u00eeneurs) canadiens qui souhaitent prendre part \u00e0 ce championnat peuvent\u00a0<a href=\"mailto:craig@karatecanada.org\">communiquer avec le Pr\u00e9sident de Karat\u00e9 Canada M. Craig Vokey<\/a>,\u00a0afin de coordonner leur inscription. Veuillez svp noter \u00e9galement qu\u2019aucun soutien financier ne sera accord\u00e9 aux athl\u00e8tes et \/ ou entra\u00eeneurs pour leur participation \u00e0 cet \u00e9v\u00e9nement.<\/p>\n","protected":false},"excerpt":{"rendered":"<p>Tou(te)s athl\u00e8tes canadien(ne)s sont cordialement invit\u00e9(e)s par la F\u00e9d\u00e9ration de karat\u00e9 du Commonwealth et par Karate South Africa \u00e0 participer au Championnat de karat\u00e9 du Commonwealth 2018 qui se d\u00e9roulera \u00e0 Durban, en Afrique du Sud, du 29 novembre au 2 d\u00e9cembre 2018. Ce championnat international est accessible aux athl\u00e8tes (\u00e2g\u00e9s de 10 ans et [&hellip;]<\/p>\n","protected":false},"author":14,"featured_media":7620,"comment_status":"open","ping_status":"open","sticky":false,"template":"","format":"standard","meta":{"_acf_changed":false,"footnotes":""},"categories":[],"tags":[],"class_list":["post-6852","post","type-post","status-publish","format-standard","has-post-thumbnail","hentry"],"acf":[],"yoast_head":"<!-- This site is optimized with the Yoast SEO plugin v27.3 - https:\/\/yoast.com\/product\/yoast-seo-wordpress\/ -->\n<title>Championnat de karat\u00e9 du Commonwealth 2018 - Karate Canada<\/title>\n<meta name=\"robots\" content=\"index, follow, max-snippet:-1, max-image-preview:large, max-video-preview:-1\" \/>\n<link rel=\"canonical\" href=\"https:\/\/karatecanada.org\/fr\/championnat-de-karate-du-commonwealth-2018\/\" \/>\n<meta property=\"og:locale\" content=\"fr_FR\" \/>\n<meta property=\"og:type\" content=\"article\" \/>\n<meta property=\"og:title\" content=\"Championnat de karat\u00e9 du Commonwealth 2018 - Karate Canada\" \/>\n<meta property=\"og:description\" content=\"Tou(te)s athl\u00e8tes canadien(ne)s sont cordialement invit\u00e9(e)s par la F\u00e9d\u00e9ration de karat\u00e9 du Commonwealth et par Karate South Africa \u00e0 participer au Championnat de karat\u00e9 du Commonwealth 2018 qui se d\u00e9roulera \u00e0 Durban, en Afrique du Sud, du 29 novembre au 2 d\u00e9cembre 2018. Ce championnat international est accessible aux athl\u00e8tes (\u00e2g\u00e9s de 10 ans et [&hellip;]\" \/>\n<meta property=\"og:url\" content=\"https:\/\/karatecanada.org\/fr\/championnat-de-karate-du-commonwealth-2018\/\" \/>\n<meta property=\"og:site_name\" content=\"Karate Canada\" \/>\n<meta property=\"article:published_time\" content=\"2018-06-27T23:35:16+00:00\" \/>\n<meta property=\"article:modified_time\" content=\"2018-08-16T21:45:34+00:00\" \/>\n<meta property=\"og:image\" content=\"https:\/\/karatecanada.org\/wp-content\/uploads\/2018\/07\/newsimage-208TO_Open_Poster-768pxW.jpg\" \/>\n\t<meta property=\"og:image:width\" content=\"768\" \/>\n\t<meta property=\"og:image:height\" content=\"492\" \/>\n\t<meta property=\"og:image:type\" content=\"image\/jpeg\" \/>\n<meta name=\"author\" content=\"brenda gilbert\" \/>\n<meta name=\"twitter:card\" content=\"summary_large_image\" \/>\n<meta name=\"twitter:label1\" content=\"\u00c9crit par\" \/>\n\t<meta name=\"twitter:data1\" content=\"brenda gilbert\" \/>\n\t<meta name=\"twitter:label2\" content=\"Dur\u00e9e de lecture estim\u00e9e\" \/>\n\t<meta name=\"twitter:data2\" content=\"1 minute\" \/>\n<script type=\"application\/ld+json\" class=\"yoast-schema-graph\">{\"@context\":\"https:\\\/\\\/schema.org\",\"@graph\":[{\"@type\":\"Article\",\"@id\":\"https:\\\/\\\/karatecanada.org\\\/fr\\\/championnat-de-karate-du-commonwealth-2018\\\/#article\",\"isPartOf\":{\"@id\":\"https:\\\/\\\/karatecanada.org\\\/fr\\\/championnat-de-karate-du-commonwealth-2018\\\/\"},\"author\":{\"name\":\"brenda gilbert\",\"@id\":\"https:\\\/\\\/karatecanada.org\\\/fr\\\/#\\\/schema\\\/person\\\/62bdfd9b19409a29c27ff72da1f1f5ec\"},\"headline\":\"Championnat de karat\u00e9 du Commonwealth 2018\",\"datePublished\":\"2018-06-27T23:35:16+00:00\",\"dateModified\":\"2018-08-16T21:45:34+00:00\",\"mainEntityOfPage\":{\"@id\":\"https:\\\/\\\/karatecanada.org\\\/fr\\\/championnat-de-karate-du-commonwealth-2018\\\/\"},\"wordCount\":168,\"commentCount\":0,\"image\":{\"@id\":\"https:\\\/\\\/karatecanada.org\\\/fr\\\/championnat-de-karate-du-commonwealth-2018\\\/#primaryimage\"},\"thumbnailUrl\":\"https:\\\/\\\/karatecanada.org\\\/wp-content\\\/uploads\\\/2018\\\/07\\\/newsimage-208TO_Open_Poster-768pxW.jpg\",\"inLanguage\":\"fr-FR\",\"potentialAction\":[{\"@type\":\"CommentAction\",\"name\":\"Comment\",\"target\":[\"https:\\\/\\\/karatecanada.org\\\/fr\\\/championnat-de-karate-du-commonwealth-2018\\\/#respond\"]}]},{\"@type\":\"WebPage\",\"@id\":\"https:\\\/\\\/karatecanada.org\\\/fr\\\/championnat-de-karate-du-commonwealth-2018\\\/\",\"url\":\"https:\\\/\\\/karatecanada.org\\\/fr\\\/championnat-de-karate-du-commonwealth-2018\\\/\",\"name\":\"Championnat de karat\u00e9 du Commonwealth 2018 - Karate Canada\",\"isPartOf\":{\"@id\":\"https:\\\/\\\/karatecanada.org\\\/fr\\\/#website\"},\"primaryImageOfPage\":{\"@id\":\"https:\\\/\\\/karatecanada.org\\\/fr\\\/championnat-de-karate-du-commonwealth-2018\\\/#primaryimage\"},\"image\":{\"@id\":\"https:\\\/\\\/karatecanada.org\\\/fr\\\/championnat-de-karate-du-commonwealth-2018\\\/#primaryimage\"},\"thumbnailUrl\":\"https:\\\/\\\/karatecanada.org\\\/wp-content\\\/uploads\\\/2018\\\/07\\\/newsimage-208TO_Open_Poster-768pxW.jpg\",\"datePublished\":\"2018-06-27T23:35:16+00:00\",\"dateModified\":\"2018-08-16T21:45:34+00:00\",\"author\":{\"@id\":\"https:\\\/\\\/karatecanada.org\\\/fr\\\/#\\\/schema\\\/person\\\/62bdfd9b19409a29c27ff72da1f1f5ec\"},\"breadcrumb\":{\"@id\":\"https:\\\/\\\/karatecanada.org\\\/fr\\\/championnat-de-karate-du-commonwealth-2018\\\/#breadcrumb\"},\"inLanguage\":\"fr-FR\",\"potentialAction\":[{\"@type\":\"ReadAction\",\"target\":[\"https:\\\/\\\/karatecanada.org\\\/fr\\\/championnat-de-karate-du-commonwealth-2018\\\/\"]}]},{\"@type\":\"ImageObject\",\"inLanguage\":\"fr-FR\",\"@id\":\"https:\\\/\\\/karatecanada.org\\\/fr\\\/championnat-de-karate-du-commonwealth-2018\\\/#primaryimage\",\"url\":\"https:\\\/\\\/karatecanada.org\\\/wp-content\\\/uploads\\\/2018\\\/07\\\/newsimage-208TO_Open_Poster-768pxW.jpg\",\"contentUrl\":\"https:\\\/\\\/karatecanada.org\\\/wp-content\\\/uploads\\\/2018\\\/07\\\/newsimage-208TO_Open_Poster-768pxW.jpg\",\"width\":768,\"height\":492},{\"@type\":\"BreadcrumbList\",\"@id\":\"https:\\\/\\\/karatecanada.org\\\/fr\\\/championnat-de-karate-du-commonwealth-2018\\\/#breadcrumb\",\"itemListElement\":[{\"@type\":\"ListItem\",\"position\":1,\"name\":\"Home\",\"item\":\"https:\\\/\\\/karatecanada.org\\\/fr\\\/\"},{\"@type\":\"ListItem\",\"position\":2,\"name\":\"Championnat de karat\u00e9 du Commonwealth 2018\"}]},{\"@type\":\"WebSite\",\"@id\":\"https:\\\/\\\/karatecanada.org\\\/fr\\\/#website\",\"url\":\"https:\\\/\\\/karatecanada.org\\\/fr\\\/\",\"name\":\"Karate Canada\",\"description\":\"Just another WordPress site\",\"potentialAction\":[{\"@type\":\"SearchAction\",\"target\":{\"@type\":\"EntryPoint\",\"urlTemplate\":\"https:\\\/\\\/karatecanada.org\\\/fr\\\/?s={search_term_string}\"},\"query-input\":{\"@type\":\"PropertyValueSpecification\",\"valueRequired\":true,\"valueName\":\"search_term_string\"}}],\"inLanguage\":\"fr-FR\"},{\"@type\":\"Person\",\"@id\":\"https:\\\/\\\/karatecanada.org\\\/fr\\\/#\\\/schema\\\/person\\\/62bdfd9b19409a29c27ff72da1f1f5ec\",\"name\":\"brenda gilbert\",\"image\":{\"@type\":\"ImageObject\",\"inLanguage\":\"fr-FR\",\"@id\":\"https:\\\/\\\/secure.gravatar.com\\\/avatar\\\/a7aa1e8360f71426dd604c154f516c8bedb29c8b73cb511f4933814760ee0148?s=96&d=mm&r=g\",\"url\":\"https:\\\/\\\/secure.gravatar.com\\\/avatar\\\/a7aa1e8360f71426dd604c154f516c8bedb29c8b73cb511f4933814760ee0148?s=96&d=mm&r=g\",\"contentUrl\":\"https:\\\/\\\/secure.gravatar.com\\\/avatar\\\/a7aa1e8360f71426dd604c154f516c8bedb29c8b73cb511f4933814760ee0148?s=96&d=mm&r=g\",\"caption\":\"brenda gilbert\"},\"url\":\"https:\\\/\\\/karatecanada.org\\\/fr\\\/author\\\/brenda\\\/\"}]}<\/script>\n<!-- \/ Yoast SEO plugin. -->","yoast_head_json":{"title":"Championnat de karat\u00e9 du Commonwealth 2018 - Karate Canada","robots":{"index":"index","follow":"follow","max-snippet":"max-snippet:-1","max-image-preview":"max-image-preview:large","max-video-preview":"max-video-preview:-1"},"canonical":"https:\/\/karatecanada.org\/fr\/championnat-de-karate-du-commonwealth-2018\/","og_locale":"fr_FR","og_type":"article","og_title":"Championnat de karat\u00e9 du Commonwealth 2018 - Karate Canada","og_description":"Tou(te)s athl\u00e8tes canadien(ne)s sont cordialement invit\u00e9(e)s par la F\u00e9d\u00e9ration de karat\u00e9 du Commonwealth et par Karate South Africa \u00e0 participer au Championnat de karat\u00e9 du Commonwealth 2018 qui se d\u00e9roulera \u00e0 Durban, en Afrique du Sud, du 29 novembre au 2 d\u00e9cembre 2018. Ce championnat international est accessible aux athl\u00e8tes (\u00e2g\u00e9s de 10 ans et [&hellip;]","og_url":"https:\/\/karatecanada.org\/fr\/championnat-de-karate-du-commonwealth-2018\/","og_site_name":"Karate Canada","article_published_time":"2018-06-27T23:35:16+00:00","article_modified_time":"2018-08-16T21:45:34+00:00","og_image":[{"width":768,"height":492,"url":"https:\/\/karatecanada.org\/wp-content\/uploads\/2018\/07\/newsimage-208TO_Open_Poster-768pxW.jpg","type":"image\/jpeg"}],"author":"brenda gilbert","twitter_card":"summary_large_image","twitter_misc":{"\u00c9crit par":"brenda gilbert","Dur\u00e9e de lecture estim\u00e9e":"1 minute"},"schema":{"@context":"https:\/\/schema.org","@graph":[{"@type":"Article","@id":"https:\/\/karatecanada.org\/fr\/championnat-de-karate-du-commonwealth-2018\/#article","isPartOf":{"@id":"https:\/\/karatecanada.org\/fr\/championnat-de-karate-du-commonwealth-2018\/"},"author":{"name":"brenda gilbert","@id":"https:\/\/karatecanada.org\/fr\/#\/schema\/person\/62bdfd9b19409a29c27ff72da1f1f5ec"},"headline":"Championnat de karat\u00e9 du Commonwealth 2018","datePublished":"2018-06-27T23:35:16+00:00","dateModified":"2018-08-16T21:45:34+00:00","mainEntityOfPage":{"@id":"https:\/\/karatecanada.org\/fr\/championnat-de-karate-du-commonwealth-2018\/"},"wordCount":168,"commentCount":0,"image":{"@id":"https:\/\/karatecanada.org\/fr\/championnat-de-karate-du-commonwealth-2018\/#primaryimage"},"thumbnailUrl":"https:\/\/karatecanada.org\/wp-content\/uploads\/2018\/07\/newsimage-208TO_Open_Poster-768pxW.jpg","inLanguage":"fr-FR","potentialAction":[{"@type":"CommentAction","name":"Comment","target":["https:\/\/karatecanada.org\/fr\/championnat-de-karate-du-commonwealth-2018\/#respond"]}]},{"@type":"WebPage","@id":"https:\/\/karatecanada.org\/fr\/championnat-de-karate-du-commonwealth-2018\/","url":"https:\/\/karatecanada.org\/fr\/championnat-de-karate-du-commonwealth-2018\/","name":"Championnat de karat\u00e9 du Commonwealth 2018 - Karate Canada","isPartOf":{"@id":"https:\/\/karatecanada.org\/fr\/#website"},"primaryImageOfPage":{"@id":"https:\/\/karatecanada.org\/fr\/championnat-de-karate-du-commonwealth-2018\/#primaryimage"},"image":{"@id":"https:\/\/karatecanada.org\/fr\/championnat-de-karate-du-commonwealth-2018\/#primaryimage"},"thumbnailUrl":"https:\/\/karatecanada.org\/wp-content\/uploads\/2018\/07\/newsimage-208TO_Open_Poster-768pxW.jpg","datePublished":"2018-06-27T23:35:16+00:00","dateModified":"2018-08-16T21:45:34+00:00","author":{"@id":"https:\/\/karatecanada.org\/fr\/#\/schema\/person\/62bdfd9b19409a29c27ff72da1f1f5ec"},"breadcrumb":{"@id":"https:\/\/karatecanada.org\/fr\/championnat-de-karate-du-commonwealth-2018\/#breadcrumb"},"inLanguage":"fr-FR","potentialAction":[{"@type":"ReadAction","target":["https:\/\/karatecanada.org\/fr\/championnat-de-karate-du-commonwealth-2018\/"]}]},{"@type":"ImageObject","inLanguage":"fr-FR","@id":"https:\/\/karatecanada.org\/fr\/championnat-de-karate-du-commonwealth-2018\/#primaryimage","url":"https:\/\/karatecanada.org\/wp-content\/uploads\/2018\/07\/newsimage-208TO_Open_Poster-768pxW.jpg","contentUrl":"https:\/\/karatecanada.org\/wp-content\/uploads\/2018\/07\/newsimage-208TO_Open_Poster-768pxW.jpg","width":768,"height":492},{"@type":"BreadcrumbList","@id":"https:\/\/karatecanada.org\/fr\/championnat-de-karate-du-commonwealth-2018\/#breadcrumb","itemListElement":[{"@type":"ListItem","position":1,"name":"Home","item":"https:\/\/karatecanada.org\/fr\/"},{"@type":"ListItem","position":2,"name":"Championnat de karat\u00e9 du Commonwealth 2018"}]},{"@type":"WebSite","@id":"https:\/\/karatecanada.org\/fr\/#website","url":"https:\/\/karatecanada.org\/fr\/","name":"Karate Canada","description":"Just another WordPress site","potentialAction":[{"@type":"SearchAction","target":{"@type":"EntryPoint","urlTemplate":"https:\/\/karatecanada.org\/fr\/?s={search_term_string}"},"query-input":{"@type":"PropertyValueSpecification","valueRequired":true,"valueName":"search_term_string"}}],"inLanguage":"fr-FR"},{"@type":"Person","@id":"https:\/\/karatecanada.org\/fr\/#\/schema\/person\/62bdfd9b19409a29c27ff72da1f1f5ec","name":"brenda gilbert","image":{"@type":"ImageObject","inLanguage":"fr-FR","@id":"https:\/\/secure.gravatar.com\/avatar\/a7aa1e8360f71426dd604c154f516c8bedb29c8b73cb511f4933814760ee0148?s=96&d=mm&r=g","url":"https:\/\/secure.gravatar.com\/avatar\/a7aa1e8360f71426dd604c154f516c8bedb29c8b73cb511f4933814760ee0148?s=96&d=mm&r=g","contentUrl":"https:\/\/secure.gravatar.com\/avatar\/a7aa1e8360f71426dd604c154f516c8bedb29c8b73cb511f4933814760ee0148?s=96&d=mm&r=g","caption":"brenda gilbert"},"url":"https:\/\/karatecanada.org\/fr\/author\/brenda\/"}]}},"featured_image_src":"https:\/\/karatecanada.org\/wp-content\/uploads\/2018\/07\/newsimage-208TO_Open_Poster-768pxW-768x492.jpg","date_format":"juin 27, 2018","_links":{"self":[{"href":"https:\/\/karatecanada.org\/fr\/wp-json\/wp\/v2\/posts\/6852","targetHints":{"allow":["GET"]}}],"collection":[{"href":"https:\/\/karatecanada.org\/fr\/wp-json\/wp\/v2\/posts"}],"about":[{"href":"https:\/\/karatecanada.org\/fr\/wp-json\/wp\/v2\/types\/post"}],"author":[{"embeddable":true,"href":"https:\/\/karatecanada.org\/fr\/wp-json\/wp\/v2\/users\/14"}],"replies":[{"embeddable":true,"href":"https:\/\/karatecanada.org\/fr\/wp-json\/wp\/v2\/comments?post=6852"}],"version-history":[{"count":0,"href":"https:\/\/karatecanada.org\/fr\/wp-json\/wp\/v2\/posts\/6852\/revisions"}],"wp:featuredmedia":[{"embeddable":true,"href":"https:\/\/karatecanada.org\/fr\/wp-json\/wp\/v2\/media\/7620"}],"wp:attachment":[{"href":"https:\/\/karatecanada.org\/fr\/wp-json\/wp\/v2\/media?parent=6852"}],"wp:term":[{"taxonomy":"category","embeddable":true,"href":"https:\/\/karatecanada.org\/fr\/wp-json\/wp\/v2\/categories?post=6852"},{"taxonomy":"post_tag","embeddable":true,"href":"https:\/\/karatecanada.org\/fr\/wp-json\/wp\/v2\/tags?post=6852"}],"curies":[{"name":"wp","href":"https:\/\/api.w.org\/{rel}","templated":true}]}}