{"id":6861,"date":"2018-06-19T00:03:19","date_gmt":"2018-06-19T00:03:19","guid":{"rendered":"http:\/\/karatecanada.org\/?p=6861"},"modified":"2018-07-17T00:05:13","modified_gmt":"2018-07-17T00:05:13","slug":"championnats-de-karate-panamericains-senior-trois-medailles-dor-pour-le-canada","status":"publish","type":"post","link":"https:\/\/karatecanada.org\/fr\/championnats-de-karate-panamericains-senior-trois-medailles-dor-pour-le-canada\/","title":{"rendered":"Championnats de karat\u00e9 panam\u00e9ricains senior : trois m\u00e9dailles d\u2019or pour le Canada"},"content":{"rendered":"<p>L\u2019\u00e9quipe nationale senior de karat\u00e9 \u00e9tait \u00e0 Santiago, Chile, la fin de semaine pass\u00e9e, pour les Championnats panam\u00e9ricains senior 2018, qui ont eu lieu du 15 au 17 juin. La d\u00e9l\u00e9gation canadienne comprenait 27 athl\u00e8tes, accompagn\u00e9s de cinq entra\u00eeneurs, de quelques repr\u00e9sentants de l\u2019organisme sportif, et de seize officiels. Cette comp\u00e9tition a vu de nombreuses excellentes performances de la part des athl\u00e8tes canadiens, dont notamment douze r\u00e9sultats parmi les cinq premiers rangs, y compris une m\u00e9daille d\u2019or et quatre m\u00e9dailles de bronze en kumit\u00e9 individuel, une m\u00e9daille d\u2019or et une m\u00e9daille d\u2019argent en Para-karat\u00e9 (kata), une m\u00e9daille de bronze en kata individuel ainsi qu\u2019une m\u00e9daille d\u2019or en kumit\u00e9 en \u00e9quipe \u2013 une premi\u00e8re pour le Canada!<\/p>\n<p>&nbsp;<\/p>\n<p>Olivier Pineau, directeur ex\u00e9cutif de Karat\u00e9 Canada, souligne que \u00abl&rsquo;\u00e9quipe canadienne de karat\u00e9 d\u00e9montre une fois de plus des progr\u00e8s marqu\u00e9s et rapides sur la sc\u00e8ne internationale. Nous avons termin\u00e9 le tournoi sur une note tr\u00e8s \u00e9lev\u00e9e en remportant la m\u00e9daille d&rsquo;or en kumit\u00e9 par \u00e9quipe masculin, une division o\u00f9 les r\u00e9sultats sont g\u00e9n\u00e9ralement consid\u00e9r\u00e9s comme un t\u00e9moignage de la profondeur et du succ\u00e8s g\u00e9n\u00e9ral du programme de l&rsquo;\u00e9quipe nationale d&rsquo;un pays. \u00bb Son sentiment est partag\u00e9 par le pr\u00e9sident de Karat\u00e9 Canada, Craig Vokey, qui a soulign\u00e9 \u00ab l&rsquo;excellente performance de l&rsquo;\u00e9quipe senior, une \u00e9quipe jeune avec un brillant avenir. \u00bb<\/p>\n<p>&nbsp;<\/p>\n<p>D\u2019ailleurs, onze officiels ont obtenu ou mis \u00e0 jour leur(s) license(s) panam\u00e9ricaines \u00e0 Santiago. F\u00e9licitations \u00e0 Djibril Ba (Kata Judge B, Kumite Judge B), Samir Baccouche (Kata Judge C, Kumite Judge C), Chantale Boileau (Kata Judge A), Yannick Charles (Kata Judge C, Kumite Judge C), Aristh\u00e8ne Clairm\u00e9us (Kata Judge C, Kumite Judge C), Thomas De Freyman (Kumite Referee A), Barry Gaudet (Kumite Judge B), Patricia Karl (Kumite Judge C), Yogen Mungroosing (Kumite Referee A), Maria Salmeron (Kata Judge C, Kumite Judge C) and Michael Wai Song (Kumite Judge C).<\/p>\n<p><a href=\"http:\/\/sirc.ca\/fr\/news\/championnats-de-karate-panamericains-senior-trois-medailles-dor-pour-le-canada\" target=\"_blank\" rel=\"noopener\">Pour lire le communiqu\u00e9 de presse au complet, veuillez SVP cliquer ici.<\/a><\/p>\n","protected":false},"excerpt":{"rendered":"<p>L\u2019\u00e9quipe nationale senior de karat\u00e9 \u00e9tait \u00e0 Santiago, Chile, la fin de semaine pass\u00e9e, pour les Championnats panam\u00e9ricains senior 2018, qui ont eu lieu du 15 au 17 juin. La d\u00e9l\u00e9gation canadienne comprenait 27 athl\u00e8tes, accompagn\u00e9s de cinq entra\u00eeneurs, de quelques repr\u00e9sentants de l\u2019organisme sportif, et de seize officiels. Cette comp\u00e9tition a vu de nombreuses [&hellip;]<\/p>\n","protected":false},"author":14,"featured_media":7622,"comment_status":"open","ping_status":"open","sticky":false,"template":"","format":"standard","meta":{"_acf_changed":false,"footnotes":""},"categories":[],"tags":[],"class_list":["post-6861","post","type-post","status-publish","format-standard","has-post-thumbnail","hentry"],"acf":[],"yoast_head":"<!-- This site is optimized with the Yoast SEO plugin v27.3 - https:\/\/yoast.com\/product\/yoast-seo-wordpress\/ -->\n<title>Championnats de karat\u00e9 panam\u00e9ricains senior : trois m\u00e9dailles d\u2019or pour le Canada - Karate Canada<\/title>\n<meta name=\"robots\" content=\"index, follow, max-snippet:-1, max-image-preview:large, max-video-preview:-1\" \/>\n<link rel=\"canonical\" href=\"https:\/\/karatecanada.org\/fr\/championnats-de-karate-panamericains-senior-trois-medailles-dor-pour-le-canada\/\" \/>\n<meta property=\"og:locale\" content=\"fr_FR\" \/>\n<meta property=\"og:type\" content=\"article\" \/>\n<meta property=\"og:title\" content=\"Championnats de karat\u00e9 panam\u00e9ricains senior : trois m\u00e9dailles d\u2019or pour le Canada - Karate Canada\" \/>\n<meta property=\"og:description\" content=\"L\u2019\u00e9quipe nationale senior de karat\u00e9 \u00e9tait \u00e0 Santiago, Chile, la fin de semaine pass\u00e9e, pour les Championnats panam\u00e9ricains senior 2018, qui ont eu lieu du 15 au 17 juin. La d\u00e9l\u00e9gation canadienne comprenait 27 athl\u00e8tes, accompagn\u00e9s de cinq entra\u00eeneurs, de quelques repr\u00e9sentants de l\u2019organisme sportif, et de seize officiels. Cette comp\u00e9tition a vu de nombreuses [&hellip;]\" \/>\n<meta property=\"og:url\" content=\"https:\/\/karatecanada.org\/fr\/championnats-de-karate-panamericains-senior-trois-medailles-dor-pour-le-canada\/\" \/>\n<meta property=\"og:site_name\" content=\"Karate Canada\" \/>\n<meta property=\"article:published_time\" content=\"2018-06-19T00:03:19+00:00\" \/>\n<meta property=\"article:modified_time\" content=\"2018-07-17T00:05:13+00:00\" \/>\n<meta property=\"og:image\" content=\"https:\/\/karatecanada.org\/wp-content\/uploads\/2018\/06\/newsimage_3golds-768pxW.jpg\" \/>\n\t<meta property=\"og:image:width\" content=\"768\" \/>\n\t<meta property=\"og:image:height\" content=\"492\" \/>\n\t<meta property=\"og:image:type\" content=\"image\/jpeg\" \/>\n<meta name=\"author\" content=\"brenda gilbert\" \/>\n<meta name=\"twitter:card\" content=\"summary_large_image\" \/>\n<meta name=\"twitter:label1\" content=\"\u00c9crit par\" \/>\n\t<meta name=\"twitter:data1\" content=\"brenda gilbert\" \/>\n\t<meta name=\"twitter:label2\" content=\"Dur\u00e9e de lecture estim\u00e9e\" \/>\n\t<meta name=\"twitter:data2\" content=\"2 minutes\" \/>\n<script type=\"application\/ld+json\" class=\"yoast-schema-graph\">{\"@context\":\"https:\\\/\\\/schema.org\",\"@graph\":[{\"@type\":\"Article\",\"@id\":\"https:\\\/\\\/karatecanada.org\\\/fr\\\/championnats-de-karate-panamericains-senior-trois-medailles-dor-pour-le-canada\\\/#article\",\"isPartOf\":{\"@id\":\"https:\\\/\\\/karatecanada.org\\\/fr\\\/championnats-de-karate-panamericains-senior-trois-medailles-dor-pour-le-canada\\\/\"},\"author\":{\"name\":\"brenda gilbert\",\"@id\":\"https:\\\/\\\/karatecanada.org\\\/fr\\\/#\\\/schema\\\/person\\\/62bdfd9b19409a29c27ff72da1f1f5ec\"},\"headline\":\"Championnats de karat\u00e9 panam\u00e9ricains senior : trois m\u00e9dailles d\u2019or pour le Canada\",\"datePublished\":\"2018-06-19T00:03:19+00:00\",\"dateModified\":\"2018-07-17T00:05:13+00:00\",\"mainEntityOfPage\":{\"@id\":\"https:\\\/\\\/karatecanada.org\\\/fr\\\/championnats-de-karate-panamericains-senior-trois-medailles-dor-pour-le-canada\\\/\"},\"wordCount\":379,\"commentCount\":0,\"image\":{\"@id\":\"https:\\\/\\\/karatecanada.org\\\/fr\\\/championnats-de-karate-panamericains-senior-trois-medailles-dor-pour-le-canada\\\/#primaryimage\"},\"thumbnailUrl\":\"https:\\\/\\\/karatecanada.org\\\/wp-content\\\/uploads\\\/2018\\\/06\\\/newsimage_3golds-768pxW.jpg\",\"inLanguage\":\"fr-FR\",\"potentialAction\":[{\"@type\":\"CommentAction\",\"name\":\"Comment\",\"target\":[\"https:\\\/\\\/karatecanada.org\\\/fr\\\/championnats-de-karate-panamericains-senior-trois-medailles-dor-pour-le-canada\\\/#respond\"]}]},{\"@type\":\"WebPage\",\"@id\":\"https:\\\/\\\/karatecanada.org\\\/fr\\\/championnats-de-karate-panamericains-senior-trois-medailles-dor-pour-le-canada\\\/\",\"url\":\"https:\\\/\\\/karatecanada.org\\\/fr\\\/championnats-de-karate-panamericains-senior-trois-medailles-dor-pour-le-canada\\\/\",\"name\":\"Championnats de karat\u00e9 panam\u00e9ricains senior : trois m\u00e9dailles d\u2019or pour le Canada - Karate Canada\",\"isPartOf\":{\"@id\":\"https:\\\/\\\/karatecanada.org\\\/fr\\\/#website\"},\"primaryImageOfPage\":{\"@id\":\"https:\\\/\\\/karatecanada.org\\\/fr\\\/championnats-de-karate-panamericains-senior-trois-medailles-dor-pour-le-canada\\\/#primaryimage\"},\"image\":{\"@id\":\"https:\\\/\\\/karatecanada.org\\\/fr\\\/championnats-de-karate-panamericains-senior-trois-medailles-dor-pour-le-canada\\\/#primaryimage\"},\"thumbnailUrl\":\"https:\\\/\\\/karatecanada.org\\\/wp-content\\\/uploads\\\/2018\\\/06\\\/newsimage_3golds-768pxW.jpg\",\"datePublished\":\"2018-06-19T00:03:19+00:00\",\"dateModified\":\"2018-07-17T00:05:13+00:00\",\"author\":{\"@id\":\"https:\\\/\\\/karatecanada.org\\\/fr\\\/#\\\/schema\\\/person\\\/62bdfd9b19409a29c27ff72da1f1f5ec\"},\"breadcrumb\":{\"@id\":\"https:\\\/\\\/karatecanada.org\\\/fr\\\/championnats-de-karate-panamericains-senior-trois-medailles-dor-pour-le-canada\\\/#breadcrumb\"},\"inLanguage\":\"fr-FR\",\"potentialAction\":[{\"@type\":\"ReadAction\",\"target\":[\"https:\\\/\\\/karatecanada.org\\\/fr\\\/championnats-de-karate-panamericains-senior-trois-medailles-dor-pour-le-canada\\\/\"]}]},{\"@type\":\"ImageObject\",\"inLanguage\":\"fr-FR\",\"@id\":\"https:\\\/\\\/karatecanada.org\\\/fr\\\/championnats-de-karate-panamericains-senior-trois-medailles-dor-pour-le-canada\\\/#primaryimage\",\"url\":\"https:\\\/\\\/karatecanada.org\\\/wp-content\\\/uploads\\\/2018\\\/06\\\/newsimage_3golds-768pxW.jpg\",\"contentUrl\":\"https:\\\/\\\/karatecanada.org\\\/wp-content\\\/uploads\\\/2018\\\/06\\\/newsimage_3golds-768pxW.jpg\",\"width\":768,\"height\":492},{\"@type\":\"BreadcrumbList\",\"@id\":\"https:\\\/\\\/karatecanada.org\\\/fr\\\/championnats-de-karate-panamericains-senior-trois-medailles-dor-pour-le-canada\\\/#breadcrumb\",\"itemListElement\":[{\"@type\":\"ListItem\",\"position\":1,\"name\":\"Home\",\"item\":\"https:\\\/\\\/karatecanada.org\\\/fr\\\/\"},{\"@type\":\"ListItem\",\"position\":2,\"name\":\"Championnats de karat\u00e9 panam\u00e9ricains senior : trois m\u00e9dailles d\u2019or pour le Canada\"}]},{\"@type\":\"WebSite\",\"@id\":\"https:\\\/\\\/karatecanada.org\\\/fr\\\/#website\",\"url\":\"https:\\\/\\\/karatecanada.org\\\/fr\\\/\",\"name\":\"Karate Canada\",\"description\":\"Just another WordPress site\",\"potentialAction\":[{\"@type\":\"SearchAction\",\"target\":{\"@type\":\"EntryPoint\",\"urlTemplate\":\"https:\\\/\\\/karatecanada.org\\\/fr\\\/?s={search_term_string}\"},\"query-input\":{\"@type\":\"PropertyValueSpecification\",\"valueRequired\":true,\"valueName\":\"search_term_string\"}}],\"inLanguage\":\"fr-FR\"},{\"@type\":\"Person\",\"@id\":\"https:\\\/\\\/karatecanada.org\\\/fr\\\/#\\\/schema\\\/person\\\/62bdfd9b19409a29c27ff72da1f1f5ec\",\"name\":\"brenda gilbert\",\"image\":{\"@type\":\"ImageObject\",\"inLanguage\":\"fr-FR\",\"@id\":\"https:\\\/\\\/secure.gravatar.com\\\/avatar\\\/a7aa1e8360f71426dd604c154f516c8bedb29c8b73cb511f4933814760ee0148?s=96&d=mm&r=g\",\"url\":\"https:\\\/\\\/secure.gravatar.com\\\/avatar\\\/a7aa1e8360f71426dd604c154f516c8bedb29c8b73cb511f4933814760ee0148?s=96&d=mm&r=g\",\"contentUrl\":\"https:\\\/\\\/secure.gravatar.com\\\/avatar\\\/a7aa1e8360f71426dd604c154f516c8bedb29c8b73cb511f4933814760ee0148?s=96&d=mm&r=g\",\"caption\":\"brenda gilbert\"},\"url\":\"https:\\\/\\\/karatecanada.org\\\/fr\\\/author\\\/brenda\\\/\"}]}<\/script>\n<!-- \/ Yoast SEO plugin. -->","yoast_head_json":{"title":"Championnats de karat\u00e9 panam\u00e9ricains senior : trois m\u00e9dailles d\u2019or pour le Canada - Karate Canada","robots":{"index":"index","follow":"follow","max-snippet":"max-snippet:-1","max-image-preview":"max-image-preview:large","max-video-preview":"max-video-preview:-1"},"canonical":"https:\/\/karatecanada.org\/fr\/championnats-de-karate-panamericains-senior-trois-medailles-dor-pour-le-canada\/","og_locale":"fr_FR","og_type":"article","og_title":"Championnats de karat\u00e9 panam\u00e9ricains senior : trois m\u00e9dailles d\u2019or pour le Canada - Karate Canada","og_description":"L\u2019\u00e9quipe nationale senior de karat\u00e9 \u00e9tait \u00e0 Santiago, Chile, la fin de semaine pass\u00e9e, pour les Championnats panam\u00e9ricains senior 2018, qui ont eu lieu du 15 au 17 juin. La d\u00e9l\u00e9gation canadienne comprenait 27 athl\u00e8tes, accompagn\u00e9s de cinq entra\u00eeneurs, de quelques repr\u00e9sentants de l\u2019organisme sportif, et de seize officiels. Cette comp\u00e9tition a vu de nombreuses [&hellip;]","og_url":"https:\/\/karatecanada.org\/fr\/championnats-de-karate-panamericains-senior-trois-medailles-dor-pour-le-canada\/","og_site_name":"Karate Canada","article_published_time":"2018-06-19T00:03:19+00:00","article_modified_time":"2018-07-17T00:05:13+00:00","og_image":[{"width":768,"height":492,"url":"https:\/\/karatecanada.org\/wp-content\/uploads\/2018\/06\/newsimage_3golds-768pxW.jpg","type":"image\/jpeg"}],"author":"brenda gilbert","twitter_card":"summary_large_image","twitter_misc":{"\u00c9crit par":"brenda gilbert","Dur\u00e9e de lecture estim\u00e9e":"2 minutes"},"schema":{"@context":"https:\/\/schema.org","@graph":[{"@type":"Article","@id":"https:\/\/karatecanada.org\/fr\/championnats-de-karate-panamericains-senior-trois-medailles-dor-pour-le-canada\/#article","isPartOf":{"@id":"https:\/\/karatecanada.org\/fr\/championnats-de-karate-panamericains-senior-trois-medailles-dor-pour-le-canada\/"},"author":{"name":"brenda gilbert","@id":"https:\/\/karatecanada.org\/fr\/#\/schema\/person\/62bdfd9b19409a29c27ff72da1f1f5ec"},"headline":"Championnats de karat\u00e9 panam\u00e9ricains senior : trois m\u00e9dailles d\u2019or pour le Canada","datePublished":"2018-06-19T00:03:19+00:00","dateModified":"2018-07-17T00:05:13+00:00","mainEntityOfPage":{"@id":"https:\/\/karatecanada.org\/fr\/championnats-de-karate-panamericains-senior-trois-medailles-dor-pour-le-canada\/"},"wordCount":379,"commentCount":0,"image":{"@id":"https:\/\/karatecanada.org\/fr\/championnats-de-karate-panamericains-senior-trois-medailles-dor-pour-le-canada\/#primaryimage"},"thumbnailUrl":"https:\/\/karatecanada.org\/wp-content\/uploads\/2018\/06\/newsimage_3golds-768pxW.jpg","inLanguage":"fr-FR","potentialAction":[{"@type":"CommentAction","name":"Comment","target":["https:\/\/karatecanada.org\/fr\/championnats-de-karate-panamericains-senior-trois-medailles-dor-pour-le-canada\/#respond"]}]},{"@type":"WebPage","@id":"https:\/\/karatecanada.org\/fr\/championnats-de-karate-panamericains-senior-trois-medailles-dor-pour-le-canada\/","url":"https:\/\/karatecanada.org\/fr\/championnats-de-karate-panamericains-senior-trois-medailles-dor-pour-le-canada\/","name":"Championnats de karat\u00e9 panam\u00e9ricains senior : trois m\u00e9dailles d\u2019or pour le Canada - Karate Canada","isPartOf":{"@id":"https:\/\/karatecanada.org\/fr\/#website"},"primaryImageOfPage":{"@id":"https:\/\/karatecanada.org\/fr\/championnats-de-karate-panamericains-senior-trois-medailles-dor-pour-le-canada\/#primaryimage"},"image":{"@id":"https:\/\/karatecanada.org\/fr\/championnats-de-karate-panamericains-senior-trois-medailles-dor-pour-le-canada\/#primaryimage"},"thumbnailUrl":"https:\/\/karatecanada.org\/wp-content\/uploads\/2018\/06\/newsimage_3golds-768pxW.jpg","datePublished":"2018-06-19T00:03:19+00:00","dateModified":"2018-07-17T00:05:13+00:00","author":{"@id":"https:\/\/karatecanada.org\/fr\/#\/schema\/person\/62bdfd9b19409a29c27ff72da1f1f5ec"},"breadcrumb":{"@id":"https:\/\/karatecanada.org\/fr\/championnats-de-karate-panamericains-senior-trois-medailles-dor-pour-le-canada\/#breadcrumb"},"inLanguage":"fr-FR","potentialAction":[{"@type":"ReadAction","target":["https:\/\/karatecanada.org\/fr\/championnats-de-karate-panamericains-senior-trois-medailles-dor-pour-le-canada\/"]}]},{"@type":"ImageObject","inLanguage":"fr-FR","@id":"https:\/\/karatecanada.org\/fr\/championnats-de-karate-panamericains-senior-trois-medailles-dor-pour-le-canada\/#primaryimage","url":"https:\/\/karatecanada.org\/wp-content\/uploads\/2018\/06\/newsimage_3golds-768pxW.jpg","contentUrl":"https:\/\/karatecanada.org\/wp-content\/uploads\/2018\/06\/newsimage_3golds-768pxW.jpg","width":768,"height":492},{"@type":"BreadcrumbList","@id":"https:\/\/karatecanada.org\/fr\/championnats-de-karate-panamericains-senior-trois-medailles-dor-pour-le-canada\/#breadcrumb","itemListElement":[{"@type":"ListItem","position":1,"name":"Home","item":"https:\/\/karatecanada.org\/fr\/"},{"@type":"ListItem","position":2,"name":"Championnats de karat\u00e9 panam\u00e9ricains senior : trois m\u00e9dailles d\u2019or pour le Canada"}]},{"@type":"WebSite","@id":"https:\/\/karatecanada.org\/fr\/#website","url":"https:\/\/karatecanada.org\/fr\/","name":"Karate Canada","description":"Just another WordPress site","potentialAction":[{"@type":"SearchAction","target":{"@type":"EntryPoint","urlTemplate":"https:\/\/karatecanada.org\/fr\/?s={search_term_string}"},"query-input":{"@type":"PropertyValueSpecification","valueRequired":true,"valueName":"search_term_string"}}],"inLanguage":"fr-FR"},{"@type":"Person","@id":"https:\/\/karatecanada.org\/fr\/#\/schema\/person\/62bdfd9b19409a29c27ff72da1f1f5ec","name":"brenda gilbert","image":{"@type":"ImageObject","inLanguage":"fr-FR","@id":"https:\/\/secure.gravatar.com\/avatar\/a7aa1e8360f71426dd604c154f516c8bedb29c8b73cb511f4933814760ee0148?s=96&d=mm&r=g","url":"https:\/\/secure.gravatar.com\/avatar\/a7aa1e8360f71426dd604c154f516c8bedb29c8b73cb511f4933814760ee0148?s=96&d=mm&r=g","contentUrl":"https:\/\/secure.gravatar.com\/avatar\/a7aa1e8360f71426dd604c154f516c8bedb29c8b73cb511f4933814760ee0148?s=96&d=mm&r=g","caption":"brenda gilbert"},"url":"https:\/\/karatecanada.org\/fr\/author\/brenda\/"}]}},"featured_image_src":"https:\/\/karatecanada.org\/wp-content\/uploads\/2018\/06\/newsimage_3golds-768pxW-768x492.jpg","date_format":"juin 19, 2018","_links":{"self":[{"href":"https:\/\/karatecanada.org\/fr\/wp-json\/wp\/v2\/posts\/6861","targetHints":{"allow":["GET"]}}],"collection":[{"href":"https:\/\/karatecanada.org\/fr\/wp-json\/wp\/v2\/posts"}],"about":[{"href":"https:\/\/karatecanada.org\/fr\/wp-json\/wp\/v2\/types\/post"}],"author":[{"embeddable":true,"href":"https:\/\/karatecanada.org\/fr\/wp-json\/wp\/v2\/users\/14"}],"replies":[{"embeddable":true,"href":"https:\/\/karatecanada.org\/fr\/wp-json\/wp\/v2\/comments?post=6861"}],"version-history":[{"count":0,"href":"https:\/\/karatecanada.org\/fr\/wp-json\/wp\/v2\/posts\/6861\/revisions"}],"wp:featuredmedia":[{"embeddable":true,"href":"https:\/\/karatecanada.org\/fr\/wp-json\/wp\/v2\/media\/7622"}],"wp:attachment":[{"href":"https:\/\/karatecanada.org\/fr\/wp-json\/wp\/v2\/media?parent=6861"}],"wp:term":[{"taxonomy":"category","embeddable":true,"href":"https:\/\/karatecanada.org\/fr\/wp-json\/wp\/v2\/categories?post=6861"},{"taxonomy":"post_tag","embeddable":true,"href":"https:\/\/karatecanada.org\/fr\/wp-json\/wp\/v2\/tags?post=6861"}],"curies":[{"name":"wp","href":"https:\/\/api.w.org\/{rel}","templated":true}]}}