{"id":6878,"date":"2018-06-06T00:18:58","date_gmt":"2018-06-06T00:18:58","guid":{"rendered":"http:\/\/karatecanada.org\/?p=6878"},"modified":"2018-07-17T00:19:59","modified_gmt":"2018-07-17T00:19:59","slug":"lopen-de-karate-de-latlantique-aura-lieu-le-28-juillet","status":"publish","type":"post","link":"https:\/\/karatecanada.org\/fr\/lopen-de-karate-de-latlantique-aura-lieu-le-28-juillet\/","title":{"rendered":"L&rsquo;Open de Karat\u00e9 de l&rsquo;Atlantique aura lieu le 28 juillet"},"content":{"rendered":"<p>Karat\u00e9 Canada est fi\u00e8re de sanctionner le prochain tournoi Open de karat\u00e9 de l&rsquo;Atlantique, qui aura lieu le samedi 28 juillet \u00e0 St John, au Nouveau-Brunswick. En plus de la comp\u00e9tition, il y aura une Clinique nationale d&rsquo;arbitrage le 27 juillet qui sera dirig\u00e9e par M. Babak Sotoudeh, membre du comit\u00e9 des officiels de Karat\u00e9 Canada. L&rsquo;entra\u00eeneure-chef de l&rsquo;\u00e9quipe nationale senior de kumit\u00e9, Mme Nassim Varasteh, sera \u00e9galement pr\u00e9sente pour donner une clinique en kumit\u00e9 le dimanche 29 juillet. Ne manquez pas ce grand \u00e9v\u00e9nement!<\/p>\n<p>Inscription et information :\u00a0<a href=\"http:\/\/www.atlanticopen.ca\/main.html\" target=\"_blank\" rel=\"noopener\">atlanticopen.ca<\/a><\/p>\n<p>&nbsp;<\/p>\n<p>&nbsp;<\/p>\n","protected":false},"excerpt":{"rendered":"<p>Karat\u00e9 Canada est fi\u00e8re de sanctionner le prochain tournoi Open de karat\u00e9 de l&rsquo;Atlantique, qui aura lieu le samedi 28 juillet \u00e0 St John, au Nouveau-Brunswick. En plus de la comp\u00e9tition, il y aura une Clinique nationale d&rsquo;arbitrage le 27 juillet qui sera dirig\u00e9e par M. Babak Sotoudeh, membre du comit\u00e9 des officiels de Karat\u00e9 [&hellip;]<\/p>\n","protected":false},"author":14,"featured_media":7731,"comment_status":"open","ping_status":"open","sticky":false,"template":"","format":"standard","meta":{"_acf_changed":false,"footnotes":""},"categories":[],"tags":[],"class_list":["post-6878","post","type-post","status-publish","format-standard","has-post-thumbnail","hentry"],"acf":[],"yoast_head":"<!-- This site is optimized with the Yoast SEO plugin v27.3 - https:\/\/yoast.com\/product\/yoast-seo-wordpress\/ -->\n<title>L&#039;Open de Karat\u00e9 de l&#039;Atlantique aura lieu le 28 juillet - Karate Canada<\/title>\n<meta name=\"robots\" content=\"index, follow, max-snippet:-1, max-image-preview:large, max-video-preview:-1\" \/>\n<link rel=\"canonical\" href=\"https:\/\/karatecanada.org\/fr\/lopen-de-karate-de-latlantique-aura-lieu-le-28-juillet\/\" \/>\n<meta property=\"og:locale\" content=\"fr_FR\" \/>\n<meta property=\"og:type\" content=\"article\" \/>\n<meta property=\"og:title\" content=\"L&#039;Open de Karat\u00e9 de l&#039;Atlantique aura lieu le 28 juillet - Karate Canada\" \/>\n<meta property=\"og:description\" content=\"Karat\u00e9 Canada est fi\u00e8re de sanctionner le prochain tournoi Open de karat\u00e9 de l&rsquo;Atlantique, qui aura lieu le samedi 28 juillet \u00e0 St John, au Nouveau-Brunswick. En plus de la comp\u00e9tition, il y aura une Clinique nationale d&rsquo;arbitrage le 27 juillet qui sera dirig\u00e9e par M. Babak Sotoudeh, membre du comit\u00e9 des officiels de Karat\u00e9 [&hellip;]\" \/>\n<meta property=\"og:url\" content=\"https:\/\/karatecanada.org\/fr\/lopen-de-karate-de-latlantique-aura-lieu-le-28-juillet\/\" \/>\n<meta property=\"og:site_name\" content=\"Karate Canada\" \/>\n<meta property=\"article:published_time\" content=\"2018-06-06T00:18:58+00:00\" \/>\n<meta property=\"article:modified_time\" content=\"2018-07-17T00:19:59+00:00\" \/>\n<meta property=\"og:image\" content=\"https:\/\/karatecanada.org\/wp-content\/uploads\/2018\/06\/37036498_871789086353047_4916062344875868160_o.jpg\" \/>\n\t<meta property=\"og:image:width\" content=\"2203\" \/>\n\t<meta property=\"og:image:height\" content=\"888\" \/>\n\t<meta property=\"og:image:type\" content=\"image\/jpeg\" \/>\n<meta name=\"author\" content=\"brenda gilbert\" \/>\n<meta name=\"twitter:card\" content=\"summary_large_image\" \/>\n<meta name=\"twitter:label1\" content=\"\u00c9crit par\" \/>\n\t<meta name=\"twitter:data1\" content=\"brenda gilbert\" \/>\n<script type=\"application\/ld+json\" class=\"yoast-schema-graph\">{\"@context\":\"https:\\\/\\\/schema.org\",\"@graph\":[{\"@type\":\"Article\",\"@id\":\"https:\\\/\\\/karatecanada.org\\\/fr\\\/lopen-de-karate-de-latlantique-aura-lieu-le-28-juillet\\\/#article\",\"isPartOf\":{\"@id\":\"https:\\\/\\\/karatecanada.org\\\/fr\\\/lopen-de-karate-de-latlantique-aura-lieu-le-28-juillet\\\/\"},\"author\":{\"name\":\"brenda gilbert\",\"@id\":\"https:\\\/\\\/karatecanada.org\\\/fr\\\/#\\\/schema\\\/person\\\/62bdfd9b19409a29c27ff72da1f1f5ec\"},\"headline\":\"L&rsquo;Open de Karat\u00e9 de l&rsquo;Atlantique aura lieu le 28 juillet\",\"datePublished\":\"2018-06-06T00:18:58+00:00\",\"dateModified\":\"2018-07-17T00:19:59+00:00\",\"mainEntityOfPage\":{\"@id\":\"https:\\\/\\\/karatecanada.org\\\/fr\\\/lopen-de-karate-de-latlantique-aura-lieu-le-28-juillet\\\/\"},\"wordCount\":109,\"commentCount\":0,\"image\":{\"@id\":\"https:\\\/\\\/karatecanada.org\\\/fr\\\/lopen-de-karate-de-latlantique-aura-lieu-le-28-juillet\\\/#primaryimage\"},\"thumbnailUrl\":\"https:\\\/\\\/karatecanada.org\\\/wp-content\\\/uploads\\\/2018\\\/06\\\/37036498_871789086353047_4916062344875868160_o.jpg\",\"inLanguage\":\"fr-FR\",\"potentialAction\":[{\"@type\":\"CommentAction\",\"name\":\"Comment\",\"target\":[\"https:\\\/\\\/karatecanada.org\\\/fr\\\/lopen-de-karate-de-latlantique-aura-lieu-le-28-juillet\\\/#respond\"]}]},{\"@type\":\"WebPage\",\"@id\":\"https:\\\/\\\/karatecanada.org\\\/fr\\\/lopen-de-karate-de-latlantique-aura-lieu-le-28-juillet\\\/\",\"url\":\"https:\\\/\\\/karatecanada.org\\\/fr\\\/lopen-de-karate-de-latlantique-aura-lieu-le-28-juillet\\\/\",\"name\":\"L'Open de Karat\u00e9 de l'Atlantique aura lieu le 28 juillet - Karate Canada\",\"isPartOf\":{\"@id\":\"https:\\\/\\\/karatecanada.org\\\/fr\\\/#website\"},\"primaryImageOfPage\":{\"@id\":\"https:\\\/\\\/karatecanada.org\\\/fr\\\/lopen-de-karate-de-latlantique-aura-lieu-le-28-juillet\\\/#primaryimage\"},\"image\":{\"@id\":\"https:\\\/\\\/karatecanada.org\\\/fr\\\/lopen-de-karate-de-latlantique-aura-lieu-le-28-juillet\\\/#primaryimage\"},\"thumbnailUrl\":\"https:\\\/\\\/karatecanada.org\\\/wp-content\\\/uploads\\\/2018\\\/06\\\/37036498_871789086353047_4916062344875868160_o.jpg\",\"datePublished\":\"2018-06-06T00:18:58+00:00\",\"dateModified\":\"2018-07-17T00:19:59+00:00\",\"author\":{\"@id\":\"https:\\\/\\\/karatecanada.org\\\/fr\\\/#\\\/schema\\\/person\\\/62bdfd9b19409a29c27ff72da1f1f5ec\"},\"breadcrumb\":{\"@id\":\"https:\\\/\\\/karatecanada.org\\\/fr\\\/lopen-de-karate-de-latlantique-aura-lieu-le-28-juillet\\\/#breadcrumb\"},\"inLanguage\":\"fr-FR\",\"potentialAction\":[{\"@type\":\"ReadAction\",\"target\":[\"https:\\\/\\\/karatecanada.org\\\/fr\\\/lopen-de-karate-de-latlantique-aura-lieu-le-28-juillet\\\/\"]}]},{\"@type\":\"ImageObject\",\"inLanguage\":\"fr-FR\",\"@id\":\"https:\\\/\\\/karatecanada.org\\\/fr\\\/lopen-de-karate-de-latlantique-aura-lieu-le-28-juillet\\\/#primaryimage\",\"url\":\"https:\\\/\\\/karatecanada.org\\\/wp-content\\\/uploads\\\/2018\\\/06\\\/37036498_871789086353047_4916062344875868160_o.jpg\",\"contentUrl\":\"https:\\\/\\\/karatecanada.org\\\/wp-content\\\/uploads\\\/2018\\\/06\\\/37036498_871789086353047_4916062344875868160_o.jpg\",\"width\":2203,\"height\":888},{\"@type\":\"BreadcrumbList\",\"@id\":\"https:\\\/\\\/karatecanada.org\\\/fr\\\/lopen-de-karate-de-latlantique-aura-lieu-le-28-juillet\\\/#breadcrumb\",\"itemListElement\":[{\"@type\":\"ListItem\",\"position\":1,\"name\":\"Home\",\"item\":\"https:\\\/\\\/karatecanada.org\\\/fr\\\/\"},{\"@type\":\"ListItem\",\"position\":2,\"name\":\"L&rsquo;Open de Karat\u00e9 de l&rsquo;Atlantique aura lieu le 28 juillet\"}]},{\"@type\":\"WebSite\",\"@id\":\"https:\\\/\\\/karatecanada.org\\\/fr\\\/#website\",\"url\":\"https:\\\/\\\/karatecanada.org\\\/fr\\\/\",\"name\":\"Karate Canada\",\"description\":\"Just another WordPress site\",\"potentialAction\":[{\"@type\":\"SearchAction\",\"target\":{\"@type\":\"EntryPoint\",\"urlTemplate\":\"https:\\\/\\\/karatecanada.org\\\/fr\\\/?s={search_term_string}\"},\"query-input\":{\"@type\":\"PropertyValueSpecification\",\"valueRequired\":true,\"valueName\":\"search_term_string\"}}],\"inLanguage\":\"fr-FR\"},{\"@type\":\"Person\",\"@id\":\"https:\\\/\\\/karatecanada.org\\\/fr\\\/#\\\/schema\\\/person\\\/62bdfd9b19409a29c27ff72da1f1f5ec\",\"name\":\"brenda gilbert\",\"image\":{\"@type\":\"ImageObject\",\"inLanguage\":\"fr-FR\",\"@id\":\"https:\\\/\\\/secure.gravatar.com\\\/avatar\\\/a7aa1e8360f71426dd604c154f516c8bedb29c8b73cb511f4933814760ee0148?s=96&d=mm&r=g\",\"url\":\"https:\\\/\\\/secure.gravatar.com\\\/avatar\\\/a7aa1e8360f71426dd604c154f516c8bedb29c8b73cb511f4933814760ee0148?s=96&d=mm&r=g\",\"contentUrl\":\"https:\\\/\\\/secure.gravatar.com\\\/avatar\\\/a7aa1e8360f71426dd604c154f516c8bedb29c8b73cb511f4933814760ee0148?s=96&d=mm&r=g\",\"caption\":\"brenda gilbert\"},\"url\":\"https:\\\/\\\/karatecanada.org\\\/fr\\\/author\\\/brenda\\\/\"}]}<\/script>\n<!-- \/ Yoast SEO plugin. -->","yoast_head_json":{"title":"L'Open de Karat\u00e9 de l'Atlantique aura lieu le 28 juillet - Karate Canada","robots":{"index":"index","follow":"follow","max-snippet":"max-snippet:-1","max-image-preview":"max-image-preview:large","max-video-preview":"max-video-preview:-1"},"canonical":"https:\/\/karatecanada.org\/fr\/lopen-de-karate-de-latlantique-aura-lieu-le-28-juillet\/","og_locale":"fr_FR","og_type":"article","og_title":"L'Open de Karat\u00e9 de l'Atlantique aura lieu le 28 juillet - Karate Canada","og_description":"Karat\u00e9 Canada est fi\u00e8re de sanctionner le prochain tournoi Open de karat\u00e9 de l&rsquo;Atlantique, qui aura lieu le samedi 28 juillet \u00e0 St John, au Nouveau-Brunswick. En plus de la comp\u00e9tition, il y aura une Clinique nationale d&rsquo;arbitrage le 27 juillet qui sera dirig\u00e9e par M. Babak Sotoudeh, membre du comit\u00e9 des officiels de Karat\u00e9 [&hellip;]","og_url":"https:\/\/karatecanada.org\/fr\/lopen-de-karate-de-latlantique-aura-lieu-le-28-juillet\/","og_site_name":"Karate Canada","article_published_time":"2018-06-06T00:18:58+00:00","article_modified_time":"2018-07-17T00:19:59+00:00","og_image":[{"width":2203,"height":888,"url":"https:\/\/karatecanada.org\/wp-content\/uploads\/2018\/06\/37036498_871789086353047_4916062344875868160_o.jpg","type":"image\/jpeg"}],"author":"brenda gilbert","twitter_card":"summary_large_image","twitter_misc":{"\u00c9crit par":"brenda gilbert"},"schema":{"@context":"https:\/\/schema.org","@graph":[{"@type":"Article","@id":"https:\/\/karatecanada.org\/fr\/lopen-de-karate-de-latlantique-aura-lieu-le-28-juillet\/#article","isPartOf":{"@id":"https:\/\/karatecanada.org\/fr\/lopen-de-karate-de-latlantique-aura-lieu-le-28-juillet\/"},"author":{"name":"brenda gilbert","@id":"https:\/\/karatecanada.org\/fr\/#\/schema\/person\/62bdfd9b19409a29c27ff72da1f1f5ec"},"headline":"L&rsquo;Open de Karat\u00e9 de l&rsquo;Atlantique aura lieu le 28 juillet","datePublished":"2018-06-06T00:18:58+00:00","dateModified":"2018-07-17T00:19:59+00:00","mainEntityOfPage":{"@id":"https:\/\/karatecanada.org\/fr\/lopen-de-karate-de-latlantique-aura-lieu-le-28-juillet\/"},"wordCount":109,"commentCount":0,"image":{"@id":"https:\/\/karatecanada.org\/fr\/lopen-de-karate-de-latlantique-aura-lieu-le-28-juillet\/#primaryimage"},"thumbnailUrl":"https:\/\/karatecanada.org\/wp-content\/uploads\/2018\/06\/37036498_871789086353047_4916062344875868160_o.jpg","inLanguage":"fr-FR","potentialAction":[{"@type":"CommentAction","name":"Comment","target":["https:\/\/karatecanada.org\/fr\/lopen-de-karate-de-latlantique-aura-lieu-le-28-juillet\/#respond"]}]},{"@type":"WebPage","@id":"https:\/\/karatecanada.org\/fr\/lopen-de-karate-de-latlantique-aura-lieu-le-28-juillet\/","url":"https:\/\/karatecanada.org\/fr\/lopen-de-karate-de-latlantique-aura-lieu-le-28-juillet\/","name":"L'Open de Karat\u00e9 de l'Atlantique aura lieu le 28 juillet - Karate Canada","isPartOf":{"@id":"https:\/\/karatecanada.org\/fr\/#website"},"primaryImageOfPage":{"@id":"https:\/\/karatecanada.org\/fr\/lopen-de-karate-de-latlantique-aura-lieu-le-28-juillet\/#primaryimage"},"image":{"@id":"https:\/\/karatecanada.org\/fr\/lopen-de-karate-de-latlantique-aura-lieu-le-28-juillet\/#primaryimage"},"thumbnailUrl":"https:\/\/karatecanada.org\/wp-content\/uploads\/2018\/06\/37036498_871789086353047_4916062344875868160_o.jpg","datePublished":"2018-06-06T00:18:58+00:00","dateModified":"2018-07-17T00:19:59+00:00","author":{"@id":"https:\/\/karatecanada.org\/fr\/#\/schema\/person\/62bdfd9b19409a29c27ff72da1f1f5ec"},"breadcrumb":{"@id":"https:\/\/karatecanada.org\/fr\/lopen-de-karate-de-latlantique-aura-lieu-le-28-juillet\/#breadcrumb"},"inLanguage":"fr-FR","potentialAction":[{"@type":"ReadAction","target":["https:\/\/karatecanada.org\/fr\/lopen-de-karate-de-latlantique-aura-lieu-le-28-juillet\/"]}]},{"@type":"ImageObject","inLanguage":"fr-FR","@id":"https:\/\/karatecanada.org\/fr\/lopen-de-karate-de-latlantique-aura-lieu-le-28-juillet\/#primaryimage","url":"https:\/\/karatecanada.org\/wp-content\/uploads\/2018\/06\/37036498_871789086353047_4916062344875868160_o.jpg","contentUrl":"https:\/\/karatecanada.org\/wp-content\/uploads\/2018\/06\/37036498_871789086353047_4916062344875868160_o.jpg","width":2203,"height":888},{"@type":"BreadcrumbList","@id":"https:\/\/karatecanada.org\/fr\/lopen-de-karate-de-latlantique-aura-lieu-le-28-juillet\/#breadcrumb","itemListElement":[{"@type":"ListItem","position":1,"name":"Home","item":"https:\/\/karatecanada.org\/fr\/"},{"@type":"ListItem","position":2,"name":"L&rsquo;Open de Karat\u00e9 de l&rsquo;Atlantique aura lieu le 28 juillet"}]},{"@type":"WebSite","@id":"https:\/\/karatecanada.org\/fr\/#website","url":"https:\/\/karatecanada.org\/fr\/","name":"Karate Canada","description":"Just another WordPress site","potentialAction":[{"@type":"SearchAction","target":{"@type":"EntryPoint","urlTemplate":"https:\/\/karatecanada.org\/fr\/?s={search_term_string}"},"query-input":{"@type":"PropertyValueSpecification","valueRequired":true,"valueName":"search_term_string"}}],"inLanguage":"fr-FR"},{"@type":"Person","@id":"https:\/\/karatecanada.org\/fr\/#\/schema\/person\/62bdfd9b19409a29c27ff72da1f1f5ec","name":"brenda gilbert","image":{"@type":"ImageObject","inLanguage":"fr-FR","@id":"https:\/\/secure.gravatar.com\/avatar\/a7aa1e8360f71426dd604c154f516c8bedb29c8b73cb511f4933814760ee0148?s=96&d=mm&r=g","url":"https:\/\/secure.gravatar.com\/avatar\/a7aa1e8360f71426dd604c154f516c8bedb29c8b73cb511f4933814760ee0148?s=96&d=mm&r=g","contentUrl":"https:\/\/secure.gravatar.com\/avatar\/a7aa1e8360f71426dd604c154f516c8bedb29c8b73cb511f4933814760ee0148?s=96&d=mm&r=g","caption":"brenda gilbert"},"url":"https:\/\/karatecanada.org\/fr\/author\/brenda\/"}]}},"featured_image_src":"https:\/\/karatecanada.org\/wp-content\/uploads\/2018\/06\/37036498_871789086353047_4916062344875868160_o-768x310.jpg","date_format":"juin 06, 2018","_links":{"self":[{"href":"https:\/\/karatecanada.org\/fr\/wp-json\/wp\/v2\/posts\/6878","targetHints":{"allow":["GET"]}}],"collection":[{"href":"https:\/\/karatecanada.org\/fr\/wp-json\/wp\/v2\/posts"}],"about":[{"href":"https:\/\/karatecanada.org\/fr\/wp-json\/wp\/v2\/types\/post"}],"author":[{"embeddable":true,"href":"https:\/\/karatecanada.org\/fr\/wp-json\/wp\/v2\/users\/14"}],"replies":[{"embeddable":true,"href":"https:\/\/karatecanada.org\/fr\/wp-json\/wp\/v2\/comments?post=6878"}],"version-history":[{"count":0,"href":"https:\/\/karatecanada.org\/fr\/wp-json\/wp\/v2\/posts\/6878\/revisions"}],"wp:featuredmedia":[{"embeddable":true,"href":"https:\/\/karatecanada.org\/fr\/wp-json\/wp\/v2\/media\/7731"}],"wp:attachment":[{"href":"https:\/\/karatecanada.org\/fr\/wp-json\/wp\/v2\/media?parent=6878"}],"wp:term":[{"taxonomy":"category","embeddable":true,"href":"https:\/\/karatecanada.org\/fr\/wp-json\/wp\/v2\/categories?post=6878"},{"taxonomy":"post_tag","embeddable":true,"href":"https:\/\/karatecanada.org\/fr\/wp-json\/wp\/v2\/tags?post=6878"}],"curies":[{"name":"wp","href":"https:\/\/api.w.org\/{rel}","templated":true}]}}