{"id":6882,"date":"2018-06-01T00:23:14","date_gmt":"2018-06-01T00:23:14","guid":{"rendered":"http:\/\/karatecanada.org\/?p=6882"},"modified":"2018-07-17T21:57:27","modified_gmt":"2018-07-17T21:57:27","slug":"versions-revisees-des-criteres-dequipe-nationale-senior-saison-2018-2019","status":"publish","type":"post","link":"https:\/\/karatecanada.org\/fr\/versions-revisees-des-criteres-dequipe-nationale-senior-saison-2018-2019\/","title":{"rendered":"Versions r\u00e9vis\u00e9es des Crit\u00e8res d&rsquo;\u00e9quipe nationale senior, saison 2018-2019"},"content":{"rendered":"<p>Veuillez svp noter que Karat\u00e9 Canada a r\u00e9cemment adopt\u00e9 divers changements \u00e0 ses Crit\u00e8res d&rsquo;\u00e9quipe nationale senior pour la saison sportive 2018-2019, afin de mieux s&rsquo;aligner sur le calendrier international des \u00e9v\u00e9nements et de permettre un meilleur alignement des programmes d\u2019\u00e9quipe nationale senior respectifs en kata et en kumit\u00e9. Les principaux changements comprennent: 1- un calendrier des \u00e9v\u00e9nements mis \u00e0 jour; 2- un syst\u00e8me de points de classement de Karat\u00e9 Canada (tableau 4, partie 2) commun et identique pour les athl\u00e8tes de kata et les athl\u00e8tes de kumit\u00e9 \u00e0 compter de janvier 2019; 3- des r\u00e8gles r\u00e9vis\u00e9es pour les exemptions de la participation obligatoire au Championnat national senior 2019, ainsi qu&rsquo;au premier Camp d&rsquo;entra\u00eenement national senior 2019 (voir annexe B). Vous pouvez cliquer sur les liens ci-dessous afin de lire les versions modifi\u00e9es (2.0) de ces deux documents:<\/p>\n<ul>\n<li><a href=\"http:\/\/karatecanada.org\/wp-content\/uploads\/2018\/06\/KC_SrKata_NatlTeamCriteria_2018-19_V2_BOD_20May2018_FR_cl-180529.pdf\" target=\"_blank\" rel=\"noopener\">2018-2019 Crit\u00e8res de l&rsquo;\u00e9quipe nationale senior pour les athl\u00e8tes de kata<\/a><br \/>\n(version 2.0 &#8211; 20 mai 2018)<\/li>\n<li><a href=\"http:\/\/karatecanada.org\/wp-content\/uploads\/2018\/06\/KC_SrKumite_NatlTeamCriteria_2018-19_V2_BOD_20May2018_FR_cl-180530.pdf\" target=\"_blank\" rel=\"noopener\">2018-2019 Crit\u00e8res de l&rsquo;\u00e9quipe nationale senior pour les athl\u00e8tes de kumit\u00e9\u00a0<\/a><br \/>\n(version 2.0 &#8211; 20 mai 2018)<\/li>\n<\/ul>\n<p>&nbsp;<\/p>\n","protected":false},"excerpt":{"rendered":"<p>Veuillez svp noter que Karat\u00e9 Canada a r\u00e9cemment adopt\u00e9 divers changements \u00e0 ses Crit\u00e8res d&rsquo;\u00e9quipe nationale senior pour la saison sportive 2018-2019, afin de mieux s&rsquo;aligner sur le calendrier international des \u00e9v\u00e9nements et de permettre un meilleur alignement des programmes d\u2019\u00e9quipe nationale senior respectifs en kata et en kumit\u00e9. Les principaux changements comprennent: 1- un [&hellip;]<\/p>\n","protected":false},"author":14,"featured_media":5834,"comment_status":"open","ping_status":"open","sticky":false,"template":"","format":"standard","meta":{"_acf_changed":false,"footnotes":""},"categories":[],"tags":[],"class_list":["post-6882","post","type-post","status-publish","format-standard","has-post-thumbnail","hentry"],"acf":[],"yoast_head":"<!-- This site is optimized with the Yoast SEO plugin v27.3 - https:\/\/yoast.com\/product\/yoast-seo-wordpress\/ -->\n<title>Versions r\u00e9vis\u00e9es des Crit\u00e8res d&#039;\u00e9quipe nationale senior, saison 2018-2019 - Karate Canada<\/title>\n<meta name=\"robots\" content=\"index, follow, max-snippet:-1, max-image-preview:large, max-video-preview:-1\" \/>\n<link rel=\"canonical\" href=\"https:\/\/karatecanada.org\/fr\/versions-revisees-des-criteres-dequipe-nationale-senior-saison-2018-2019\/\" \/>\n<meta property=\"og:locale\" content=\"fr_FR\" \/>\n<meta property=\"og:type\" content=\"article\" \/>\n<meta property=\"og:title\" content=\"Versions r\u00e9vis\u00e9es des Crit\u00e8res d&#039;\u00e9quipe nationale senior, saison 2018-2019 - Karate Canada\" \/>\n<meta property=\"og:description\" content=\"Veuillez svp noter que Karat\u00e9 Canada a r\u00e9cemment adopt\u00e9 divers changements \u00e0 ses Crit\u00e8res d&rsquo;\u00e9quipe nationale senior pour la saison sportive 2018-2019, afin de mieux s&rsquo;aligner sur le calendrier international des \u00e9v\u00e9nements et de permettre un meilleur alignement des programmes d\u2019\u00e9quipe nationale senior respectifs en kata et en kumit\u00e9. Les principaux changements comprennent: 1- un [&hellip;]\" \/>\n<meta property=\"og:url\" content=\"https:\/\/karatecanada.org\/fr\/versions-revisees-des-criteres-dequipe-nationale-senior-saison-2018-2019\/\" \/>\n<meta property=\"og:site_name\" content=\"Karate Canada\" \/>\n<meta property=\"article:published_time\" content=\"2018-06-01T00:23:14+00:00\" \/>\n<meta property=\"article:modified_time\" content=\"2018-07-17T21:57:27+00:00\" \/>\n<meta property=\"og:image\" content=\"https:\/\/karatecanada.org\/wp-content\/uploads\/2018\/05\/gni-4a.jpg\" \/>\n\t<meta property=\"og:image:width\" content=\"768\" \/>\n\t<meta property=\"og:image:height\" content=\"492\" \/>\n\t<meta property=\"og:image:type\" content=\"image\/jpeg\" \/>\n<meta name=\"author\" content=\"brenda gilbert\" \/>\n<meta name=\"twitter:card\" content=\"summary_large_image\" \/>\n<meta name=\"twitter:label1\" content=\"\u00c9crit par\" \/>\n\t<meta name=\"twitter:data1\" content=\"brenda gilbert\" \/>\n\t<meta name=\"twitter:label2\" content=\"Dur\u00e9e de lecture estim\u00e9e\" \/>\n\t<meta name=\"twitter:data2\" content=\"1 minute\" \/>\n<script type=\"application\/ld+json\" class=\"yoast-schema-graph\">{\"@context\":\"https:\\\/\\\/schema.org\",\"@graph\":[{\"@type\":\"Article\",\"@id\":\"https:\\\/\\\/karatecanada.org\\\/fr\\\/versions-revisees-des-criteres-dequipe-nationale-senior-saison-2018-2019\\\/#article\",\"isPartOf\":{\"@id\":\"https:\\\/\\\/karatecanada.org\\\/fr\\\/versions-revisees-des-criteres-dequipe-nationale-senior-saison-2018-2019\\\/\"},\"author\":{\"name\":\"brenda gilbert\",\"@id\":\"https:\\\/\\\/karatecanada.org\\\/fr\\\/#\\\/schema\\\/person\\\/62bdfd9b19409a29c27ff72da1f1f5ec\"},\"headline\":\"Versions r\u00e9vis\u00e9es des Crit\u00e8res d&rsquo;\u00e9quipe nationale senior, saison 2018-2019\",\"datePublished\":\"2018-06-01T00:23:14+00:00\",\"dateModified\":\"2018-07-17T21:57:27+00:00\",\"mainEntityOfPage\":{\"@id\":\"https:\\\/\\\/karatecanada.org\\\/fr\\\/versions-revisees-des-criteres-dequipe-nationale-senior-saison-2018-2019\\\/\"},\"wordCount\":194,\"commentCount\":0,\"image\":{\"@id\":\"https:\\\/\\\/karatecanada.org\\\/fr\\\/versions-revisees-des-criteres-dequipe-nationale-senior-saison-2018-2019\\\/#primaryimage\"},\"thumbnailUrl\":\"https:\\\/\\\/karatecanada.org\\\/wp-content\\\/uploads\\\/2018\\\/05\\\/gni-4a.jpg\",\"inLanguage\":\"fr-FR\",\"potentialAction\":[{\"@type\":\"CommentAction\",\"name\":\"Comment\",\"target\":[\"https:\\\/\\\/karatecanada.org\\\/fr\\\/versions-revisees-des-criteres-dequipe-nationale-senior-saison-2018-2019\\\/#respond\"]}]},{\"@type\":\"WebPage\",\"@id\":\"https:\\\/\\\/karatecanada.org\\\/fr\\\/versions-revisees-des-criteres-dequipe-nationale-senior-saison-2018-2019\\\/\",\"url\":\"https:\\\/\\\/karatecanada.org\\\/fr\\\/versions-revisees-des-criteres-dequipe-nationale-senior-saison-2018-2019\\\/\",\"name\":\"Versions r\u00e9vis\u00e9es des Crit\u00e8res d'\u00e9quipe nationale senior, saison 2018-2019 - Karate Canada\",\"isPartOf\":{\"@id\":\"https:\\\/\\\/karatecanada.org\\\/fr\\\/#website\"},\"primaryImageOfPage\":{\"@id\":\"https:\\\/\\\/karatecanada.org\\\/fr\\\/versions-revisees-des-criteres-dequipe-nationale-senior-saison-2018-2019\\\/#primaryimage\"},\"image\":{\"@id\":\"https:\\\/\\\/karatecanada.org\\\/fr\\\/versions-revisees-des-criteres-dequipe-nationale-senior-saison-2018-2019\\\/#primaryimage\"},\"thumbnailUrl\":\"https:\\\/\\\/karatecanada.org\\\/wp-content\\\/uploads\\\/2018\\\/05\\\/gni-4a.jpg\",\"datePublished\":\"2018-06-01T00:23:14+00:00\",\"dateModified\":\"2018-07-17T21:57:27+00:00\",\"author\":{\"@id\":\"https:\\\/\\\/karatecanada.org\\\/fr\\\/#\\\/schema\\\/person\\\/62bdfd9b19409a29c27ff72da1f1f5ec\"},\"breadcrumb\":{\"@id\":\"https:\\\/\\\/karatecanada.org\\\/fr\\\/versions-revisees-des-criteres-dequipe-nationale-senior-saison-2018-2019\\\/#breadcrumb\"},\"inLanguage\":\"fr-FR\",\"potentialAction\":[{\"@type\":\"ReadAction\",\"target\":[\"https:\\\/\\\/karatecanada.org\\\/fr\\\/versions-revisees-des-criteres-dequipe-nationale-senior-saison-2018-2019\\\/\"]}]},{\"@type\":\"ImageObject\",\"inLanguage\":\"fr-FR\",\"@id\":\"https:\\\/\\\/karatecanada.org\\\/fr\\\/versions-revisees-des-criteres-dequipe-nationale-senior-saison-2018-2019\\\/#primaryimage\",\"url\":\"https:\\\/\\\/karatecanada.org\\\/wp-content\\\/uploads\\\/2018\\\/05\\\/gni-4a.jpg\",\"contentUrl\":\"https:\\\/\\\/karatecanada.org\\\/wp-content\\\/uploads\\\/2018\\\/05\\\/gni-4a.jpg\",\"width\":768,\"height\":492},{\"@type\":\"BreadcrumbList\",\"@id\":\"https:\\\/\\\/karatecanada.org\\\/fr\\\/versions-revisees-des-criteres-dequipe-nationale-senior-saison-2018-2019\\\/#breadcrumb\",\"itemListElement\":[{\"@type\":\"ListItem\",\"position\":1,\"name\":\"Home\",\"item\":\"https:\\\/\\\/karatecanada.org\\\/fr\\\/\"},{\"@type\":\"ListItem\",\"position\":2,\"name\":\"Versions r\u00e9vis\u00e9es des Crit\u00e8res d&rsquo;\u00e9quipe nationale senior, saison 2018-2019\"}]},{\"@type\":\"WebSite\",\"@id\":\"https:\\\/\\\/karatecanada.org\\\/fr\\\/#website\",\"url\":\"https:\\\/\\\/karatecanada.org\\\/fr\\\/\",\"name\":\"Karate Canada\",\"description\":\"Just another WordPress site\",\"potentialAction\":[{\"@type\":\"SearchAction\",\"target\":{\"@type\":\"EntryPoint\",\"urlTemplate\":\"https:\\\/\\\/karatecanada.org\\\/fr\\\/?s={search_term_string}\"},\"query-input\":{\"@type\":\"PropertyValueSpecification\",\"valueRequired\":true,\"valueName\":\"search_term_string\"}}],\"inLanguage\":\"fr-FR\"},{\"@type\":\"Person\",\"@id\":\"https:\\\/\\\/karatecanada.org\\\/fr\\\/#\\\/schema\\\/person\\\/62bdfd9b19409a29c27ff72da1f1f5ec\",\"name\":\"brenda gilbert\",\"image\":{\"@type\":\"ImageObject\",\"inLanguage\":\"fr-FR\",\"@id\":\"https:\\\/\\\/secure.gravatar.com\\\/avatar\\\/a7aa1e8360f71426dd604c154f516c8bedb29c8b73cb511f4933814760ee0148?s=96&d=mm&r=g\",\"url\":\"https:\\\/\\\/secure.gravatar.com\\\/avatar\\\/a7aa1e8360f71426dd604c154f516c8bedb29c8b73cb511f4933814760ee0148?s=96&d=mm&r=g\",\"contentUrl\":\"https:\\\/\\\/secure.gravatar.com\\\/avatar\\\/a7aa1e8360f71426dd604c154f516c8bedb29c8b73cb511f4933814760ee0148?s=96&d=mm&r=g\",\"caption\":\"brenda gilbert\"},\"url\":\"https:\\\/\\\/karatecanada.org\\\/fr\\\/author\\\/brenda\\\/\"}]}<\/script>\n<!-- \/ Yoast SEO plugin. -->","yoast_head_json":{"title":"Versions r\u00e9vis\u00e9es des Crit\u00e8res d'\u00e9quipe nationale senior, saison 2018-2019 - Karate Canada","robots":{"index":"index","follow":"follow","max-snippet":"max-snippet:-1","max-image-preview":"max-image-preview:large","max-video-preview":"max-video-preview:-1"},"canonical":"https:\/\/karatecanada.org\/fr\/versions-revisees-des-criteres-dequipe-nationale-senior-saison-2018-2019\/","og_locale":"fr_FR","og_type":"article","og_title":"Versions r\u00e9vis\u00e9es des Crit\u00e8res d'\u00e9quipe nationale senior, saison 2018-2019 - Karate Canada","og_description":"Veuillez svp noter que Karat\u00e9 Canada a r\u00e9cemment adopt\u00e9 divers changements \u00e0 ses Crit\u00e8res d&rsquo;\u00e9quipe nationale senior pour la saison sportive 2018-2019, afin de mieux s&rsquo;aligner sur le calendrier international des \u00e9v\u00e9nements et de permettre un meilleur alignement des programmes d\u2019\u00e9quipe nationale senior respectifs en kata et en kumit\u00e9. Les principaux changements comprennent: 1- un [&hellip;]","og_url":"https:\/\/karatecanada.org\/fr\/versions-revisees-des-criteres-dequipe-nationale-senior-saison-2018-2019\/","og_site_name":"Karate Canada","article_published_time":"2018-06-01T00:23:14+00:00","article_modified_time":"2018-07-17T21:57:27+00:00","og_image":[{"width":768,"height":492,"url":"https:\/\/karatecanada.org\/wp-content\/uploads\/2018\/05\/gni-4a.jpg","type":"image\/jpeg"}],"author":"brenda gilbert","twitter_card":"summary_large_image","twitter_misc":{"\u00c9crit par":"brenda gilbert","Dur\u00e9e de lecture estim\u00e9e":"1 minute"},"schema":{"@context":"https:\/\/schema.org","@graph":[{"@type":"Article","@id":"https:\/\/karatecanada.org\/fr\/versions-revisees-des-criteres-dequipe-nationale-senior-saison-2018-2019\/#article","isPartOf":{"@id":"https:\/\/karatecanada.org\/fr\/versions-revisees-des-criteres-dequipe-nationale-senior-saison-2018-2019\/"},"author":{"name":"brenda gilbert","@id":"https:\/\/karatecanada.org\/fr\/#\/schema\/person\/62bdfd9b19409a29c27ff72da1f1f5ec"},"headline":"Versions r\u00e9vis\u00e9es des Crit\u00e8res d&rsquo;\u00e9quipe nationale senior, saison 2018-2019","datePublished":"2018-06-01T00:23:14+00:00","dateModified":"2018-07-17T21:57:27+00:00","mainEntityOfPage":{"@id":"https:\/\/karatecanada.org\/fr\/versions-revisees-des-criteres-dequipe-nationale-senior-saison-2018-2019\/"},"wordCount":194,"commentCount":0,"image":{"@id":"https:\/\/karatecanada.org\/fr\/versions-revisees-des-criteres-dequipe-nationale-senior-saison-2018-2019\/#primaryimage"},"thumbnailUrl":"https:\/\/karatecanada.org\/wp-content\/uploads\/2018\/05\/gni-4a.jpg","inLanguage":"fr-FR","potentialAction":[{"@type":"CommentAction","name":"Comment","target":["https:\/\/karatecanada.org\/fr\/versions-revisees-des-criteres-dequipe-nationale-senior-saison-2018-2019\/#respond"]}]},{"@type":"WebPage","@id":"https:\/\/karatecanada.org\/fr\/versions-revisees-des-criteres-dequipe-nationale-senior-saison-2018-2019\/","url":"https:\/\/karatecanada.org\/fr\/versions-revisees-des-criteres-dequipe-nationale-senior-saison-2018-2019\/","name":"Versions r\u00e9vis\u00e9es des Crit\u00e8res d'\u00e9quipe nationale senior, saison 2018-2019 - Karate Canada","isPartOf":{"@id":"https:\/\/karatecanada.org\/fr\/#website"},"primaryImageOfPage":{"@id":"https:\/\/karatecanada.org\/fr\/versions-revisees-des-criteres-dequipe-nationale-senior-saison-2018-2019\/#primaryimage"},"image":{"@id":"https:\/\/karatecanada.org\/fr\/versions-revisees-des-criteres-dequipe-nationale-senior-saison-2018-2019\/#primaryimage"},"thumbnailUrl":"https:\/\/karatecanada.org\/wp-content\/uploads\/2018\/05\/gni-4a.jpg","datePublished":"2018-06-01T00:23:14+00:00","dateModified":"2018-07-17T21:57:27+00:00","author":{"@id":"https:\/\/karatecanada.org\/fr\/#\/schema\/person\/62bdfd9b19409a29c27ff72da1f1f5ec"},"breadcrumb":{"@id":"https:\/\/karatecanada.org\/fr\/versions-revisees-des-criteres-dequipe-nationale-senior-saison-2018-2019\/#breadcrumb"},"inLanguage":"fr-FR","potentialAction":[{"@type":"ReadAction","target":["https:\/\/karatecanada.org\/fr\/versions-revisees-des-criteres-dequipe-nationale-senior-saison-2018-2019\/"]}]},{"@type":"ImageObject","inLanguage":"fr-FR","@id":"https:\/\/karatecanada.org\/fr\/versions-revisees-des-criteres-dequipe-nationale-senior-saison-2018-2019\/#primaryimage","url":"https:\/\/karatecanada.org\/wp-content\/uploads\/2018\/05\/gni-4a.jpg","contentUrl":"https:\/\/karatecanada.org\/wp-content\/uploads\/2018\/05\/gni-4a.jpg","width":768,"height":492},{"@type":"BreadcrumbList","@id":"https:\/\/karatecanada.org\/fr\/versions-revisees-des-criteres-dequipe-nationale-senior-saison-2018-2019\/#breadcrumb","itemListElement":[{"@type":"ListItem","position":1,"name":"Home","item":"https:\/\/karatecanada.org\/fr\/"},{"@type":"ListItem","position":2,"name":"Versions r\u00e9vis\u00e9es des Crit\u00e8res d&rsquo;\u00e9quipe nationale senior, saison 2018-2019"}]},{"@type":"WebSite","@id":"https:\/\/karatecanada.org\/fr\/#website","url":"https:\/\/karatecanada.org\/fr\/","name":"Karate Canada","description":"Just another WordPress site","potentialAction":[{"@type":"SearchAction","target":{"@type":"EntryPoint","urlTemplate":"https:\/\/karatecanada.org\/fr\/?s={search_term_string}"},"query-input":{"@type":"PropertyValueSpecification","valueRequired":true,"valueName":"search_term_string"}}],"inLanguage":"fr-FR"},{"@type":"Person","@id":"https:\/\/karatecanada.org\/fr\/#\/schema\/person\/62bdfd9b19409a29c27ff72da1f1f5ec","name":"brenda gilbert","image":{"@type":"ImageObject","inLanguage":"fr-FR","@id":"https:\/\/secure.gravatar.com\/avatar\/a7aa1e8360f71426dd604c154f516c8bedb29c8b73cb511f4933814760ee0148?s=96&d=mm&r=g","url":"https:\/\/secure.gravatar.com\/avatar\/a7aa1e8360f71426dd604c154f516c8bedb29c8b73cb511f4933814760ee0148?s=96&d=mm&r=g","contentUrl":"https:\/\/secure.gravatar.com\/avatar\/a7aa1e8360f71426dd604c154f516c8bedb29c8b73cb511f4933814760ee0148?s=96&d=mm&r=g","caption":"brenda gilbert"},"url":"https:\/\/karatecanada.org\/fr\/author\/brenda\/"}]}},"featured_image_src":"https:\/\/karatecanada.org\/wp-content\/uploads\/2018\/05\/gni-4a-768x492.jpg","date_format":"juin 01, 2018","_links":{"self":[{"href":"https:\/\/karatecanada.org\/fr\/wp-json\/wp\/v2\/posts\/6882","targetHints":{"allow":["GET"]}}],"collection":[{"href":"https:\/\/karatecanada.org\/fr\/wp-json\/wp\/v2\/posts"}],"about":[{"href":"https:\/\/karatecanada.org\/fr\/wp-json\/wp\/v2\/types\/post"}],"author":[{"embeddable":true,"href":"https:\/\/karatecanada.org\/fr\/wp-json\/wp\/v2\/users\/14"}],"replies":[{"embeddable":true,"href":"https:\/\/karatecanada.org\/fr\/wp-json\/wp\/v2\/comments?post=6882"}],"version-history":[{"count":0,"href":"https:\/\/karatecanada.org\/fr\/wp-json\/wp\/v2\/posts\/6882\/revisions"}],"wp:featuredmedia":[{"embeddable":true,"href":"https:\/\/karatecanada.org\/fr\/wp-json\/wp\/v2\/media\/5834"}],"wp:attachment":[{"href":"https:\/\/karatecanada.org\/fr\/wp-json\/wp\/v2\/media?parent=6882"}],"wp:term":[{"taxonomy":"category","embeddable":true,"href":"https:\/\/karatecanada.org\/fr\/wp-json\/wp\/v2\/categories?post=6882"},{"taxonomy":"post_tag","embeddable":true,"href":"https:\/\/karatecanada.org\/fr\/wp-json\/wp\/v2\/tags?post=6882"}],"curies":[{"name":"wp","href":"https:\/\/api.w.org\/{rel}","templated":true}]}}