{"id":6915,"date":"2018-03-14T01:50:08","date_gmt":"2018-03-14T01:50:08","guid":{"rendered":"http:\/\/karatecanada.org\/?p=6915"},"modified":"2018-07-17T01:50:58","modified_gmt":"2018-07-17T01:50:58","slug":"le-karate-sera-inclus-au-jeux-du-canada-2023","status":"publish","type":"post","link":"https:\/\/karatecanada.org\/fr\/le-karate-sera-inclus-au-jeux-du-canada-2023\/","title":{"rendered":"Le karat\u00e9 sera inclus au Jeux du Canada 2023"},"content":{"rendered":"<p>Karat\u00e9 Canada est ravie d&rsquo;annoncer que le sport du karat\u00e9 a \u00e9t\u00e9 choisi comme choix d&rsquo;h\u00f4te pour les Jeux d\u2019hiver du Canada 2023. Karat\u00e9 Canada travaillait sur ce projet depuis de nombreuses ann\u00e9es et elle est fi\u00e8re de dire qu&rsquo;il se concr\u00e9tisera en 2023 lorsque le karat\u00e9 sera pr\u00e9sent\u00e9 aux Jeux du Canada pour la premi\u00e8re fois. Nos athl\u00e8tes, entra\u00eeneurs, arbitres et toute la communaut\u00e9 du karat\u00e9 sont pr\u00eats et enthousiastes \u00e0 montrer \u00e0 tout le pays ce que notre sport a \u00e0 offrir!<\/p>\n<p>Depuis 1967, les Jeux du Canada ont d\u00e9velopp\u00e9 notre prochaine g\u00e9n\u00e9ration de champions nationaux, internationaux et olympiques. Les Jeux sont le plus grand \u00e9v\u00e9nement multisport du Canada et ont lieu tous les deux ans. Ils repr\u00e9sentent l&rsquo;apog\u00e9e de la comp\u00e9tition sportive interprovinciale \/ territoriale.<\/p>\n<p>&nbsp;<\/p>\n","protected":false},"excerpt":{"rendered":"<p>Karat\u00e9 Canada est ravie d&rsquo;annoncer que le sport du karat\u00e9 a \u00e9t\u00e9 choisi comme choix d&rsquo;h\u00f4te pour les Jeux d\u2019hiver du Canada 2023. Karat\u00e9 Canada travaillait sur ce projet depuis de nombreuses ann\u00e9es et elle est fi\u00e8re de dire qu&rsquo;il se concr\u00e9tisera en 2023 lorsque le karat\u00e9 sera pr\u00e9sent\u00e9 aux Jeux du Canada pour la [&hellip;]<\/p>\n","protected":false},"author":14,"featured_media":0,"comment_status":"open","ping_status":"open","sticky":false,"template":"","format":"standard","meta":{"_acf_changed":false,"footnotes":""},"categories":[],"tags":[],"class_list":["post-6915","post","type-post","status-publish","format-standard","hentry"],"acf":[],"yoast_head":"<!-- This site is optimized with the Yoast SEO plugin v27.3 - https:\/\/yoast.com\/product\/yoast-seo-wordpress\/ -->\n<title>Le karat\u00e9 sera inclus au Jeux du Canada 2023 - Karate Canada<\/title>\n<meta name=\"robots\" content=\"index, follow, max-snippet:-1, max-image-preview:large, max-video-preview:-1\" \/>\n<link rel=\"canonical\" href=\"https:\/\/karatecanada.org\/fr\/le-karate-sera-inclus-au-jeux-du-canada-2023\/\" \/>\n<meta property=\"og:locale\" content=\"fr_FR\" \/>\n<meta property=\"og:type\" content=\"article\" \/>\n<meta property=\"og:title\" content=\"Le karat\u00e9 sera inclus au Jeux du Canada 2023 - Karate Canada\" \/>\n<meta property=\"og:description\" content=\"Karat\u00e9 Canada est ravie d&rsquo;annoncer que le sport du karat\u00e9 a \u00e9t\u00e9 choisi comme choix d&rsquo;h\u00f4te pour les Jeux d\u2019hiver du Canada 2023. Karat\u00e9 Canada travaillait sur ce projet depuis de nombreuses ann\u00e9es et elle est fi\u00e8re de dire qu&rsquo;il se concr\u00e9tisera en 2023 lorsque le karat\u00e9 sera pr\u00e9sent\u00e9 aux Jeux du Canada pour la [&hellip;]\" \/>\n<meta property=\"og:url\" content=\"https:\/\/karatecanada.org\/fr\/le-karate-sera-inclus-au-jeux-du-canada-2023\/\" \/>\n<meta property=\"og:site_name\" content=\"Karate Canada\" \/>\n<meta property=\"article:published_time\" content=\"2018-03-14T01:50:08+00:00\" \/>\n<meta property=\"article:modified_time\" content=\"2018-07-17T01:50:58+00:00\" \/>\n<meta name=\"author\" content=\"brenda gilbert\" \/>\n<meta name=\"twitter:card\" content=\"summary_large_image\" \/>\n<meta name=\"twitter:label1\" content=\"\u00c9crit par\" \/>\n\t<meta name=\"twitter:data1\" content=\"brenda gilbert\" \/>\n\t<meta name=\"twitter:label2\" content=\"Dur\u00e9e de lecture estim\u00e9e\" \/>\n\t<meta name=\"twitter:data2\" content=\"1 minute\" \/>\n<script type=\"application\/ld+json\" class=\"yoast-schema-graph\">{\"@context\":\"https:\\\/\\\/schema.org\",\"@graph\":[{\"@type\":\"Article\",\"@id\":\"https:\\\/\\\/karatecanada.org\\\/fr\\\/le-karate-sera-inclus-au-jeux-du-canada-2023\\\/#article\",\"isPartOf\":{\"@id\":\"https:\\\/\\\/karatecanada.org\\\/fr\\\/le-karate-sera-inclus-au-jeux-du-canada-2023\\\/\"},\"author\":{\"name\":\"brenda gilbert\",\"@id\":\"https:\\\/\\\/karatecanada.org\\\/fr\\\/#\\\/schema\\\/person\\\/62bdfd9b19409a29c27ff72da1f1f5ec\"},\"headline\":\"Le karat\u00e9 sera inclus au Jeux du Canada 2023\",\"datePublished\":\"2018-03-14T01:50:08+00:00\",\"dateModified\":\"2018-07-17T01:50:58+00:00\",\"mainEntityOfPage\":{\"@id\":\"https:\\\/\\\/karatecanada.org\\\/fr\\\/le-karate-sera-inclus-au-jeux-du-canada-2023\\\/\"},\"wordCount\":151,\"commentCount\":0,\"inLanguage\":\"fr-FR\",\"potentialAction\":[{\"@type\":\"CommentAction\",\"name\":\"Comment\",\"target\":[\"https:\\\/\\\/karatecanada.org\\\/fr\\\/le-karate-sera-inclus-au-jeux-du-canada-2023\\\/#respond\"]}]},{\"@type\":\"WebPage\",\"@id\":\"https:\\\/\\\/karatecanada.org\\\/fr\\\/le-karate-sera-inclus-au-jeux-du-canada-2023\\\/\",\"url\":\"https:\\\/\\\/karatecanada.org\\\/fr\\\/le-karate-sera-inclus-au-jeux-du-canada-2023\\\/\",\"name\":\"Le karat\u00e9 sera inclus au Jeux du Canada 2023 - Karate Canada\",\"isPartOf\":{\"@id\":\"https:\\\/\\\/karatecanada.org\\\/fr\\\/#website\"},\"datePublished\":\"2018-03-14T01:50:08+00:00\",\"dateModified\":\"2018-07-17T01:50:58+00:00\",\"author\":{\"@id\":\"https:\\\/\\\/karatecanada.org\\\/fr\\\/#\\\/schema\\\/person\\\/62bdfd9b19409a29c27ff72da1f1f5ec\"},\"breadcrumb\":{\"@id\":\"https:\\\/\\\/karatecanada.org\\\/fr\\\/le-karate-sera-inclus-au-jeux-du-canada-2023\\\/#breadcrumb\"},\"inLanguage\":\"fr-FR\",\"potentialAction\":[{\"@type\":\"ReadAction\",\"target\":[\"https:\\\/\\\/karatecanada.org\\\/fr\\\/le-karate-sera-inclus-au-jeux-du-canada-2023\\\/\"]}]},{\"@type\":\"BreadcrumbList\",\"@id\":\"https:\\\/\\\/karatecanada.org\\\/fr\\\/le-karate-sera-inclus-au-jeux-du-canada-2023\\\/#breadcrumb\",\"itemListElement\":[{\"@type\":\"ListItem\",\"position\":1,\"name\":\"Home\",\"item\":\"https:\\\/\\\/karatecanada.org\\\/fr\\\/\"},{\"@type\":\"ListItem\",\"position\":2,\"name\":\"Le karat\u00e9 sera inclus au Jeux du Canada 2023\"}]},{\"@type\":\"WebSite\",\"@id\":\"https:\\\/\\\/karatecanada.org\\\/fr\\\/#website\",\"url\":\"https:\\\/\\\/karatecanada.org\\\/fr\\\/\",\"name\":\"Karate Canada\",\"description\":\"Just another WordPress site\",\"potentialAction\":[{\"@type\":\"SearchAction\",\"target\":{\"@type\":\"EntryPoint\",\"urlTemplate\":\"https:\\\/\\\/karatecanada.org\\\/fr\\\/?s={search_term_string}\"},\"query-input\":{\"@type\":\"PropertyValueSpecification\",\"valueRequired\":true,\"valueName\":\"search_term_string\"}}],\"inLanguage\":\"fr-FR\"},{\"@type\":\"Person\",\"@id\":\"https:\\\/\\\/karatecanada.org\\\/fr\\\/#\\\/schema\\\/person\\\/62bdfd9b19409a29c27ff72da1f1f5ec\",\"name\":\"brenda gilbert\",\"image\":{\"@type\":\"ImageObject\",\"inLanguage\":\"fr-FR\",\"@id\":\"https:\\\/\\\/secure.gravatar.com\\\/avatar\\\/a7aa1e8360f71426dd604c154f516c8bedb29c8b73cb511f4933814760ee0148?s=96&d=mm&r=g\",\"url\":\"https:\\\/\\\/secure.gravatar.com\\\/avatar\\\/a7aa1e8360f71426dd604c154f516c8bedb29c8b73cb511f4933814760ee0148?s=96&d=mm&r=g\",\"contentUrl\":\"https:\\\/\\\/secure.gravatar.com\\\/avatar\\\/a7aa1e8360f71426dd604c154f516c8bedb29c8b73cb511f4933814760ee0148?s=96&d=mm&r=g\",\"caption\":\"brenda gilbert\"},\"url\":\"https:\\\/\\\/karatecanada.org\\\/fr\\\/author\\\/brenda\\\/\"}]}<\/script>\n<!-- \/ Yoast SEO plugin. -->","yoast_head_json":{"title":"Le karat\u00e9 sera inclus au Jeux du Canada 2023 - Karate Canada","robots":{"index":"index","follow":"follow","max-snippet":"max-snippet:-1","max-image-preview":"max-image-preview:large","max-video-preview":"max-video-preview:-1"},"canonical":"https:\/\/karatecanada.org\/fr\/le-karate-sera-inclus-au-jeux-du-canada-2023\/","og_locale":"fr_FR","og_type":"article","og_title":"Le karat\u00e9 sera inclus au Jeux du Canada 2023 - Karate Canada","og_description":"Karat\u00e9 Canada est ravie d&rsquo;annoncer que le sport du karat\u00e9 a \u00e9t\u00e9 choisi comme choix d&rsquo;h\u00f4te pour les Jeux d\u2019hiver du Canada 2023. Karat\u00e9 Canada travaillait sur ce projet depuis de nombreuses ann\u00e9es et elle est fi\u00e8re de dire qu&rsquo;il se concr\u00e9tisera en 2023 lorsque le karat\u00e9 sera pr\u00e9sent\u00e9 aux Jeux du Canada pour la [&hellip;]","og_url":"https:\/\/karatecanada.org\/fr\/le-karate-sera-inclus-au-jeux-du-canada-2023\/","og_site_name":"Karate Canada","article_published_time":"2018-03-14T01:50:08+00:00","article_modified_time":"2018-07-17T01:50:58+00:00","author":"brenda gilbert","twitter_card":"summary_large_image","twitter_misc":{"\u00c9crit par":"brenda gilbert","Dur\u00e9e de lecture estim\u00e9e":"1 minute"},"schema":{"@context":"https:\/\/schema.org","@graph":[{"@type":"Article","@id":"https:\/\/karatecanada.org\/fr\/le-karate-sera-inclus-au-jeux-du-canada-2023\/#article","isPartOf":{"@id":"https:\/\/karatecanada.org\/fr\/le-karate-sera-inclus-au-jeux-du-canada-2023\/"},"author":{"name":"brenda gilbert","@id":"https:\/\/karatecanada.org\/fr\/#\/schema\/person\/62bdfd9b19409a29c27ff72da1f1f5ec"},"headline":"Le karat\u00e9 sera inclus au Jeux du Canada 2023","datePublished":"2018-03-14T01:50:08+00:00","dateModified":"2018-07-17T01:50:58+00:00","mainEntityOfPage":{"@id":"https:\/\/karatecanada.org\/fr\/le-karate-sera-inclus-au-jeux-du-canada-2023\/"},"wordCount":151,"commentCount":0,"inLanguage":"fr-FR","potentialAction":[{"@type":"CommentAction","name":"Comment","target":["https:\/\/karatecanada.org\/fr\/le-karate-sera-inclus-au-jeux-du-canada-2023\/#respond"]}]},{"@type":"WebPage","@id":"https:\/\/karatecanada.org\/fr\/le-karate-sera-inclus-au-jeux-du-canada-2023\/","url":"https:\/\/karatecanada.org\/fr\/le-karate-sera-inclus-au-jeux-du-canada-2023\/","name":"Le karat\u00e9 sera inclus au Jeux du Canada 2023 - Karate Canada","isPartOf":{"@id":"https:\/\/karatecanada.org\/fr\/#website"},"datePublished":"2018-03-14T01:50:08+00:00","dateModified":"2018-07-17T01:50:58+00:00","author":{"@id":"https:\/\/karatecanada.org\/fr\/#\/schema\/person\/62bdfd9b19409a29c27ff72da1f1f5ec"},"breadcrumb":{"@id":"https:\/\/karatecanada.org\/fr\/le-karate-sera-inclus-au-jeux-du-canada-2023\/#breadcrumb"},"inLanguage":"fr-FR","potentialAction":[{"@type":"ReadAction","target":["https:\/\/karatecanada.org\/fr\/le-karate-sera-inclus-au-jeux-du-canada-2023\/"]}]},{"@type":"BreadcrumbList","@id":"https:\/\/karatecanada.org\/fr\/le-karate-sera-inclus-au-jeux-du-canada-2023\/#breadcrumb","itemListElement":[{"@type":"ListItem","position":1,"name":"Home","item":"https:\/\/karatecanada.org\/fr\/"},{"@type":"ListItem","position":2,"name":"Le karat\u00e9 sera inclus au Jeux du Canada 2023"}]},{"@type":"WebSite","@id":"https:\/\/karatecanada.org\/fr\/#website","url":"https:\/\/karatecanada.org\/fr\/","name":"Karate Canada","description":"Just another WordPress site","potentialAction":[{"@type":"SearchAction","target":{"@type":"EntryPoint","urlTemplate":"https:\/\/karatecanada.org\/fr\/?s={search_term_string}"},"query-input":{"@type":"PropertyValueSpecification","valueRequired":true,"valueName":"search_term_string"}}],"inLanguage":"fr-FR"},{"@type":"Person","@id":"https:\/\/karatecanada.org\/fr\/#\/schema\/person\/62bdfd9b19409a29c27ff72da1f1f5ec","name":"brenda gilbert","image":{"@type":"ImageObject","inLanguage":"fr-FR","@id":"https:\/\/secure.gravatar.com\/avatar\/a7aa1e8360f71426dd604c154f516c8bedb29c8b73cb511f4933814760ee0148?s=96&d=mm&r=g","url":"https:\/\/secure.gravatar.com\/avatar\/a7aa1e8360f71426dd604c154f516c8bedb29c8b73cb511f4933814760ee0148?s=96&d=mm&r=g","contentUrl":"https:\/\/secure.gravatar.com\/avatar\/a7aa1e8360f71426dd604c154f516c8bedb29c8b73cb511f4933814760ee0148?s=96&d=mm&r=g","caption":"brenda gilbert"},"url":"https:\/\/karatecanada.org\/fr\/author\/brenda\/"}]}},"featured_image_src":"https:\/\/karatecanada.org\/wp-content\/uploads\/2018\/05\/gni-3b.jpg","date_format":"mars 14, 2018","_links":{"self":[{"href":"https:\/\/karatecanada.org\/fr\/wp-json\/wp\/v2\/posts\/6915","targetHints":{"allow":["GET"]}}],"collection":[{"href":"https:\/\/karatecanada.org\/fr\/wp-json\/wp\/v2\/posts"}],"about":[{"href":"https:\/\/karatecanada.org\/fr\/wp-json\/wp\/v2\/types\/post"}],"author":[{"embeddable":true,"href":"https:\/\/karatecanada.org\/fr\/wp-json\/wp\/v2\/users\/14"}],"replies":[{"embeddable":true,"href":"https:\/\/karatecanada.org\/fr\/wp-json\/wp\/v2\/comments?post=6915"}],"version-history":[{"count":0,"href":"https:\/\/karatecanada.org\/fr\/wp-json\/wp\/v2\/posts\/6915\/revisions"}],"wp:attachment":[{"href":"https:\/\/karatecanada.org\/fr\/wp-json\/wp\/v2\/media?parent=6915"}],"wp:term":[{"taxonomy":"category","embeddable":true,"href":"https:\/\/karatecanada.org\/fr\/wp-json\/wp\/v2\/categories?post=6915"},{"taxonomy":"post_tag","embeddable":true,"href":"https:\/\/karatecanada.org\/fr\/wp-json\/wp\/v2\/tags?post=6915"}],"curies":[{"name":"wp","href":"https:\/\/api.w.org\/{rel}","templated":true}]}}