{"id":6924,"date":"2018-03-03T02:11:21","date_gmt":"2018-03-03T02:11:21","guid":{"rendered":"http:\/\/karatecanada.org\/?p=6924"},"modified":"2018-07-17T02:13:36","modified_gmt":"2018-07-17T02:13:36","slug":"criteres-dequipe-nationale-para-2018-2019","status":"publish","type":"post","link":"https:\/\/karatecanada.org\/fr\/criteres-dequipe-nationale-para-2018-2019\/","title":{"rendered":"Crit\u00e8res d\u2019\u00e9quipe nationale Para 2018-2019"},"content":{"rendered":"<p>Karat\u00e9 Canada est heureuse de diffuser ses Crit\u00e8res de s\u00e9lection de l\u2019\u00e9quipe nationale Para pour la saison sportive 2018-2019. Vous pouvez cliquer sur le lien suivant afin de lire ce document:<\/p>\n<p><a href=\"http:\/\/www.karatecanada.org\/pdf\/Para%20National%20Team%20Criteria%202018-19_2Mar2018_FR.pdf\" target=\"_blank\" rel=\"noopener\">\u2022 2017-2018 Crit\u00e8res de s\u00e9lection de l\u2019\u00e9quipe nationale Para (PDF)<\/a><\/p>\n<p>&nbsp;<\/p>\n","protected":false},"excerpt":{"rendered":"<p>Karat\u00e9 Canada est heureuse de diffuser ses Crit\u00e8res de s\u00e9lection de l\u2019\u00e9quipe nationale Para pour la saison sportive 2018-2019. Vous pouvez cliquer sur le lien suivant afin de lire ce document: \u2022 2017-2018 Crit\u00e8res de s\u00e9lection de l\u2019\u00e9quipe nationale Para (PDF) &nbsp;<\/p>\n","protected":false},"author":14,"featured_media":0,"comment_status":"open","ping_status":"open","sticky":false,"template":"","format":"standard","meta":{"_acf_changed":false,"footnotes":""},"categories":[],"tags":[],"class_list":["post-6924","post","type-post","status-publish","format-standard","hentry"],"acf":[],"yoast_head":"<!-- This site is optimized with the Yoast SEO plugin v27.3 - https:\/\/yoast.com\/product\/yoast-seo-wordpress\/ -->\n<title>Crit\u00e8res d\u2019\u00e9quipe nationale Para 2018-2019 - Karate Canada<\/title>\n<meta name=\"robots\" content=\"index, follow, max-snippet:-1, max-image-preview:large, max-video-preview:-1\" \/>\n<link rel=\"canonical\" href=\"https:\/\/karatecanada.org\/fr\/criteres-dequipe-nationale-para-2018-2019\/\" \/>\n<meta property=\"og:locale\" content=\"fr_FR\" \/>\n<meta property=\"og:type\" content=\"article\" \/>\n<meta property=\"og:title\" content=\"Crit\u00e8res d\u2019\u00e9quipe nationale Para 2018-2019 - Karate Canada\" \/>\n<meta property=\"og:description\" content=\"Karat\u00e9 Canada est heureuse de diffuser ses Crit\u00e8res de s\u00e9lection de l\u2019\u00e9quipe nationale Para pour la saison sportive 2018-2019. Vous pouvez cliquer sur le lien suivant afin de lire ce document: \u2022 2017-2018 Crit\u00e8res de s\u00e9lection de l\u2019\u00e9quipe nationale Para (PDF) &nbsp;\" \/>\n<meta property=\"og:url\" content=\"https:\/\/karatecanada.org\/fr\/criteres-dequipe-nationale-para-2018-2019\/\" \/>\n<meta property=\"og:site_name\" content=\"Karate Canada\" \/>\n<meta property=\"article:published_time\" content=\"2018-03-03T02:11:21+00:00\" \/>\n<meta property=\"article:modified_time\" content=\"2018-07-17T02:13:36+00:00\" \/>\n<meta name=\"author\" content=\"brenda gilbert\" \/>\n<meta name=\"twitter:card\" content=\"summary_large_image\" \/>\n<meta name=\"twitter:label1\" content=\"\u00c9crit par\" \/>\n\t<meta name=\"twitter:data1\" content=\"brenda gilbert\" \/>\n<script type=\"application\/ld+json\" class=\"yoast-schema-graph\">{\"@context\":\"https:\\\/\\\/schema.org\",\"@graph\":[{\"@type\":\"Article\",\"@id\":\"https:\\\/\\\/karatecanada.org\\\/fr\\\/criteres-dequipe-nationale-para-2018-2019\\\/#article\",\"isPartOf\":{\"@id\":\"https:\\\/\\\/karatecanada.org\\\/fr\\\/criteres-dequipe-nationale-para-2018-2019\\\/\"},\"author\":{\"name\":\"brenda gilbert\",\"@id\":\"https:\\\/\\\/karatecanada.org\\\/fr\\\/#\\\/schema\\\/person\\\/62bdfd9b19409a29c27ff72da1f1f5ec\"},\"headline\":\"Crit\u00e8res d\u2019\u00e9quipe nationale Para 2018-2019\",\"datePublished\":\"2018-03-03T02:11:21+00:00\",\"dateModified\":\"2018-07-17T02:13:36+00:00\",\"mainEntityOfPage\":{\"@id\":\"https:\\\/\\\/karatecanada.org\\\/fr\\\/criteres-dequipe-nationale-para-2018-2019\\\/\"},\"wordCount\":54,\"commentCount\":0,\"inLanguage\":\"fr-FR\",\"potentialAction\":[{\"@type\":\"CommentAction\",\"name\":\"Comment\",\"target\":[\"https:\\\/\\\/karatecanada.org\\\/fr\\\/criteres-dequipe-nationale-para-2018-2019\\\/#respond\"]}]},{\"@type\":\"WebPage\",\"@id\":\"https:\\\/\\\/karatecanada.org\\\/fr\\\/criteres-dequipe-nationale-para-2018-2019\\\/\",\"url\":\"https:\\\/\\\/karatecanada.org\\\/fr\\\/criteres-dequipe-nationale-para-2018-2019\\\/\",\"name\":\"Crit\u00e8res d\u2019\u00e9quipe nationale Para 2018-2019 - Karate Canada\",\"isPartOf\":{\"@id\":\"https:\\\/\\\/karatecanada.org\\\/fr\\\/#website\"},\"datePublished\":\"2018-03-03T02:11:21+00:00\",\"dateModified\":\"2018-07-17T02:13:36+00:00\",\"author\":{\"@id\":\"https:\\\/\\\/karatecanada.org\\\/fr\\\/#\\\/schema\\\/person\\\/62bdfd9b19409a29c27ff72da1f1f5ec\"},\"breadcrumb\":{\"@id\":\"https:\\\/\\\/karatecanada.org\\\/fr\\\/criteres-dequipe-nationale-para-2018-2019\\\/#breadcrumb\"},\"inLanguage\":\"fr-FR\",\"potentialAction\":[{\"@type\":\"ReadAction\",\"target\":[\"https:\\\/\\\/karatecanada.org\\\/fr\\\/criteres-dequipe-nationale-para-2018-2019\\\/\"]}]},{\"@type\":\"BreadcrumbList\",\"@id\":\"https:\\\/\\\/karatecanada.org\\\/fr\\\/criteres-dequipe-nationale-para-2018-2019\\\/#breadcrumb\",\"itemListElement\":[{\"@type\":\"ListItem\",\"position\":1,\"name\":\"Home\",\"item\":\"https:\\\/\\\/karatecanada.org\\\/fr\\\/\"},{\"@type\":\"ListItem\",\"position\":2,\"name\":\"Crit\u00e8res d\u2019\u00e9quipe nationale Para 2018-2019\"}]},{\"@type\":\"WebSite\",\"@id\":\"https:\\\/\\\/karatecanada.org\\\/fr\\\/#website\",\"url\":\"https:\\\/\\\/karatecanada.org\\\/fr\\\/\",\"name\":\"Karate Canada\",\"description\":\"Just another WordPress site\",\"potentialAction\":[{\"@type\":\"SearchAction\",\"target\":{\"@type\":\"EntryPoint\",\"urlTemplate\":\"https:\\\/\\\/karatecanada.org\\\/fr\\\/?s={search_term_string}\"},\"query-input\":{\"@type\":\"PropertyValueSpecification\",\"valueRequired\":true,\"valueName\":\"search_term_string\"}}],\"inLanguage\":\"fr-FR\"},{\"@type\":\"Person\",\"@id\":\"https:\\\/\\\/karatecanada.org\\\/fr\\\/#\\\/schema\\\/person\\\/62bdfd9b19409a29c27ff72da1f1f5ec\",\"name\":\"brenda gilbert\",\"image\":{\"@type\":\"ImageObject\",\"inLanguage\":\"fr-FR\",\"@id\":\"https:\\\/\\\/secure.gravatar.com\\\/avatar\\\/a7aa1e8360f71426dd604c154f516c8bedb29c8b73cb511f4933814760ee0148?s=96&d=mm&r=g\",\"url\":\"https:\\\/\\\/secure.gravatar.com\\\/avatar\\\/a7aa1e8360f71426dd604c154f516c8bedb29c8b73cb511f4933814760ee0148?s=96&d=mm&r=g\",\"contentUrl\":\"https:\\\/\\\/secure.gravatar.com\\\/avatar\\\/a7aa1e8360f71426dd604c154f516c8bedb29c8b73cb511f4933814760ee0148?s=96&d=mm&r=g\",\"caption\":\"brenda gilbert\"},\"url\":\"https:\\\/\\\/karatecanada.org\\\/fr\\\/author\\\/brenda\\\/\"}]}<\/script>\n<!-- \/ Yoast SEO plugin. -->","yoast_head_json":{"title":"Crit\u00e8res d\u2019\u00e9quipe nationale Para 2018-2019 - Karate Canada","robots":{"index":"index","follow":"follow","max-snippet":"max-snippet:-1","max-image-preview":"max-image-preview:large","max-video-preview":"max-video-preview:-1"},"canonical":"https:\/\/karatecanada.org\/fr\/criteres-dequipe-nationale-para-2018-2019\/","og_locale":"fr_FR","og_type":"article","og_title":"Crit\u00e8res d\u2019\u00e9quipe nationale Para 2018-2019 - Karate Canada","og_description":"Karat\u00e9 Canada est heureuse de diffuser ses Crit\u00e8res de s\u00e9lection de l\u2019\u00e9quipe nationale Para pour la saison sportive 2018-2019. Vous pouvez cliquer sur le lien suivant afin de lire ce document: \u2022 2017-2018 Crit\u00e8res de s\u00e9lection de l\u2019\u00e9quipe nationale Para (PDF) &nbsp;","og_url":"https:\/\/karatecanada.org\/fr\/criteres-dequipe-nationale-para-2018-2019\/","og_site_name":"Karate Canada","article_published_time":"2018-03-03T02:11:21+00:00","article_modified_time":"2018-07-17T02:13:36+00:00","author":"brenda gilbert","twitter_card":"summary_large_image","twitter_misc":{"\u00c9crit par":"brenda gilbert"},"schema":{"@context":"https:\/\/schema.org","@graph":[{"@type":"Article","@id":"https:\/\/karatecanada.org\/fr\/criteres-dequipe-nationale-para-2018-2019\/#article","isPartOf":{"@id":"https:\/\/karatecanada.org\/fr\/criteres-dequipe-nationale-para-2018-2019\/"},"author":{"name":"brenda gilbert","@id":"https:\/\/karatecanada.org\/fr\/#\/schema\/person\/62bdfd9b19409a29c27ff72da1f1f5ec"},"headline":"Crit\u00e8res d\u2019\u00e9quipe nationale Para 2018-2019","datePublished":"2018-03-03T02:11:21+00:00","dateModified":"2018-07-17T02:13:36+00:00","mainEntityOfPage":{"@id":"https:\/\/karatecanada.org\/fr\/criteres-dequipe-nationale-para-2018-2019\/"},"wordCount":54,"commentCount":0,"inLanguage":"fr-FR","potentialAction":[{"@type":"CommentAction","name":"Comment","target":["https:\/\/karatecanada.org\/fr\/criteres-dequipe-nationale-para-2018-2019\/#respond"]}]},{"@type":"WebPage","@id":"https:\/\/karatecanada.org\/fr\/criteres-dequipe-nationale-para-2018-2019\/","url":"https:\/\/karatecanada.org\/fr\/criteres-dequipe-nationale-para-2018-2019\/","name":"Crit\u00e8res d\u2019\u00e9quipe nationale Para 2018-2019 - Karate Canada","isPartOf":{"@id":"https:\/\/karatecanada.org\/fr\/#website"},"datePublished":"2018-03-03T02:11:21+00:00","dateModified":"2018-07-17T02:13:36+00:00","author":{"@id":"https:\/\/karatecanada.org\/fr\/#\/schema\/person\/62bdfd9b19409a29c27ff72da1f1f5ec"},"breadcrumb":{"@id":"https:\/\/karatecanada.org\/fr\/criteres-dequipe-nationale-para-2018-2019\/#breadcrumb"},"inLanguage":"fr-FR","potentialAction":[{"@type":"ReadAction","target":["https:\/\/karatecanada.org\/fr\/criteres-dequipe-nationale-para-2018-2019\/"]}]},{"@type":"BreadcrumbList","@id":"https:\/\/karatecanada.org\/fr\/criteres-dequipe-nationale-para-2018-2019\/#breadcrumb","itemListElement":[{"@type":"ListItem","position":1,"name":"Home","item":"https:\/\/karatecanada.org\/fr\/"},{"@type":"ListItem","position":2,"name":"Crit\u00e8res d\u2019\u00e9quipe nationale Para 2018-2019"}]},{"@type":"WebSite","@id":"https:\/\/karatecanada.org\/fr\/#website","url":"https:\/\/karatecanada.org\/fr\/","name":"Karate Canada","description":"Just another WordPress site","potentialAction":[{"@type":"SearchAction","target":{"@type":"EntryPoint","urlTemplate":"https:\/\/karatecanada.org\/fr\/?s={search_term_string}"},"query-input":{"@type":"PropertyValueSpecification","valueRequired":true,"valueName":"search_term_string"}}],"inLanguage":"fr-FR"},{"@type":"Person","@id":"https:\/\/karatecanada.org\/fr\/#\/schema\/person\/62bdfd9b19409a29c27ff72da1f1f5ec","name":"brenda gilbert","image":{"@type":"ImageObject","inLanguage":"fr-FR","@id":"https:\/\/secure.gravatar.com\/avatar\/a7aa1e8360f71426dd604c154f516c8bedb29c8b73cb511f4933814760ee0148?s=96&d=mm&r=g","url":"https:\/\/secure.gravatar.com\/avatar\/a7aa1e8360f71426dd604c154f516c8bedb29c8b73cb511f4933814760ee0148?s=96&d=mm&r=g","contentUrl":"https:\/\/secure.gravatar.com\/avatar\/a7aa1e8360f71426dd604c154f516c8bedb29c8b73cb511f4933814760ee0148?s=96&d=mm&r=g","caption":"brenda gilbert"},"url":"https:\/\/karatecanada.org\/fr\/author\/brenda\/"}]}},"featured_image_src":"https:\/\/karatecanada.org\/wp-content\/uploads\/2018\/05\/gni-3b.jpg","date_format":"mars 03, 2018","_links":{"self":[{"href":"https:\/\/karatecanada.org\/fr\/wp-json\/wp\/v2\/posts\/6924","targetHints":{"allow":["GET"]}}],"collection":[{"href":"https:\/\/karatecanada.org\/fr\/wp-json\/wp\/v2\/posts"}],"about":[{"href":"https:\/\/karatecanada.org\/fr\/wp-json\/wp\/v2\/types\/post"}],"author":[{"embeddable":true,"href":"https:\/\/karatecanada.org\/fr\/wp-json\/wp\/v2\/users\/14"}],"replies":[{"embeddable":true,"href":"https:\/\/karatecanada.org\/fr\/wp-json\/wp\/v2\/comments?post=6924"}],"version-history":[{"count":0,"href":"https:\/\/karatecanada.org\/fr\/wp-json\/wp\/v2\/posts\/6924\/revisions"}],"wp:attachment":[{"href":"https:\/\/karatecanada.org\/fr\/wp-json\/wp\/v2\/media?parent=6924"}],"wp:term":[{"taxonomy":"category","embeddable":true,"href":"https:\/\/karatecanada.org\/fr\/wp-json\/wp\/v2\/categories?post=6924"},{"taxonomy":"post_tag","embeddable":true,"href":"https:\/\/karatecanada.org\/fr\/wp-json\/wp\/v2\/tags?post=6924"}],"curies":[{"name":"wp","href":"https:\/\/api.w.org\/{rel}","templated":true}]}}