{"id":7838,"date":"2018-08-21T21:18:52","date_gmt":"2018-08-21T21:18:52","guid":{"rendered":"https:\/\/karatecanada.org\/?p=7838"},"modified":"2018-08-30T19:13:58","modified_gmt":"2018-08-30T19:13:58","slug":"sommet-2018-de-karate-canada-1er-bulletin-dinformations","status":"publish","type":"post","link":"https:\/\/karatecanada.org\/fr\/sommet-2018-de-karate-canada-1er-bulletin-dinformations\/","title":{"rendered":"SOMMET 2018 DE KARAT\u00c9 CANADA &#8211; 1er BULLETIN D&rsquo;INFORMATIONS"},"content":{"rendered":"<p>Karat\u00e9 Canada est heureuse de vous inviter \u00e0 participer \u00e0 son Sommet 2018, un \u00e9v\u00e9nement de 3 jours excitant, rempli d&rsquo;occasions de d\u00e9veloppement et d&rsquo;apprentissage pour athl\u00e8tes, instructeurs, entra\u00eeneurs et officiels, et qui aura lieu \u00e0 Toronto du 28 au 30 septembre.<\/p>\n<div class=\"\">La pr\u00e9-inscription en ligne est d\u00e9sormais ouverte, et demeurera accessible jusqu&rsquo;au 20 septembre inclusivement.<\/div>\n<div><\/div>\n<div class=\"\"><\/div>\n<div class=\"\">Il nous fait plaisir, cette ann\u00e9e, d&rsquo;accueillir les invit\u00e9s internationaux de marque\u00a0<strong>M.<\/strong><b class=\"\">\u00a0Jesus del Moral\u00a0<\/b>(entra\u00eeneur en kata WKF de renomm\u00e9e mondiale, de l&rsquo;Espagne)\u00a0<b class=\"\">et M. Douglas Brose\u00a0<\/b>(double champion mondial en kumit\u00e9 WKF, du Br\u00e9sil). Vous trouverez toutes les informations n\u00e9cessaires aux liens suivants:<\/div>\n<div><\/div>\n<div class=\"\">\n<div class=\"\"><\/div>\n<div class=\"\"><b class=\"\">\u2013 <a href=\"https:\/\/karatecanada.org\/wp-content\/uploads\/2018\/08\/KC-Summit-2018_Bulletin_V1_21Aug2018_FR.pdf\" target=\"_blank\" rel=\"noopener\">Premier Bulletin d&rsquo;informations<\/a> <\/b><span class=\"\">(incluant lien pour reservations des chambres d&rsquo;h\u00f4tel \u2013 horaire complet disponible sous peu)<\/span><\/div>\n<div><\/div>\n<\/div>\n<div class=\"\"><\/div>\n<div class=\"\">\n<div class=\"\"><b class=\"\">\u2013<a href=\"https:\/\/www.sportdata.org\/karate\/set-online\/veranstaltung_info_main.php?active_menu=calendar&amp;vernr=4077\" target=\"_blank\" rel=\"noopener\">Inscription en ligne<\/a><\/b>(<i class=\"\">inscrivez-vous d&rsquo;ici le 1er septembre afin de profiter du tarif sp\u00e9cial pour \u00ab\u00a0inscriptions h\u00e2tives\u00a0\u00bb!)\u00a0<\/i><\/div>\n<\/div>\n<div><\/div>\n<div>&#8211; <strong>NOUVEAU: <a href=\"https:\/\/karatecanada.org\/wp-content\/uploads\/2018\/08\/2018_KC_Summit_Partic_Schedule_30Aug_FR.pdf\" target=\"_blank\" rel=\"noopener\">Horaire provisoire de l&rsquo;\u00e9v\u00e9nement\u00a0<\/a><\/strong>(30 ao\u00fbt)<\/div>\n<div class=\"\">\n<div class=\"\">Pour toutes questions, veuillez svp contacter notre gestionnaire des \u00e9v\u00e9nements Mme Cheryl Tataryn \u00e0:\u00a0<a class=\"\" href=\"mailto:cheryl.tataryn@karatecanada.org\">cheryl.tataryn@karatecanada.org<\/a>.<\/div>\n<div><\/div>\n<\/div>\n<div class=\"\">\n<div class=\"\">Merci, et nous avons tr\u00e8s h\u00e2te de vous accueillir \u00e0 Toronto sous peu!<\/div>\n<\/div>\n","protected":false},"excerpt":{"rendered":"<p>Karat\u00e9 Canada est heureuse de vous inviter \u00e0 participer \u00e0 son Sommet 2018, un \u00e9v\u00e9nement de 3 jours excitant, rempli d&rsquo;occasions de d\u00e9veloppement et d&rsquo;apprentissage pour athl\u00e8tes, instructeurs, entra\u00eeneurs et officiels, et qui aura lieu \u00e0 Toronto du 28 au 30 septembre. La pr\u00e9-inscription en ligne est d\u00e9sormais ouverte, et demeurera accessible jusqu&rsquo;au 20 septembre [&hellip;]<\/p>\n","protected":false},"author":22,"featured_media":7835,"comment_status":"open","ping_status":"open","sticky":false,"template":"","format":"standard","meta":{"_acf_changed":false,"footnotes":""},"categories":[],"tags":[],"class_list":["post-7838","post","type-post","status-publish","format-standard","has-post-thumbnail","hentry"],"acf":[],"yoast_head":"<!-- This site is optimized with the Yoast SEO plugin v27.3 - https:\/\/yoast.com\/product\/yoast-seo-wordpress\/ -->\n<title>SOMMET 2018 DE KARAT\u00c9 CANADA - 1er BULLETIN D&#039;INFORMATIONS - Karate Canada<\/title>\n<meta name=\"robots\" content=\"index, follow, max-snippet:-1, max-image-preview:large, max-video-preview:-1\" \/>\n<link rel=\"canonical\" href=\"https:\/\/karatecanada.org\/fr\/sommet-2018-de-karate-canada-1er-bulletin-dinformations\/\" \/>\n<meta property=\"og:locale\" content=\"fr_FR\" \/>\n<meta property=\"og:type\" content=\"article\" \/>\n<meta property=\"og:title\" content=\"SOMMET 2018 DE KARAT\u00c9 CANADA - 1er BULLETIN D&#039;INFORMATIONS - Karate Canada\" \/>\n<meta property=\"og:description\" content=\"Karat\u00e9 Canada est heureuse de vous inviter \u00e0 participer \u00e0 son Sommet 2018, un \u00e9v\u00e9nement de 3 jours excitant, rempli d&rsquo;occasions de d\u00e9veloppement et d&rsquo;apprentissage pour athl\u00e8tes, instructeurs, entra\u00eeneurs et officiels, et qui aura lieu \u00e0 Toronto du 28 au 30 septembre. La pr\u00e9-inscription en ligne est d\u00e9sormais ouverte, et demeurera accessible jusqu&rsquo;au 20 septembre [&hellip;]\" \/>\n<meta property=\"og:url\" content=\"https:\/\/karatecanada.org\/fr\/sommet-2018-de-karate-canada-1er-bulletin-dinformations\/\" \/>\n<meta property=\"og:site_name\" content=\"Karate Canada\" \/>\n<meta property=\"article:published_time\" content=\"2018-08-21T21:18:52+00:00\" \/>\n<meta property=\"article:modified_time\" content=\"2018-08-30T19:13:58+00:00\" \/>\n<meta property=\"og:image\" content=\"https:\/\/karatecanada.org\/wp-content\/uploads\/2018\/08\/NEWS-for-BULLETIN-v1-of-KC-SOMMET-2018-768x484px_FR.jpg\" \/>\n\t<meta property=\"og:image:width\" content=\"768\" \/>\n\t<meta property=\"og:image:height\" content=\"484\" \/>\n\t<meta property=\"og:image:type\" content=\"image\/jpeg\" \/>\n<meta name=\"author\" content=\"Chris Bright\" \/>\n<meta name=\"twitter:card\" content=\"summary_large_image\" \/>\n<meta name=\"twitter:label1\" content=\"\u00c9crit par\" \/>\n\t<meta name=\"twitter:data1\" content=\"Chris Bright\" \/>\n\t<meta name=\"twitter:label2\" content=\"Dur\u00e9e de lecture estim\u00e9e\" \/>\n\t<meta name=\"twitter:data2\" content=\"1 minute\" \/>\n<script type=\"application\/ld+json\" class=\"yoast-schema-graph\">{\"@context\":\"https:\\\/\\\/schema.org\",\"@graph\":[{\"@type\":\"Article\",\"@id\":\"https:\\\/\\\/karatecanada.org\\\/fr\\\/sommet-2018-de-karate-canada-1er-bulletin-dinformations\\\/#article\",\"isPartOf\":{\"@id\":\"https:\\\/\\\/karatecanada.org\\\/fr\\\/sommet-2018-de-karate-canada-1er-bulletin-dinformations\\\/\"},\"author\":{\"name\":\"Chris Bright\",\"@id\":\"https:\\\/\\\/karatecanada.org\\\/fr\\\/#\\\/schema\\\/person\\\/eb636e7711258964a6b1475611fe6d97\"},\"headline\":\"SOMMET 2018 DE KARAT\u00c9 CANADA &#8211; 1er BULLETIN D&rsquo;INFORMATIONS\",\"datePublished\":\"2018-08-21T21:18:52+00:00\",\"dateModified\":\"2018-08-30T19:13:58+00:00\",\"mainEntityOfPage\":{\"@id\":\"https:\\\/\\\/karatecanada.org\\\/fr\\\/sommet-2018-de-karate-canada-1er-bulletin-dinformations\\\/\"},\"wordCount\":200,\"commentCount\":0,\"image\":{\"@id\":\"https:\\\/\\\/karatecanada.org\\\/fr\\\/sommet-2018-de-karate-canada-1er-bulletin-dinformations\\\/#primaryimage\"},\"thumbnailUrl\":\"https:\\\/\\\/karatecanada.org\\\/wp-content\\\/uploads\\\/2018\\\/08\\\/NEWS-for-BULLETIN-v1-of-KC-SOMMET-2018-768x484px_FR.jpg\",\"inLanguage\":\"fr-FR\",\"potentialAction\":[{\"@type\":\"CommentAction\",\"name\":\"Comment\",\"target\":[\"https:\\\/\\\/karatecanada.org\\\/fr\\\/sommet-2018-de-karate-canada-1er-bulletin-dinformations\\\/#respond\"]}]},{\"@type\":\"WebPage\",\"@id\":\"https:\\\/\\\/karatecanada.org\\\/fr\\\/sommet-2018-de-karate-canada-1er-bulletin-dinformations\\\/\",\"url\":\"https:\\\/\\\/karatecanada.org\\\/fr\\\/sommet-2018-de-karate-canada-1er-bulletin-dinformations\\\/\",\"name\":\"SOMMET 2018 DE KARAT\u00c9 CANADA - 1er BULLETIN D'INFORMATIONS - Karate Canada\",\"isPartOf\":{\"@id\":\"https:\\\/\\\/karatecanada.org\\\/fr\\\/#website\"},\"primaryImageOfPage\":{\"@id\":\"https:\\\/\\\/karatecanada.org\\\/fr\\\/sommet-2018-de-karate-canada-1er-bulletin-dinformations\\\/#primaryimage\"},\"image\":{\"@id\":\"https:\\\/\\\/karatecanada.org\\\/fr\\\/sommet-2018-de-karate-canada-1er-bulletin-dinformations\\\/#primaryimage\"},\"thumbnailUrl\":\"https:\\\/\\\/karatecanada.org\\\/wp-content\\\/uploads\\\/2018\\\/08\\\/NEWS-for-BULLETIN-v1-of-KC-SOMMET-2018-768x484px_FR.jpg\",\"datePublished\":\"2018-08-21T21:18:52+00:00\",\"dateModified\":\"2018-08-30T19:13:58+00:00\",\"author\":{\"@id\":\"https:\\\/\\\/karatecanada.org\\\/fr\\\/#\\\/schema\\\/person\\\/eb636e7711258964a6b1475611fe6d97\"},\"breadcrumb\":{\"@id\":\"https:\\\/\\\/karatecanada.org\\\/fr\\\/sommet-2018-de-karate-canada-1er-bulletin-dinformations\\\/#breadcrumb\"},\"inLanguage\":\"fr-FR\",\"potentialAction\":[{\"@type\":\"ReadAction\",\"target\":[\"https:\\\/\\\/karatecanada.org\\\/fr\\\/sommet-2018-de-karate-canada-1er-bulletin-dinformations\\\/\"]}]},{\"@type\":\"ImageObject\",\"inLanguage\":\"fr-FR\",\"@id\":\"https:\\\/\\\/karatecanada.org\\\/fr\\\/sommet-2018-de-karate-canada-1er-bulletin-dinformations\\\/#primaryimage\",\"url\":\"https:\\\/\\\/karatecanada.org\\\/wp-content\\\/uploads\\\/2018\\\/08\\\/NEWS-for-BULLETIN-v1-of-KC-SOMMET-2018-768x484px_FR.jpg\",\"contentUrl\":\"https:\\\/\\\/karatecanada.org\\\/wp-content\\\/uploads\\\/2018\\\/08\\\/NEWS-for-BULLETIN-v1-of-KC-SOMMET-2018-768x484px_FR.jpg\",\"width\":\"768\",\"height\":\"484\"},{\"@type\":\"BreadcrumbList\",\"@id\":\"https:\\\/\\\/karatecanada.org\\\/fr\\\/sommet-2018-de-karate-canada-1er-bulletin-dinformations\\\/#breadcrumb\",\"itemListElement\":[{\"@type\":\"ListItem\",\"position\":1,\"name\":\"Home\",\"item\":\"https:\\\/\\\/karatecanada.org\\\/fr\\\/\"},{\"@type\":\"ListItem\",\"position\":2,\"name\":\"SOMMET 2018 DE KARAT\u00c9 CANADA &#8211; 1er BULLETIN D&rsquo;INFORMATIONS\"}]},{\"@type\":\"WebSite\",\"@id\":\"https:\\\/\\\/karatecanada.org\\\/fr\\\/#website\",\"url\":\"https:\\\/\\\/karatecanada.org\\\/fr\\\/\",\"name\":\"Karate Canada\",\"description\":\"Just another WordPress site\",\"potentialAction\":[{\"@type\":\"SearchAction\",\"target\":{\"@type\":\"EntryPoint\",\"urlTemplate\":\"https:\\\/\\\/karatecanada.org\\\/fr\\\/?s={search_term_string}\"},\"query-input\":{\"@type\":\"PropertyValueSpecification\",\"valueRequired\":true,\"valueName\":\"search_term_string\"}}],\"inLanguage\":\"fr-FR\"},{\"@type\":\"Person\",\"@id\":\"https:\\\/\\\/karatecanada.org\\\/fr\\\/#\\\/schema\\\/person\\\/eb636e7711258964a6b1475611fe6d97\",\"name\":\"Chris Bright\",\"image\":{\"@type\":\"ImageObject\",\"inLanguage\":\"fr-FR\",\"@id\":\"https:\\\/\\\/secure.gravatar.com\\\/avatar\\\/e898e586115870aacdd4e71a6879dd8c8ac28ee3225c89f3a618d6530816dedb?s=96&d=mm&r=g\",\"url\":\"https:\\\/\\\/secure.gravatar.com\\\/avatar\\\/e898e586115870aacdd4e71a6879dd8c8ac28ee3225c89f3a618d6530816dedb?s=96&d=mm&r=g\",\"contentUrl\":\"https:\\\/\\\/secure.gravatar.com\\\/avatar\\\/e898e586115870aacdd4e71a6879dd8c8ac28ee3225c89f3a618d6530816dedb?s=96&d=mm&r=g\",\"caption\":\"Chris Bright\"},\"url\":\"https:\\\/\\\/karatecanada.org\\\/fr\\\/author\\\/chrisbright\\\/\"}]}<\/script>\n<!-- \/ Yoast SEO plugin. -->","yoast_head_json":{"title":"SOMMET 2018 DE KARAT\u00c9 CANADA - 1er BULLETIN D'INFORMATIONS - Karate Canada","robots":{"index":"index","follow":"follow","max-snippet":"max-snippet:-1","max-image-preview":"max-image-preview:large","max-video-preview":"max-video-preview:-1"},"canonical":"https:\/\/karatecanada.org\/fr\/sommet-2018-de-karate-canada-1er-bulletin-dinformations\/","og_locale":"fr_FR","og_type":"article","og_title":"SOMMET 2018 DE KARAT\u00c9 CANADA - 1er BULLETIN D'INFORMATIONS - Karate Canada","og_description":"Karat\u00e9 Canada est heureuse de vous inviter \u00e0 participer \u00e0 son Sommet 2018, un \u00e9v\u00e9nement de 3 jours excitant, rempli d&rsquo;occasions de d\u00e9veloppement et d&rsquo;apprentissage pour athl\u00e8tes, instructeurs, entra\u00eeneurs et officiels, et qui aura lieu \u00e0 Toronto du 28 au 30 septembre. La pr\u00e9-inscription en ligne est d\u00e9sormais ouverte, et demeurera accessible jusqu&rsquo;au 20 septembre [&hellip;]","og_url":"https:\/\/karatecanada.org\/fr\/sommet-2018-de-karate-canada-1er-bulletin-dinformations\/","og_site_name":"Karate Canada","article_published_time":"2018-08-21T21:18:52+00:00","article_modified_time":"2018-08-30T19:13:58+00:00","og_image":[{"width":768,"height":484,"url":"https:\/\/karatecanada.org\/wp-content\/uploads\/2018\/08\/NEWS-for-BULLETIN-v1-of-KC-SOMMET-2018-768x484px_FR.jpg","type":"image\/jpeg"}],"author":"Chris Bright","twitter_card":"summary_large_image","twitter_misc":{"\u00c9crit par":"Chris Bright","Dur\u00e9e de lecture estim\u00e9e":"1 minute"},"schema":{"@context":"https:\/\/schema.org","@graph":[{"@type":"Article","@id":"https:\/\/karatecanada.org\/fr\/sommet-2018-de-karate-canada-1er-bulletin-dinformations\/#article","isPartOf":{"@id":"https:\/\/karatecanada.org\/fr\/sommet-2018-de-karate-canada-1er-bulletin-dinformations\/"},"author":{"name":"Chris Bright","@id":"https:\/\/karatecanada.org\/fr\/#\/schema\/person\/eb636e7711258964a6b1475611fe6d97"},"headline":"SOMMET 2018 DE KARAT\u00c9 CANADA &#8211; 1er BULLETIN D&rsquo;INFORMATIONS","datePublished":"2018-08-21T21:18:52+00:00","dateModified":"2018-08-30T19:13:58+00:00","mainEntityOfPage":{"@id":"https:\/\/karatecanada.org\/fr\/sommet-2018-de-karate-canada-1er-bulletin-dinformations\/"},"wordCount":200,"commentCount":0,"image":{"@id":"https:\/\/karatecanada.org\/fr\/sommet-2018-de-karate-canada-1er-bulletin-dinformations\/#primaryimage"},"thumbnailUrl":"https:\/\/karatecanada.org\/wp-content\/uploads\/2018\/08\/NEWS-for-BULLETIN-v1-of-KC-SOMMET-2018-768x484px_FR.jpg","inLanguage":"fr-FR","potentialAction":[{"@type":"CommentAction","name":"Comment","target":["https:\/\/karatecanada.org\/fr\/sommet-2018-de-karate-canada-1er-bulletin-dinformations\/#respond"]}]},{"@type":"WebPage","@id":"https:\/\/karatecanada.org\/fr\/sommet-2018-de-karate-canada-1er-bulletin-dinformations\/","url":"https:\/\/karatecanada.org\/fr\/sommet-2018-de-karate-canada-1er-bulletin-dinformations\/","name":"SOMMET 2018 DE KARAT\u00c9 CANADA - 1er BULLETIN D'INFORMATIONS - Karate Canada","isPartOf":{"@id":"https:\/\/karatecanada.org\/fr\/#website"},"primaryImageOfPage":{"@id":"https:\/\/karatecanada.org\/fr\/sommet-2018-de-karate-canada-1er-bulletin-dinformations\/#primaryimage"},"image":{"@id":"https:\/\/karatecanada.org\/fr\/sommet-2018-de-karate-canada-1er-bulletin-dinformations\/#primaryimage"},"thumbnailUrl":"https:\/\/karatecanada.org\/wp-content\/uploads\/2018\/08\/NEWS-for-BULLETIN-v1-of-KC-SOMMET-2018-768x484px_FR.jpg","datePublished":"2018-08-21T21:18:52+00:00","dateModified":"2018-08-30T19:13:58+00:00","author":{"@id":"https:\/\/karatecanada.org\/fr\/#\/schema\/person\/eb636e7711258964a6b1475611fe6d97"},"breadcrumb":{"@id":"https:\/\/karatecanada.org\/fr\/sommet-2018-de-karate-canada-1er-bulletin-dinformations\/#breadcrumb"},"inLanguage":"fr-FR","potentialAction":[{"@type":"ReadAction","target":["https:\/\/karatecanada.org\/fr\/sommet-2018-de-karate-canada-1er-bulletin-dinformations\/"]}]},{"@type":"ImageObject","inLanguage":"fr-FR","@id":"https:\/\/karatecanada.org\/fr\/sommet-2018-de-karate-canada-1er-bulletin-dinformations\/#primaryimage","url":"https:\/\/karatecanada.org\/wp-content\/uploads\/2018\/08\/NEWS-for-BULLETIN-v1-of-KC-SOMMET-2018-768x484px_FR.jpg","contentUrl":"https:\/\/karatecanada.org\/wp-content\/uploads\/2018\/08\/NEWS-for-BULLETIN-v1-of-KC-SOMMET-2018-768x484px_FR.jpg","width":"768","height":"484"},{"@type":"BreadcrumbList","@id":"https:\/\/karatecanada.org\/fr\/sommet-2018-de-karate-canada-1er-bulletin-dinformations\/#breadcrumb","itemListElement":[{"@type":"ListItem","position":1,"name":"Home","item":"https:\/\/karatecanada.org\/fr\/"},{"@type":"ListItem","position":2,"name":"SOMMET 2018 DE KARAT\u00c9 CANADA &#8211; 1er BULLETIN D&rsquo;INFORMATIONS"}]},{"@type":"WebSite","@id":"https:\/\/karatecanada.org\/fr\/#website","url":"https:\/\/karatecanada.org\/fr\/","name":"Karate Canada","description":"Just another WordPress site","potentialAction":[{"@type":"SearchAction","target":{"@type":"EntryPoint","urlTemplate":"https:\/\/karatecanada.org\/fr\/?s={search_term_string}"},"query-input":{"@type":"PropertyValueSpecification","valueRequired":true,"valueName":"search_term_string"}}],"inLanguage":"fr-FR"},{"@type":"Person","@id":"https:\/\/karatecanada.org\/fr\/#\/schema\/person\/eb636e7711258964a6b1475611fe6d97","name":"Chris Bright","image":{"@type":"ImageObject","inLanguage":"fr-FR","@id":"https:\/\/secure.gravatar.com\/avatar\/e898e586115870aacdd4e71a6879dd8c8ac28ee3225c89f3a618d6530816dedb?s=96&d=mm&r=g","url":"https:\/\/secure.gravatar.com\/avatar\/e898e586115870aacdd4e71a6879dd8c8ac28ee3225c89f3a618d6530816dedb?s=96&d=mm&r=g","contentUrl":"https:\/\/secure.gravatar.com\/avatar\/e898e586115870aacdd4e71a6879dd8c8ac28ee3225c89f3a618d6530816dedb?s=96&d=mm&r=g","caption":"Chris Bright"},"url":"https:\/\/karatecanada.org\/fr\/author\/chrisbright\/"}]}},"featured_image_src":"https:\/\/karatecanada.org\/wp-content\/uploads\/2018\/08\/NEWS-for-BULLETIN-v1-of-KC-SOMMET-2018-768x484px_FR-768x484.jpg","date_format":"ao\u00fbt 21, 2018","_links":{"self":[{"href":"https:\/\/karatecanada.org\/fr\/wp-json\/wp\/v2\/posts\/7838","targetHints":{"allow":["GET"]}}],"collection":[{"href":"https:\/\/karatecanada.org\/fr\/wp-json\/wp\/v2\/posts"}],"about":[{"href":"https:\/\/karatecanada.org\/fr\/wp-json\/wp\/v2\/types\/post"}],"author":[{"embeddable":true,"href":"https:\/\/karatecanada.org\/fr\/wp-json\/wp\/v2\/users\/22"}],"replies":[{"embeddable":true,"href":"https:\/\/karatecanada.org\/fr\/wp-json\/wp\/v2\/comments?post=7838"}],"version-history":[{"count":0,"href":"https:\/\/karatecanada.org\/fr\/wp-json\/wp\/v2\/posts\/7838\/revisions"}],"wp:featuredmedia":[{"embeddable":true,"href":"https:\/\/karatecanada.org\/fr\/wp-json\/wp\/v2\/media\/7835"}],"wp:attachment":[{"href":"https:\/\/karatecanada.org\/fr\/wp-json\/wp\/v2\/media?parent=7838"}],"wp:term":[{"taxonomy":"category","embeddable":true,"href":"https:\/\/karatecanada.org\/fr\/wp-json\/wp\/v2\/categories?post=7838"},{"taxonomy":"post_tag","embeddable":true,"href":"https:\/\/karatecanada.org\/fr\/wp-json\/wp\/v2\/tags?post=7838"}],"curies":[{"name":"wp","href":"https:\/\/api.w.org\/{rel}","templated":true}]}}