{"id":7850,"date":"2018-08-30T23:39:52","date_gmt":"2018-08-30T23:39:52","guid":{"rendered":"https:\/\/karatecanada.org\/?p=7850"},"modified":"2018-08-30T23:52:25","modified_gmt":"2018-08-30T23:52:25","slug":"call-for-nominations-election-of-directors-at-the-2018-annual-general-meeting","status":"publish","type":"post","link":"https:\/\/karatecanada.org\/fr\/call-for-nominations-election-of-directors-at-the-2018-annual-general-meeting\/","title":{"rendered":"APPEL DE CANDIDATURES \u2013 \u00c9LECTION D&rsquo;ADMINISTRATEURS \u00c0 L&rsquo;AGA 2018"},"content":{"rendered":"<div class=\"post-page__date\"><\/div>\n<figure class=\"post-page__image\"><\/figure>\n<div class=\"post-page__text\">\n<p>Veuillez svp noter que les trois postes suivants au sein du Conseil d&rsquo;administration de Karat\u00e9 Canada seront en \u00e9lection lors de l&rsquo;Assembl\u00e9e g\u00e9n\u00e9rale annuelle 2018, qui aura lieu \u00e0 Toronto le soir du vendredi 28 septembre:<\/p>\n<p>&#8211;<strong>Vice-pr\u00e9sident<\/strong> (poste actuellement occup\u00e9 par M. Derek J. Ryan);<br \/>\n&#8211;<strong>Deux (2) administrateurs\/trices en g\u00e9n\u00e9ral<\/strong> (positions actuellement d\u00e9tenues par M. Marc Ward et Mme Heather Fidyk).<br \/>\nKarat\u00e9 Canada acceptera les mises en candidature pour ces trois postes <strong>jusqu&rsquo;au 6 septembre 2018<\/strong> inclusivement.<\/p>\n<p>Vous pouvez <a href=\"https:\/\/karatecanada.org\/wp-content\/uploads\/2018\/08\/Call-for-Nominations-2018AGM_KC_FR.pdf\" target=\"_blank\" rel=\"noopener\">cliquer ici afin de lire l&rsquo;appel de candidatures officiel<\/a>, ou encore cliquer <a href=\"https:\/\/karatecanada.org\/wp-content\/uploads\/2018\/08\/KC_Nomination-Form_2018AGM_Election_BOD_FR.pdf\" target=\"_blank\" rel=\"noopener\">ici pour acc\u00e9der au formulaire de mise en candidature<\/a>. Veuillez svp noter que chaque formulaire de candidature soumis doit inclure le consentement \u00e9crit du candidat (signature), ainsi que les signatures de 5 autres personnes inscrites (adh\u00e9rents). Veuillez svp remplir et retourner ce formulaire \u00e0 Karat\u00e9 Canada, soit;<\/p>\n<p>-par courriel, \u00a0aux adresses suivantes: <a href=\"mailto:olivier@karatecanada.org\">olivier@karatecanada.org<\/a> et (en copie conforme): <a href=\"mailto:craig@karatecanada.org\">craig@karatecanada.org<\/a>, ou;<br \/>\n-par courrier, \u00e0 l&rsquo;adresse postale suivante, \u00a0d&rsquo;ici le 6 septembre 2018 au plus tard:<\/p>\n<p>\u00c9lections Karat\u00e9 Canada<br \/>\nc \/ o Comit\u00e9 olympique canadien<br \/>\n500 Boul. Ren\u00e9 L\u00e9vesque Ouest<br \/>\nMontr\u00e9al QC H2Z 1W7<\/p>\n<p>(Nous confirmerons la r\u00e9ception des candidatures par courriel avec chaque candidat dans un d\u00e9lai de 2 jours ouvrables.)<\/p>\n<p>Merci.<\/p>\n<\/div>\n","protected":false},"excerpt":{"rendered":"<p>Veuillez svp noter que les trois postes suivants au sein du Conseil d&rsquo;administration de Karat\u00e9 Canada seront en \u00e9lection lors de l&rsquo;Assembl\u00e9e g\u00e9n\u00e9rale annuelle 2018, qui aura lieu \u00e0 Toronto le soir du vendredi 28 septembre: &#8211;Vice-pr\u00e9sident (poste actuellement occup\u00e9 par M. Derek J. Ryan); &#8211;Deux (2) administrateurs\/trices en g\u00e9n\u00e9ral (positions actuellement d\u00e9tenues par M. [&hellip;]<\/p>\n","protected":false},"author":22,"featured_media":0,"comment_status":"open","ping_status":"open","sticky":false,"template":"","format":"standard","meta":{"_acf_changed":false,"footnotes":""},"categories":[],"tags":[],"class_list":["post-7850","post","type-post","status-publish","format-standard","hentry"],"acf":[],"yoast_head":"<!-- This site is optimized with the Yoast SEO plugin v27.3 - https:\/\/yoast.com\/product\/yoast-seo-wordpress\/ -->\n<title>APPEL DE CANDIDATURES \u2013 \u00c9LECTION D&#039;ADMINISTRATEURS \u00c0 L&#039;AGA 2018 - Karate Canada<\/title>\n<meta name=\"robots\" content=\"index, follow, max-snippet:-1, max-image-preview:large, max-video-preview:-1\" \/>\n<link rel=\"canonical\" href=\"https:\/\/karatecanada.org\/fr\/call-for-nominations-election-of-directors-at-the-2018-annual-general-meeting\/\" \/>\n<meta property=\"og:locale\" content=\"fr_FR\" \/>\n<meta property=\"og:type\" content=\"article\" \/>\n<meta property=\"og:title\" content=\"APPEL DE CANDIDATURES \u2013 \u00c9LECTION D&#039;ADMINISTRATEURS \u00c0 L&#039;AGA 2018 - Karate Canada\" \/>\n<meta property=\"og:description\" content=\"Veuillez svp noter que les trois postes suivants au sein du Conseil d&rsquo;administration de Karat\u00e9 Canada seront en \u00e9lection lors de l&rsquo;Assembl\u00e9e g\u00e9n\u00e9rale annuelle 2018, qui aura lieu \u00e0 Toronto le soir du vendredi 28 septembre: &#8211;Vice-pr\u00e9sident (poste actuellement occup\u00e9 par M. Derek J. Ryan); &#8211;Deux (2) administrateurs\/trices en g\u00e9n\u00e9ral (positions actuellement d\u00e9tenues par M. [&hellip;]\" \/>\n<meta property=\"og:url\" content=\"https:\/\/karatecanada.org\/fr\/call-for-nominations-election-of-directors-at-the-2018-annual-general-meeting\/\" \/>\n<meta property=\"og:site_name\" content=\"Karate Canada\" \/>\n<meta property=\"article:published_time\" content=\"2018-08-30T23:39:52+00:00\" \/>\n<meta property=\"article:modified_time\" content=\"2018-08-30T23:52:25+00:00\" \/>\n<meta name=\"author\" content=\"Chris Bright\" \/>\n<meta name=\"twitter:card\" content=\"summary_large_image\" \/>\n<meta name=\"twitter:label1\" content=\"\u00c9crit par\" \/>\n\t<meta name=\"twitter:data1\" content=\"Chris Bright\" \/>\n\t<meta name=\"twitter:label2\" content=\"Dur\u00e9e de lecture estim\u00e9e\" \/>\n\t<meta name=\"twitter:data2\" content=\"1 minute\" \/>\n<script type=\"application\/ld+json\" class=\"yoast-schema-graph\">{\"@context\":\"https:\\\/\\\/schema.org\",\"@graph\":[{\"@type\":\"Article\",\"@id\":\"https:\\\/\\\/karatecanada.org\\\/fr\\\/call-for-nominations-election-of-directors-at-the-2018-annual-general-meeting\\\/#article\",\"isPartOf\":{\"@id\":\"https:\\\/\\\/karatecanada.org\\\/fr\\\/call-for-nominations-election-of-directors-at-the-2018-annual-general-meeting\\\/\"},\"author\":{\"name\":\"Chris Bright\",\"@id\":\"https:\\\/\\\/karatecanada.org\\\/fr\\\/#\\\/schema\\\/person\\\/eb636e7711258964a6b1475611fe6d97\"},\"headline\":\"APPEL DE CANDIDATURES \u2013 \u00c9LECTION D&rsquo;ADMINISTRATEURS \u00c0 L&rsquo;AGA 2018\",\"datePublished\":\"2018-08-30T23:39:52+00:00\",\"dateModified\":\"2018-08-30T23:52:25+00:00\",\"mainEntityOfPage\":{\"@id\":\"https:\\\/\\\/karatecanada.org\\\/fr\\\/call-for-nominations-election-of-directors-at-the-2018-annual-general-meeting\\\/\"},\"wordCount\":220,\"commentCount\":0,\"inLanguage\":\"fr-FR\",\"potentialAction\":[{\"@type\":\"CommentAction\",\"name\":\"Comment\",\"target\":[\"https:\\\/\\\/karatecanada.org\\\/fr\\\/call-for-nominations-election-of-directors-at-the-2018-annual-general-meeting\\\/#respond\"]}]},{\"@type\":\"WebPage\",\"@id\":\"https:\\\/\\\/karatecanada.org\\\/fr\\\/call-for-nominations-election-of-directors-at-the-2018-annual-general-meeting\\\/\",\"url\":\"https:\\\/\\\/karatecanada.org\\\/fr\\\/call-for-nominations-election-of-directors-at-the-2018-annual-general-meeting\\\/\",\"name\":\"APPEL DE CANDIDATURES \u2013 \u00c9LECTION D'ADMINISTRATEURS \u00c0 L'AGA 2018 - Karate Canada\",\"isPartOf\":{\"@id\":\"https:\\\/\\\/karatecanada.org\\\/fr\\\/#website\"},\"datePublished\":\"2018-08-30T23:39:52+00:00\",\"dateModified\":\"2018-08-30T23:52:25+00:00\",\"author\":{\"@id\":\"https:\\\/\\\/karatecanada.org\\\/fr\\\/#\\\/schema\\\/person\\\/eb636e7711258964a6b1475611fe6d97\"},\"breadcrumb\":{\"@id\":\"https:\\\/\\\/karatecanada.org\\\/fr\\\/call-for-nominations-election-of-directors-at-the-2018-annual-general-meeting\\\/#breadcrumb\"},\"inLanguage\":\"fr-FR\",\"potentialAction\":[{\"@type\":\"ReadAction\",\"target\":[\"https:\\\/\\\/karatecanada.org\\\/fr\\\/call-for-nominations-election-of-directors-at-the-2018-annual-general-meeting\\\/\"]}]},{\"@type\":\"BreadcrumbList\",\"@id\":\"https:\\\/\\\/karatecanada.org\\\/fr\\\/call-for-nominations-election-of-directors-at-the-2018-annual-general-meeting\\\/#breadcrumb\",\"itemListElement\":[{\"@type\":\"ListItem\",\"position\":1,\"name\":\"Home\",\"item\":\"https:\\\/\\\/karatecanada.org\\\/fr\\\/\"},{\"@type\":\"ListItem\",\"position\":2,\"name\":\"APPEL DE CANDIDATURES \u2013 \u00c9LECTION D&rsquo;ADMINISTRATEURS \u00c0 L&rsquo;AGA 2018\"}]},{\"@type\":\"WebSite\",\"@id\":\"https:\\\/\\\/karatecanada.org\\\/fr\\\/#website\",\"url\":\"https:\\\/\\\/karatecanada.org\\\/fr\\\/\",\"name\":\"Karate Canada\",\"description\":\"Just another WordPress site\",\"potentialAction\":[{\"@type\":\"SearchAction\",\"target\":{\"@type\":\"EntryPoint\",\"urlTemplate\":\"https:\\\/\\\/karatecanada.org\\\/fr\\\/?s={search_term_string}\"},\"query-input\":{\"@type\":\"PropertyValueSpecification\",\"valueRequired\":true,\"valueName\":\"search_term_string\"}}],\"inLanguage\":\"fr-FR\"},{\"@type\":\"Person\",\"@id\":\"https:\\\/\\\/karatecanada.org\\\/fr\\\/#\\\/schema\\\/person\\\/eb636e7711258964a6b1475611fe6d97\",\"name\":\"Chris Bright\",\"image\":{\"@type\":\"ImageObject\",\"inLanguage\":\"fr-FR\",\"@id\":\"https:\\\/\\\/secure.gravatar.com\\\/avatar\\\/e898e586115870aacdd4e71a6879dd8c8ac28ee3225c89f3a618d6530816dedb?s=96&d=mm&r=g\",\"url\":\"https:\\\/\\\/secure.gravatar.com\\\/avatar\\\/e898e586115870aacdd4e71a6879dd8c8ac28ee3225c89f3a618d6530816dedb?s=96&d=mm&r=g\",\"contentUrl\":\"https:\\\/\\\/secure.gravatar.com\\\/avatar\\\/e898e586115870aacdd4e71a6879dd8c8ac28ee3225c89f3a618d6530816dedb?s=96&d=mm&r=g\",\"caption\":\"Chris Bright\"},\"url\":\"https:\\\/\\\/karatecanada.org\\\/fr\\\/author\\\/chrisbright\\\/\"}]}<\/script>\n<!-- \/ Yoast SEO plugin. -->","yoast_head_json":{"title":"APPEL DE CANDIDATURES \u2013 \u00c9LECTION D'ADMINISTRATEURS \u00c0 L'AGA 2018 - Karate Canada","robots":{"index":"index","follow":"follow","max-snippet":"max-snippet:-1","max-image-preview":"max-image-preview:large","max-video-preview":"max-video-preview:-1"},"canonical":"https:\/\/karatecanada.org\/fr\/call-for-nominations-election-of-directors-at-the-2018-annual-general-meeting\/","og_locale":"fr_FR","og_type":"article","og_title":"APPEL DE CANDIDATURES \u2013 \u00c9LECTION D'ADMINISTRATEURS \u00c0 L'AGA 2018 - Karate Canada","og_description":"Veuillez svp noter que les trois postes suivants au sein du Conseil d&rsquo;administration de Karat\u00e9 Canada seront en \u00e9lection lors de l&rsquo;Assembl\u00e9e g\u00e9n\u00e9rale annuelle 2018, qui aura lieu \u00e0 Toronto le soir du vendredi 28 septembre: &#8211;Vice-pr\u00e9sident (poste actuellement occup\u00e9 par M. Derek J. Ryan); &#8211;Deux (2) administrateurs\/trices en g\u00e9n\u00e9ral (positions actuellement d\u00e9tenues par M. [&hellip;]","og_url":"https:\/\/karatecanada.org\/fr\/call-for-nominations-election-of-directors-at-the-2018-annual-general-meeting\/","og_site_name":"Karate Canada","article_published_time":"2018-08-30T23:39:52+00:00","article_modified_time":"2018-08-30T23:52:25+00:00","author":"Chris Bright","twitter_card":"summary_large_image","twitter_misc":{"\u00c9crit par":"Chris Bright","Dur\u00e9e de lecture estim\u00e9e":"1 minute"},"schema":{"@context":"https:\/\/schema.org","@graph":[{"@type":"Article","@id":"https:\/\/karatecanada.org\/fr\/call-for-nominations-election-of-directors-at-the-2018-annual-general-meeting\/#article","isPartOf":{"@id":"https:\/\/karatecanada.org\/fr\/call-for-nominations-election-of-directors-at-the-2018-annual-general-meeting\/"},"author":{"name":"Chris Bright","@id":"https:\/\/karatecanada.org\/fr\/#\/schema\/person\/eb636e7711258964a6b1475611fe6d97"},"headline":"APPEL DE CANDIDATURES \u2013 \u00c9LECTION D&rsquo;ADMINISTRATEURS \u00c0 L&rsquo;AGA 2018","datePublished":"2018-08-30T23:39:52+00:00","dateModified":"2018-08-30T23:52:25+00:00","mainEntityOfPage":{"@id":"https:\/\/karatecanada.org\/fr\/call-for-nominations-election-of-directors-at-the-2018-annual-general-meeting\/"},"wordCount":220,"commentCount":0,"inLanguage":"fr-FR","potentialAction":[{"@type":"CommentAction","name":"Comment","target":["https:\/\/karatecanada.org\/fr\/call-for-nominations-election-of-directors-at-the-2018-annual-general-meeting\/#respond"]}]},{"@type":"WebPage","@id":"https:\/\/karatecanada.org\/fr\/call-for-nominations-election-of-directors-at-the-2018-annual-general-meeting\/","url":"https:\/\/karatecanada.org\/fr\/call-for-nominations-election-of-directors-at-the-2018-annual-general-meeting\/","name":"APPEL DE CANDIDATURES \u2013 \u00c9LECTION D'ADMINISTRATEURS \u00c0 L'AGA 2018 - Karate Canada","isPartOf":{"@id":"https:\/\/karatecanada.org\/fr\/#website"},"datePublished":"2018-08-30T23:39:52+00:00","dateModified":"2018-08-30T23:52:25+00:00","author":{"@id":"https:\/\/karatecanada.org\/fr\/#\/schema\/person\/eb636e7711258964a6b1475611fe6d97"},"breadcrumb":{"@id":"https:\/\/karatecanada.org\/fr\/call-for-nominations-election-of-directors-at-the-2018-annual-general-meeting\/#breadcrumb"},"inLanguage":"fr-FR","potentialAction":[{"@type":"ReadAction","target":["https:\/\/karatecanada.org\/fr\/call-for-nominations-election-of-directors-at-the-2018-annual-general-meeting\/"]}]},{"@type":"BreadcrumbList","@id":"https:\/\/karatecanada.org\/fr\/call-for-nominations-election-of-directors-at-the-2018-annual-general-meeting\/#breadcrumb","itemListElement":[{"@type":"ListItem","position":1,"name":"Home","item":"https:\/\/karatecanada.org\/fr\/"},{"@type":"ListItem","position":2,"name":"APPEL DE CANDIDATURES \u2013 \u00c9LECTION D&rsquo;ADMINISTRATEURS \u00c0 L&rsquo;AGA 2018"}]},{"@type":"WebSite","@id":"https:\/\/karatecanada.org\/fr\/#website","url":"https:\/\/karatecanada.org\/fr\/","name":"Karate Canada","description":"Just another WordPress site","potentialAction":[{"@type":"SearchAction","target":{"@type":"EntryPoint","urlTemplate":"https:\/\/karatecanada.org\/fr\/?s={search_term_string}"},"query-input":{"@type":"PropertyValueSpecification","valueRequired":true,"valueName":"search_term_string"}}],"inLanguage":"fr-FR"},{"@type":"Person","@id":"https:\/\/karatecanada.org\/fr\/#\/schema\/person\/eb636e7711258964a6b1475611fe6d97","name":"Chris Bright","image":{"@type":"ImageObject","inLanguage":"fr-FR","@id":"https:\/\/secure.gravatar.com\/avatar\/e898e586115870aacdd4e71a6879dd8c8ac28ee3225c89f3a618d6530816dedb?s=96&d=mm&r=g","url":"https:\/\/secure.gravatar.com\/avatar\/e898e586115870aacdd4e71a6879dd8c8ac28ee3225c89f3a618d6530816dedb?s=96&d=mm&r=g","contentUrl":"https:\/\/secure.gravatar.com\/avatar\/e898e586115870aacdd4e71a6879dd8c8ac28ee3225c89f3a618d6530816dedb?s=96&d=mm&r=g","caption":"Chris Bright"},"url":"https:\/\/karatecanada.org\/fr\/author\/chrisbright\/"}]}},"featured_image_src":"https:\/\/karatecanada.org\/wp-content\/uploads\/2018\/05\/gni-3b.jpg","date_format":"ao\u00fbt 30, 2018","_links":{"self":[{"href":"https:\/\/karatecanada.org\/fr\/wp-json\/wp\/v2\/posts\/7850","targetHints":{"allow":["GET"]}}],"collection":[{"href":"https:\/\/karatecanada.org\/fr\/wp-json\/wp\/v2\/posts"}],"about":[{"href":"https:\/\/karatecanada.org\/fr\/wp-json\/wp\/v2\/types\/post"}],"author":[{"embeddable":true,"href":"https:\/\/karatecanada.org\/fr\/wp-json\/wp\/v2\/users\/22"}],"replies":[{"embeddable":true,"href":"https:\/\/karatecanada.org\/fr\/wp-json\/wp\/v2\/comments?post=7850"}],"version-history":[{"count":0,"href":"https:\/\/karatecanada.org\/fr\/wp-json\/wp\/v2\/posts\/7850\/revisions"}],"wp:attachment":[{"href":"https:\/\/karatecanada.org\/fr\/wp-json\/wp\/v2\/media?parent=7850"}],"wp:term":[{"taxonomy":"category","embeddable":true,"href":"https:\/\/karatecanada.org\/fr\/wp-json\/wp\/v2\/categories?post=7850"},{"taxonomy":"post_tag","embeddable":true,"href":"https:\/\/karatecanada.org\/fr\/wp-json\/wp\/v2\/tags?post=7850"}],"curies":[{"name":"wp","href":"https:\/\/api.w.org\/{rel}","templated":true}]}}