{"id":7905,"date":"2018-09-19T20:31:46","date_gmt":"2018-09-19T20:31:46","guid":{"rendered":"https:\/\/karatecanada.org\/?p=7905"},"modified":"2018-09-19T20:32:16","modified_gmt":"2018-09-19T20:32:16","slug":"bronze-medal-in-karate-in-berlin-for-canada","status":"publish","type":"post","link":"https:\/\/karatecanada.org\/fr\/bronze-medal-in-karate-in-berlin-for-canada\/","title":{"rendered":"M\u00e9daille de bronze en karat\u00e9 pour le Canada \u00e0 Berlin"},"content":{"rendered":"<p>Au cours de la fin de semaine, plusieurs membres du bassin de l&rsquo;\u00e9quipe nationale canadienne de karat\u00e9 \u00e9taient en Allemagne pour la comp\u00e9tition Premi\u00e8re Ligue K-1 Berlin 2018, qui a eu lieu du 14 au 16 septembre 2018. La d\u00e9l\u00e9gation canadienne comprenait 12 athl\u00e8tes accompagn\u00e9s de trois entra\u00eeneurs. Au total, plus de 760 athl\u00e8tes, provenant de 70 pays diff\u00e9rents, ont particip\u00e9 \u00e0 cet \u00e9v\u00e9nement. Cette comp\u00e9tition, qui repr\u00e9sentait une premi\u00e8re \u00e9tape importante dans le processus de qualification en vue des Jeux olympiques de Tokyo 2020, a vu de nombreuses excellentes performances de la part des athl\u00e8tes canadiens, dont une m\u00e9daille de bronze, gagn\u00e9e par Haya Jumaa (-61kg).<\/p>\n<p>Pour voir les r\u00e9sultats complets de l&rsquo;\u00e9v\u00e9nement, cliquez <a href=\"https:\/\/www.sportdata.org\/wkf\/set-online\/popup_main.php?popup_action=results&amp;vernr=181&amp;active_menu=calendar\">ici<\/a>.<\/p>\n<p>Photo: Xavier Servolle, <a href=\"http:\/\/kphotos.net\">kphotos.net<\/a><\/p>\n","protected":false},"excerpt":{"rendered":"<p>Au cours de la fin de semaine, plusieurs membres du bassin de l&rsquo;\u00e9quipe nationale canadienne de karat\u00e9 \u00e9taient en Allemagne pour la comp\u00e9tition Premi\u00e8re Ligue K-1 Berlin 2018, qui a eu lieu du 14 au 16 septembre 2018. La d\u00e9l\u00e9gation canadienne comprenait 12 athl\u00e8tes accompagn\u00e9s de trois entra\u00eeneurs. Au total, plus de 760 athl\u00e8tes, provenant [&hellip;]<\/p>\n","protected":false},"author":7,"featured_media":7904,"comment_status":"open","ping_status":"open","sticky":false,"template":"","format":"standard","meta":{"_acf_changed":false,"footnotes":""},"categories":[212],"tags":[],"class_list":["post-7905","post","type-post","status-publish","format-standard","has-post-thumbnail","hentry","category-equipe-nationale"],"acf":[],"yoast_head":"<!-- This site is optimized with the Yoast SEO plugin v27.3 - https:\/\/yoast.com\/product\/yoast-seo-wordpress\/ -->\n<title>M\u00e9daille de bronze en karat\u00e9 pour le Canada \u00e0 Berlin - Karate Canada<\/title>\n<meta name=\"robots\" content=\"index, follow, max-snippet:-1, max-image-preview:large, max-video-preview:-1\" \/>\n<link rel=\"canonical\" href=\"https:\/\/karatecanada.org\/fr\/bronze-medal-in-karate-in-berlin-for-canada\/\" \/>\n<meta property=\"og:locale\" content=\"fr_FR\" \/>\n<meta property=\"og:type\" content=\"article\" \/>\n<meta property=\"og:title\" content=\"M\u00e9daille de bronze en karat\u00e9 pour le Canada \u00e0 Berlin - Karate Canada\" \/>\n<meta property=\"og:description\" content=\"Au cours de la fin de semaine, plusieurs membres du bassin de l&rsquo;\u00e9quipe nationale canadienne de karat\u00e9 \u00e9taient en Allemagne pour la comp\u00e9tition Premi\u00e8re Ligue K-1 Berlin 2018, qui a eu lieu du 14 au 16 septembre 2018. La d\u00e9l\u00e9gation canadienne comprenait 12 athl\u00e8tes accompagn\u00e9s de trois entra\u00eeneurs. Au total, plus de 760 athl\u00e8tes, provenant [&hellip;]\" \/>\n<meta property=\"og:url\" content=\"https:\/\/karatecanada.org\/fr\/bronze-medal-in-karate-in-berlin-for-canada\/\" \/>\n<meta property=\"og:site_name\" content=\"Karate Canada\" \/>\n<meta property=\"article:published_time\" content=\"2018-09-19T20:31:46+00:00\" \/>\n<meta property=\"article:modified_time\" content=\"2018-09-19T20:32:16+00:00\" \/>\n<meta property=\"og:image\" content=\"https:\/\/karatecanada.org\/wp-content\/uploads\/2018\/09\/K1BerlinB-181.jpg\" \/>\n\t<meta property=\"og:image:width\" content=\"1199\" \/>\n\t<meta property=\"og:image:height\" content=\"799\" \/>\n\t<meta property=\"og:image:type\" content=\"image\/jpeg\" \/>\n<meta name=\"author\" content=\"Andrea Mortenson\" \/>\n<meta name=\"twitter:card\" content=\"summary_large_image\" \/>\n<meta name=\"twitter:label1\" content=\"\u00c9crit par\" \/>\n\t<meta name=\"twitter:data1\" content=\"Andrea Mortenson\" \/>\n\t<meta name=\"twitter:label2\" content=\"Dur\u00e9e de lecture estim\u00e9e\" \/>\n\t<meta name=\"twitter:data2\" content=\"1 minute\" \/>\n<script type=\"application\/ld+json\" class=\"yoast-schema-graph\">{\"@context\":\"https:\\\/\\\/schema.org\",\"@graph\":[{\"@type\":\"Article\",\"@id\":\"https:\\\/\\\/karatecanada.org\\\/fr\\\/bronze-medal-in-karate-in-berlin-for-canada\\\/#article\",\"isPartOf\":{\"@id\":\"https:\\\/\\\/karatecanada.org\\\/fr\\\/bronze-medal-in-karate-in-berlin-for-canada\\\/\"},\"author\":{\"name\":\"Andrea Mortenson\",\"@id\":\"https:\\\/\\\/karatecanada.org\\\/fr\\\/#\\\/schema\\\/person\\\/4bf5431dbf9d58396308966e19cd3509\"},\"headline\":\"M\u00e9daille de bronze en karat\u00e9 pour le Canada \u00e0 Berlin\",\"datePublished\":\"2018-09-19T20:31:46+00:00\",\"dateModified\":\"2018-09-19T20:32:16+00:00\",\"mainEntityOfPage\":{\"@id\":\"https:\\\/\\\/karatecanada.org\\\/fr\\\/bronze-medal-in-karate-in-berlin-for-canada\\\/\"},\"wordCount\":143,\"commentCount\":0,\"image\":{\"@id\":\"https:\\\/\\\/karatecanada.org\\\/fr\\\/bronze-medal-in-karate-in-berlin-for-canada\\\/#primaryimage\"},\"thumbnailUrl\":\"https:\\\/\\\/karatecanada.org\\\/wp-content\\\/uploads\\\/2018\\\/09\\\/K1BerlinB-181.jpg\",\"articleSection\":[\"\u00c9quipe nationale\"],\"inLanguage\":\"fr-FR\",\"potentialAction\":[{\"@type\":\"CommentAction\",\"name\":\"Comment\",\"target\":[\"https:\\\/\\\/karatecanada.org\\\/fr\\\/bronze-medal-in-karate-in-berlin-for-canada\\\/#respond\"]}]},{\"@type\":\"WebPage\",\"@id\":\"https:\\\/\\\/karatecanada.org\\\/fr\\\/bronze-medal-in-karate-in-berlin-for-canada\\\/\",\"url\":\"https:\\\/\\\/karatecanada.org\\\/fr\\\/bronze-medal-in-karate-in-berlin-for-canada\\\/\",\"name\":\"M\u00e9daille de bronze en karat\u00e9 pour le Canada \u00e0 Berlin - Karate Canada\",\"isPartOf\":{\"@id\":\"https:\\\/\\\/karatecanada.org\\\/fr\\\/#website\"},\"primaryImageOfPage\":{\"@id\":\"https:\\\/\\\/karatecanada.org\\\/fr\\\/bronze-medal-in-karate-in-berlin-for-canada\\\/#primaryimage\"},\"image\":{\"@id\":\"https:\\\/\\\/karatecanada.org\\\/fr\\\/bronze-medal-in-karate-in-berlin-for-canada\\\/#primaryimage\"},\"thumbnailUrl\":\"https:\\\/\\\/karatecanada.org\\\/wp-content\\\/uploads\\\/2018\\\/09\\\/K1BerlinB-181.jpg\",\"datePublished\":\"2018-09-19T20:31:46+00:00\",\"dateModified\":\"2018-09-19T20:32:16+00:00\",\"author\":{\"@id\":\"https:\\\/\\\/karatecanada.org\\\/fr\\\/#\\\/schema\\\/person\\\/4bf5431dbf9d58396308966e19cd3509\"},\"breadcrumb\":{\"@id\":\"https:\\\/\\\/karatecanada.org\\\/fr\\\/bronze-medal-in-karate-in-berlin-for-canada\\\/#breadcrumb\"},\"inLanguage\":\"fr-FR\",\"potentialAction\":[{\"@type\":\"ReadAction\",\"target\":[\"https:\\\/\\\/karatecanada.org\\\/fr\\\/bronze-medal-in-karate-in-berlin-for-canada\\\/\"]}]},{\"@type\":\"ImageObject\",\"inLanguage\":\"fr-FR\",\"@id\":\"https:\\\/\\\/karatecanada.org\\\/fr\\\/bronze-medal-in-karate-in-berlin-for-canada\\\/#primaryimage\",\"url\":\"https:\\\/\\\/karatecanada.org\\\/wp-content\\\/uploads\\\/2018\\\/09\\\/K1BerlinB-181.jpg\",\"contentUrl\":\"https:\\\/\\\/karatecanada.org\\\/wp-content\\\/uploads\\\/2018\\\/09\\\/K1BerlinB-181.jpg\",\"width\":1199,\"height\":799,\"caption\":\"JUMAA HAYA (CANADA) vs LOTFY GIANA (EGYPT) in Senior Kumite \u00d0 61 Kg - Bronze bout Photo taken during Karate-1 Premier League Berlin 2018 in (Horst-Korber-Sportzentrum) on 16\\\/09\\\/2018. Event organized by World Karate Federation. \u00a92018 Xavier Servolle \\\/ Kphotos\"},{\"@type\":\"BreadcrumbList\",\"@id\":\"https:\\\/\\\/karatecanada.org\\\/fr\\\/bronze-medal-in-karate-in-berlin-for-canada\\\/#breadcrumb\",\"itemListElement\":[{\"@type\":\"ListItem\",\"position\":1,\"name\":\"Home\",\"item\":\"https:\\\/\\\/karatecanada.org\\\/fr\\\/\"},{\"@type\":\"ListItem\",\"position\":2,\"name\":\"M\u00e9daille de bronze en karat\u00e9 pour le Canada \u00e0 Berlin\"}]},{\"@type\":\"WebSite\",\"@id\":\"https:\\\/\\\/karatecanada.org\\\/fr\\\/#website\",\"url\":\"https:\\\/\\\/karatecanada.org\\\/fr\\\/\",\"name\":\"Karate Canada\",\"description\":\"Just another WordPress site\",\"potentialAction\":[{\"@type\":\"SearchAction\",\"target\":{\"@type\":\"EntryPoint\",\"urlTemplate\":\"https:\\\/\\\/karatecanada.org\\\/fr\\\/?s={search_term_string}\"},\"query-input\":{\"@type\":\"PropertyValueSpecification\",\"valueRequired\":true,\"valueName\":\"search_term_string\"}}],\"inLanguage\":\"fr-FR\"},{\"@type\":\"Person\",\"@id\":\"https:\\\/\\\/karatecanada.org\\\/fr\\\/#\\\/schema\\\/person\\\/4bf5431dbf9d58396308966e19cd3509\",\"name\":\"Andrea Mortenson\",\"image\":{\"@type\":\"ImageObject\",\"inLanguage\":\"fr-FR\",\"@id\":\"https:\\\/\\\/secure.gravatar.com\\\/avatar\\\/c0fbb2ccf4c18c46c3889bd8919e99cf6ddb6bbda8924ffd8391edcb42b3ae47?s=96&d=mm&r=g\",\"url\":\"https:\\\/\\\/secure.gravatar.com\\\/avatar\\\/c0fbb2ccf4c18c46c3889bd8919e99cf6ddb6bbda8924ffd8391edcb42b3ae47?s=96&d=mm&r=g\",\"contentUrl\":\"https:\\\/\\\/secure.gravatar.com\\\/avatar\\\/c0fbb2ccf4c18c46c3889bd8919e99cf6ddb6bbda8924ffd8391edcb42b3ae47?s=96&d=mm&r=g\",\"caption\":\"Andrea Mortenson\"},\"url\":\"https:\\\/\\\/karatecanada.org\\\/fr\\\/author\\\/andi\\\/\"}]}<\/script>\n<!-- \/ Yoast SEO plugin. -->","yoast_head_json":{"title":"M\u00e9daille de bronze en karat\u00e9 pour le Canada \u00e0 Berlin - Karate Canada","robots":{"index":"index","follow":"follow","max-snippet":"max-snippet:-1","max-image-preview":"max-image-preview:large","max-video-preview":"max-video-preview:-1"},"canonical":"https:\/\/karatecanada.org\/fr\/bronze-medal-in-karate-in-berlin-for-canada\/","og_locale":"fr_FR","og_type":"article","og_title":"M\u00e9daille de bronze en karat\u00e9 pour le Canada \u00e0 Berlin - Karate Canada","og_description":"Au cours de la fin de semaine, plusieurs membres du bassin de l&rsquo;\u00e9quipe nationale canadienne de karat\u00e9 \u00e9taient en Allemagne pour la comp\u00e9tition Premi\u00e8re Ligue K-1 Berlin 2018, qui a eu lieu du 14 au 16 septembre 2018. La d\u00e9l\u00e9gation canadienne comprenait 12 athl\u00e8tes accompagn\u00e9s de trois entra\u00eeneurs. Au total, plus de 760 athl\u00e8tes, provenant [&hellip;]","og_url":"https:\/\/karatecanada.org\/fr\/bronze-medal-in-karate-in-berlin-for-canada\/","og_site_name":"Karate Canada","article_published_time":"2018-09-19T20:31:46+00:00","article_modified_time":"2018-09-19T20:32:16+00:00","og_image":[{"width":1199,"height":799,"url":"https:\/\/karatecanada.org\/wp-content\/uploads\/2018\/09\/K1BerlinB-181.jpg","type":"image\/jpeg"}],"author":"Andrea Mortenson","twitter_card":"summary_large_image","twitter_misc":{"\u00c9crit par":"Andrea Mortenson","Dur\u00e9e de lecture estim\u00e9e":"1 minute"},"schema":{"@context":"https:\/\/schema.org","@graph":[{"@type":"Article","@id":"https:\/\/karatecanada.org\/fr\/bronze-medal-in-karate-in-berlin-for-canada\/#article","isPartOf":{"@id":"https:\/\/karatecanada.org\/fr\/bronze-medal-in-karate-in-berlin-for-canada\/"},"author":{"name":"Andrea Mortenson","@id":"https:\/\/karatecanada.org\/fr\/#\/schema\/person\/4bf5431dbf9d58396308966e19cd3509"},"headline":"M\u00e9daille de bronze en karat\u00e9 pour le Canada \u00e0 Berlin","datePublished":"2018-09-19T20:31:46+00:00","dateModified":"2018-09-19T20:32:16+00:00","mainEntityOfPage":{"@id":"https:\/\/karatecanada.org\/fr\/bronze-medal-in-karate-in-berlin-for-canada\/"},"wordCount":143,"commentCount":0,"image":{"@id":"https:\/\/karatecanada.org\/fr\/bronze-medal-in-karate-in-berlin-for-canada\/#primaryimage"},"thumbnailUrl":"https:\/\/karatecanada.org\/wp-content\/uploads\/2018\/09\/K1BerlinB-181.jpg","articleSection":["\u00c9quipe nationale"],"inLanguage":"fr-FR","potentialAction":[{"@type":"CommentAction","name":"Comment","target":["https:\/\/karatecanada.org\/fr\/bronze-medal-in-karate-in-berlin-for-canada\/#respond"]}]},{"@type":"WebPage","@id":"https:\/\/karatecanada.org\/fr\/bronze-medal-in-karate-in-berlin-for-canada\/","url":"https:\/\/karatecanada.org\/fr\/bronze-medal-in-karate-in-berlin-for-canada\/","name":"M\u00e9daille de bronze en karat\u00e9 pour le Canada \u00e0 Berlin - Karate Canada","isPartOf":{"@id":"https:\/\/karatecanada.org\/fr\/#website"},"primaryImageOfPage":{"@id":"https:\/\/karatecanada.org\/fr\/bronze-medal-in-karate-in-berlin-for-canada\/#primaryimage"},"image":{"@id":"https:\/\/karatecanada.org\/fr\/bronze-medal-in-karate-in-berlin-for-canada\/#primaryimage"},"thumbnailUrl":"https:\/\/karatecanada.org\/wp-content\/uploads\/2018\/09\/K1BerlinB-181.jpg","datePublished":"2018-09-19T20:31:46+00:00","dateModified":"2018-09-19T20:32:16+00:00","author":{"@id":"https:\/\/karatecanada.org\/fr\/#\/schema\/person\/4bf5431dbf9d58396308966e19cd3509"},"breadcrumb":{"@id":"https:\/\/karatecanada.org\/fr\/bronze-medal-in-karate-in-berlin-for-canada\/#breadcrumb"},"inLanguage":"fr-FR","potentialAction":[{"@type":"ReadAction","target":["https:\/\/karatecanada.org\/fr\/bronze-medal-in-karate-in-berlin-for-canada\/"]}]},{"@type":"ImageObject","inLanguage":"fr-FR","@id":"https:\/\/karatecanada.org\/fr\/bronze-medal-in-karate-in-berlin-for-canada\/#primaryimage","url":"https:\/\/karatecanada.org\/wp-content\/uploads\/2018\/09\/K1BerlinB-181.jpg","contentUrl":"https:\/\/karatecanada.org\/wp-content\/uploads\/2018\/09\/K1BerlinB-181.jpg","width":1199,"height":799,"caption":"JUMAA HAYA (CANADA) vs LOTFY GIANA (EGYPT) in Senior Kumite \u00d0 61 Kg - Bronze bout Photo taken during Karate-1 Premier League Berlin 2018 in (Horst-Korber-Sportzentrum) on 16\/09\/2018. Event organized by World Karate Federation. \u00a92018 Xavier Servolle \/ Kphotos"},{"@type":"BreadcrumbList","@id":"https:\/\/karatecanada.org\/fr\/bronze-medal-in-karate-in-berlin-for-canada\/#breadcrumb","itemListElement":[{"@type":"ListItem","position":1,"name":"Home","item":"https:\/\/karatecanada.org\/fr\/"},{"@type":"ListItem","position":2,"name":"M\u00e9daille de bronze en karat\u00e9 pour le Canada \u00e0 Berlin"}]},{"@type":"WebSite","@id":"https:\/\/karatecanada.org\/fr\/#website","url":"https:\/\/karatecanada.org\/fr\/","name":"Karate Canada","description":"Just another WordPress site","potentialAction":[{"@type":"SearchAction","target":{"@type":"EntryPoint","urlTemplate":"https:\/\/karatecanada.org\/fr\/?s={search_term_string}"},"query-input":{"@type":"PropertyValueSpecification","valueRequired":true,"valueName":"search_term_string"}}],"inLanguage":"fr-FR"},{"@type":"Person","@id":"https:\/\/karatecanada.org\/fr\/#\/schema\/person\/4bf5431dbf9d58396308966e19cd3509","name":"Andrea Mortenson","image":{"@type":"ImageObject","inLanguage":"fr-FR","@id":"https:\/\/secure.gravatar.com\/avatar\/c0fbb2ccf4c18c46c3889bd8919e99cf6ddb6bbda8924ffd8391edcb42b3ae47?s=96&d=mm&r=g","url":"https:\/\/secure.gravatar.com\/avatar\/c0fbb2ccf4c18c46c3889bd8919e99cf6ddb6bbda8924ffd8391edcb42b3ae47?s=96&d=mm&r=g","contentUrl":"https:\/\/secure.gravatar.com\/avatar\/c0fbb2ccf4c18c46c3889bd8919e99cf6ddb6bbda8924ffd8391edcb42b3ae47?s=96&d=mm&r=g","caption":"Andrea Mortenson"},"url":"https:\/\/karatecanada.org\/fr\/author\/andi\/"}]}},"featured_image_src":"https:\/\/karatecanada.org\/wp-content\/uploads\/2018\/09\/K1BerlinB-181-768x512.jpg","date_format":"septembre 19, 2018","_links":{"self":[{"href":"https:\/\/karatecanada.org\/fr\/wp-json\/wp\/v2\/posts\/7905","targetHints":{"allow":["GET"]}}],"collection":[{"href":"https:\/\/karatecanada.org\/fr\/wp-json\/wp\/v2\/posts"}],"about":[{"href":"https:\/\/karatecanada.org\/fr\/wp-json\/wp\/v2\/types\/post"}],"author":[{"embeddable":true,"href":"https:\/\/karatecanada.org\/fr\/wp-json\/wp\/v2\/users\/7"}],"replies":[{"embeddable":true,"href":"https:\/\/karatecanada.org\/fr\/wp-json\/wp\/v2\/comments?post=7905"}],"version-history":[{"count":0,"href":"https:\/\/karatecanada.org\/fr\/wp-json\/wp\/v2\/posts\/7905\/revisions"}],"wp:featuredmedia":[{"embeddable":true,"href":"https:\/\/karatecanada.org\/fr\/wp-json\/wp\/v2\/media\/7904"}],"wp:attachment":[{"href":"https:\/\/karatecanada.org\/fr\/wp-json\/wp\/v2\/media?parent=7905"}],"wp:term":[{"taxonomy":"category","embeddable":true,"href":"https:\/\/karatecanada.org\/fr\/wp-json\/wp\/v2\/categories?post=7905"},{"taxonomy":"post_tag","embeddable":true,"href":"https:\/\/karatecanada.org\/fr\/wp-json\/wp\/v2\/tags?post=7905"}],"curies":[{"name":"wp","href":"https:\/\/api.w.org\/{rel}","templated":true}]}}