{"id":8096,"date":"2018-11-09T21:21:42","date_gmt":"2018-11-09T21:21:42","guid":{"rendered":"https:\/\/karatecanada.org\/?p=8096"},"modified":"2018-11-09T21:26:33","modified_gmt":"2018-11-09T21:26:33","slug":"resume-du-jour-4-aux-mondiaux-sr","status":"publish","type":"post","link":"https:\/\/karatecanada.org\/fr\/resume-du-jour-4-aux-mondiaux-sr\/","title":{"rendered":"R\u00c9SUM\u00c9 DU JOUR 4 AUX MONDIAUX SR"},"content":{"rendered":"<p>La journ\u00e9e du vendredi \u00e9tait d\u00e9di\u00e9e aux cat\u00e9gories de kumit\u00e9 par \u00e9quipe. L\u2019\u00e9quipe des hommes, n\u2019a pas particip\u00e9 au rep\u00eachage puisque la Lettonie a \u00e9t\u00e9 \u00e9limin\u00e9e lors du deuxi\u00e8me tour. Les Canadiens ne se sont donc pas battus aujourd\u2019hui. L\u2019\u00e9quipe des femmes, Melissa Bratic (ON), Kate Campbell (NB), Melissa Chan (C.-B.) et Haya Jumaa (ON), a remport\u00e9 le deuxi\u00e8me tour 2-0 contre le Danemark, mais a malheureusement perdu contre leur prochain adversaire, l\u2019Autriche.<\/p>\n<p>Karat\u00e9 Canada a encore deux athl\u00e8tes qui concourront pour le bronze et l&rsquo;or dans la division Para (D\u00e9ficience intellectuelle) demain. Ne manquez pas la performance de Natalie Olson (Alb.) et Patricia Wright (Ont.) \u00e0 7h25 (HNE, heure sujette \u00e0 changement). Vous pouvez les regarder en direct sur <a href=\"http:\/\/karateworld.tv\" target=\"_blank\" rel=\"noopener\">karateworld.tv<\/a> ($).<\/p>\n","protected":false},"excerpt":{"rendered":"<p>La journ\u00e9e du vendredi \u00e9tait d\u00e9di\u00e9e aux cat\u00e9gories de kumit\u00e9 par \u00e9quipe. L\u2019\u00e9quipe des hommes, n\u2019a pas particip\u00e9 au rep\u00eachage puisque la Lettonie a \u00e9t\u00e9 \u00e9limin\u00e9e lors du deuxi\u00e8me tour. Les Canadiens ne se sont donc pas battus aujourd\u2019hui. L\u2019\u00e9quipe des femmes, Melissa Bratic (ON), Kate Campbell (NB), Melissa Chan (C.-B.) et Haya Jumaa (ON), [&hellip;]<\/p>\n","protected":false},"author":7,"featured_media":8155,"comment_status":"open","ping_status":"open","sticky":false,"template":"","format":"standard","meta":{"_acf_changed":false,"footnotes":""},"categories":[212,216],"tags":[],"class_list":["post-8096","post","type-post","status-publish","format-standard","has-post-thumbnail","hentry","category-equipe-nationale","category-olympiques"],"acf":[],"yoast_head":"<!-- This site is optimized with the Yoast SEO plugin v27.3 - https:\/\/yoast.com\/product\/yoast-seo-wordpress\/ -->\n<title>R\u00c9SUM\u00c9 DU JOUR 4 AUX MONDIAUX SR - Karate Canada<\/title>\n<meta name=\"robots\" content=\"index, follow, max-snippet:-1, max-image-preview:large, max-video-preview:-1\" \/>\n<link rel=\"canonical\" href=\"https:\/\/karatecanada.org\/fr\/resume-du-jour-4-aux-mondiaux-sr\/\" \/>\n<meta property=\"og:locale\" content=\"fr_FR\" \/>\n<meta property=\"og:type\" content=\"article\" \/>\n<meta property=\"og:title\" content=\"R\u00c9SUM\u00c9 DU JOUR 4 AUX MONDIAUX SR - Karate Canada\" \/>\n<meta property=\"og:description\" content=\"La journ\u00e9e du vendredi \u00e9tait d\u00e9di\u00e9e aux cat\u00e9gories de kumit\u00e9 par \u00e9quipe. L\u2019\u00e9quipe des hommes, n\u2019a pas particip\u00e9 au rep\u00eachage puisque la Lettonie a \u00e9t\u00e9 \u00e9limin\u00e9e lors du deuxi\u00e8me tour. Les Canadiens ne se sont donc pas battus aujourd\u2019hui. L\u2019\u00e9quipe des femmes, Melissa Bratic (ON), Kate Campbell (NB), Melissa Chan (C.-B.) et Haya Jumaa (ON), [&hellip;]\" \/>\n<meta property=\"og:url\" content=\"https:\/\/karatecanada.org\/fr\/resume-du-jour-4-aux-mondiaux-sr\/\" \/>\n<meta property=\"og:site_name\" content=\"Karate Canada\" \/>\n<meta property=\"article:published_time\" content=\"2018-11-09T21:21:42+00:00\" \/>\n<meta property=\"article:modified_time\" content=\"2018-11-09T21:26:33+00:00\" \/>\n<meta property=\"og:image\" content=\"https:\/\/karatecanada.org\/wp-content\/uploads\/2018\/11\/2018-karate-world-championships-officially-inaugurated-502-1.jpg\" \/>\n\t<meta property=\"og:image:width\" content=\"1728\" \/>\n\t<meta property=\"og:image:height\" content=\"791\" \/>\n\t<meta property=\"og:image:type\" content=\"image\/jpeg\" \/>\n<meta name=\"author\" content=\"Andrea Mortenson\" \/>\n<meta name=\"twitter:card\" content=\"summary_large_image\" \/>\n<meta name=\"twitter:label1\" content=\"\u00c9crit par\" \/>\n\t<meta name=\"twitter:data1\" content=\"Andrea Mortenson\" \/>\n\t<meta name=\"twitter:label2\" content=\"Dur\u00e9e de lecture estim\u00e9e\" \/>\n\t<meta name=\"twitter:data2\" content=\"1 minute\" \/>\n<script type=\"application\/ld+json\" class=\"yoast-schema-graph\">{\"@context\":\"https:\\\/\\\/schema.org\",\"@graph\":[{\"@type\":\"Article\",\"@id\":\"https:\\\/\\\/karatecanada.org\\\/fr\\\/resume-du-jour-4-aux-mondiaux-sr\\\/#article\",\"isPartOf\":{\"@id\":\"https:\\\/\\\/karatecanada.org\\\/fr\\\/resume-du-jour-4-aux-mondiaux-sr\\\/\"},\"author\":{\"name\":\"Andrea Mortenson\",\"@id\":\"https:\\\/\\\/karatecanada.org\\\/fr\\\/#\\\/schema\\\/person\\\/4bf5431dbf9d58396308966e19cd3509\"},\"headline\":\"R\u00c9SUM\u00c9 DU JOUR 4 AUX MONDIAUX SR\",\"datePublished\":\"2018-11-09T21:21:42+00:00\",\"dateModified\":\"2018-11-09T21:26:33+00:00\",\"mainEntityOfPage\":{\"@id\":\"https:\\\/\\\/karatecanada.org\\\/fr\\\/resume-du-jour-4-aux-mondiaux-sr\\\/\"},\"wordCount\":144,\"commentCount\":0,\"image\":{\"@id\":\"https:\\\/\\\/karatecanada.org\\\/fr\\\/resume-du-jour-4-aux-mondiaux-sr\\\/#primaryimage\"},\"thumbnailUrl\":\"https:\\\/\\\/karatecanada.org\\\/wp-content\\\/uploads\\\/2018\\\/11\\\/2018-karate-world-championships-officially-inaugurated-502-1.jpg\",\"articleSection\":[\"\u00c9quipe nationale\",\"Olympiques\"],\"inLanguage\":\"fr-FR\",\"potentialAction\":[{\"@type\":\"CommentAction\",\"name\":\"Comment\",\"target\":[\"https:\\\/\\\/karatecanada.org\\\/fr\\\/resume-du-jour-4-aux-mondiaux-sr\\\/#respond\"]}]},{\"@type\":\"WebPage\",\"@id\":\"https:\\\/\\\/karatecanada.org\\\/fr\\\/resume-du-jour-4-aux-mondiaux-sr\\\/\",\"url\":\"https:\\\/\\\/karatecanada.org\\\/fr\\\/resume-du-jour-4-aux-mondiaux-sr\\\/\",\"name\":\"R\u00c9SUM\u00c9 DU JOUR 4 AUX MONDIAUX SR - Karate Canada\",\"isPartOf\":{\"@id\":\"https:\\\/\\\/karatecanada.org\\\/fr\\\/#website\"},\"primaryImageOfPage\":{\"@id\":\"https:\\\/\\\/karatecanada.org\\\/fr\\\/resume-du-jour-4-aux-mondiaux-sr\\\/#primaryimage\"},\"image\":{\"@id\":\"https:\\\/\\\/karatecanada.org\\\/fr\\\/resume-du-jour-4-aux-mondiaux-sr\\\/#primaryimage\"},\"thumbnailUrl\":\"https:\\\/\\\/karatecanada.org\\\/wp-content\\\/uploads\\\/2018\\\/11\\\/2018-karate-world-championships-officially-inaugurated-502-1.jpg\",\"datePublished\":\"2018-11-09T21:21:42+00:00\",\"dateModified\":\"2018-11-09T21:26:33+00:00\",\"author\":{\"@id\":\"https:\\\/\\\/karatecanada.org\\\/fr\\\/#\\\/schema\\\/person\\\/4bf5431dbf9d58396308966e19cd3509\"},\"breadcrumb\":{\"@id\":\"https:\\\/\\\/karatecanada.org\\\/fr\\\/resume-du-jour-4-aux-mondiaux-sr\\\/#breadcrumb\"},\"inLanguage\":\"fr-FR\",\"potentialAction\":[{\"@type\":\"ReadAction\",\"target\":[\"https:\\\/\\\/karatecanada.org\\\/fr\\\/resume-du-jour-4-aux-mondiaux-sr\\\/\"]}]},{\"@type\":\"ImageObject\",\"inLanguage\":\"fr-FR\",\"@id\":\"https:\\\/\\\/karatecanada.org\\\/fr\\\/resume-du-jour-4-aux-mondiaux-sr\\\/#primaryimage\",\"url\":\"https:\\\/\\\/karatecanada.org\\\/wp-content\\\/uploads\\\/2018\\\/11\\\/2018-karate-world-championships-officially-inaugurated-502-1.jpg\",\"contentUrl\":\"https:\\\/\\\/karatecanada.org\\\/wp-content\\\/uploads\\\/2018\\\/11\\\/2018-karate-world-championships-officially-inaugurated-502-1.jpg\",\"width\":1728,\"height\":791},{\"@type\":\"BreadcrumbList\",\"@id\":\"https:\\\/\\\/karatecanada.org\\\/fr\\\/resume-du-jour-4-aux-mondiaux-sr\\\/#breadcrumb\",\"itemListElement\":[{\"@type\":\"ListItem\",\"position\":1,\"name\":\"Home\",\"item\":\"https:\\\/\\\/karatecanada.org\\\/fr\\\/\"},{\"@type\":\"ListItem\",\"position\":2,\"name\":\"R\u00c9SUM\u00c9 DU JOUR 4 AUX MONDIAUX SR\"}]},{\"@type\":\"WebSite\",\"@id\":\"https:\\\/\\\/karatecanada.org\\\/fr\\\/#website\",\"url\":\"https:\\\/\\\/karatecanada.org\\\/fr\\\/\",\"name\":\"Karate Canada\",\"description\":\"Just another WordPress site\",\"potentialAction\":[{\"@type\":\"SearchAction\",\"target\":{\"@type\":\"EntryPoint\",\"urlTemplate\":\"https:\\\/\\\/karatecanada.org\\\/fr\\\/?s={search_term_string}\"},\"query-input\":{\"@type\":\"PropertyValueSpecification\",\"valueRequired\":true,\"valueName\":\"search_term_string\"}}],\"inLanguage\":\"fr-FR\"},{\"@type\":\"Person\",\"@id\":\"https:\\\/\\\/karatecanada.org\\\/fr\\\/#\\\/schema\\\/person\\\/4bf5431dbf9d58396308966e19cd3509\",\"name\":\"Andrea Mortenson\",\"image\":{\"@type\":\"ImageObject\",\"inLanguage\":\"fr-FR\",\"@id\":\"https:\\\/\\\/secure.gravatar.com\\\/avatar\\\/c0fbb2ccf4c18c46c3889bd8919e99cf6ddb6bbda8924ffd8391edcb42b3ae47?s=96&d=mm&r=g\",\"url\":\"https:\\\/\\\/secure.gravatar.com\\\/avatar\\\/c0fbb2ccf4c18c46c3889bd8919e99cf6ddb6bbda8924ffd8391edcb42b3ae47?s=96&d=mm&r=g\",\"contentUrl\":\"https:\\\/\\\/secure.gravatar.com\\\/avatar\\\/c0fbb2ccf4c18c46c3889bd8919e99cf6ddb6bbda8924ffd8391edcb42b3ae47?s=96&d=mm&r=g\",\"caption\":\"Andrea Mortenson\"},\"url\":\"https:\\\/\\\/karatecanada.org\\\/fr\\\/author\\\/andi\\\/\"}]}<\/script>\n<!-- \/ Yoast SEO plugin. -->","yoast_head_json":{"title":"R\u00c9SUM\u00c9 DU JOUR 4 AUX MONDIAUX SR - Karate Canada","robots":{"index":"index","follow":"follow","max-snippet":"max-snippet:-1","max-image-preview":"max-image-preview:large","max-video-preview":"max-video-preview:-1"},"canonical":"https:\/\/karatecanada.org\/fr\/resume-du-jour-4-aux-mondiaux-sr\/","og_locale":"fr_FR","og_type":"article","og_title":"R\u00c9SUM\u00c9 DU JOUR 4 AUX MONDIAUX SR - Karate Canada","og_description":"La journ\u00e9e du vendredi \u00e9tait d\u00e9di\u00e9e aux cat\u00e9gories de kumit\u00e9 par \u00e9quipe. L\u2019\u00e9quipe des hommes, n\u2019a pas particip\u00e9 au rep\u00eachage puisque la Lettonie a \u00e9t\u00e9 \u00e9limin\u00e9e lors du deuxi\u00e8me tour. Les Canadiens ne se sont donc pas battus aujourd\u2019hui. L\u2019\u00e9quipe des femmes, Melissa Bratic (ON), Kate Campbell (NB), Melissa Chan (C.-B.) et Haya Jumaa (ON), [&hellip;]","og_url":"https:\/\/karatecanada.org\/fr\/resume-du-jour-4-aux-mondiaux-sr\/","og_site_name":"Karate Canada","article_published_time":"2018-11-09T21:21:42+00:00","article_modified_time":"2018-11-09T21:26:33+00:00","og_image":[{"width":1728,"height":791,"url":"https:\/\/karatecanada.org\/wp-content\/uploads\/2018\/11\/2018-karate-world-championships-officially-inaugurated-502-1.jpg","type":"image\/jpeg"}],"author":"Andrea Mortenson","twitter_card":"summary_large_image","twitter_misc":{"\u00c9crit par":"Andrea Mortenson","Dur\u00e9e de lecture estim\u00e9e":"1 minute"},"schema":{"@context":"https:\/\/schema.org","@graph":[{"@type":"Article","@id":"https:\/\/karatecanada.org\/fr\/resume-du-jour-4-aux-mondiaux-sr\/#article","isPartOf":{"@id":"https:\/\/karatecanada.org\/fr\/resume-du-jour-4-aux-mondiaux-sr\/"},"author":{"name":"Andrea Mortenson","@id":"https:\/\/karatecanada.org\/fr\/#\/schema\/person\/4bf5431dbf9d58396308966e19cd3509"},"headline":"R\u00c9SUM\u00c9 DU JOUR 4 AUX MONDIAUX SR","datePublished":"2018-11-09T21:21:42+00:00","dateModified":"2018-11-09T21:26:33+00:00","mainEntityOfPage":{"@id":"https:\/\/karatecanada.org\/fr\/resume-du-jour-4-aux-mondiaux-sr\/"},"wordCount":144,"commentCount":0,"image":{"@id":"https:\/\/karatecanada.org\/fr\/resume-du-jour-4-aux-mondiaux-sr\/#primaryimage"},"thumbnailUrl":"https:\/\/karatecanada.org\/wp-content\/uploads\/2018\/11\/2018-karate-world-championships-officially-inaugurated-502-1.jpg","articleSection":["\u00c9quipe nationale","Olympiques"],"inLanguage":"fr-FR","potentialAction":[{"@type":"CommentAction","name":"Comment","target":["https:\/\/karatecanada.org\/fr\/resume-du-jour-4-aux-mondiaux-sr\/#respond"]}]},{"@type":"WebPage","@id":"https:\/\/karatecanada.org\/fr\/resume-du-jour-4-aux-mondiaux-sr\/","url":"https:\/\/karatecanada.org\/fr\/resume-du-jour-4-aux-mondiaux-sr\/","name":"R\u00c9SUM\u00c9 DU JOUR 4 AUX MONDIAUX SR - Karate Canada","isPartOf":{"@id":"https:\/\/karatecanada.org\/fr\/#website"},"primaryImageOfPage":{"@id":"https:\/\/karatecanada.org\/fr\/resume-du-jour-4-aux-mondiaux-sr\/#primaryimage"},"image":{"@id":"https:\/\/karatecanada.org\/fr\/resume-du-jour-4-aux-mondiaux-sr\/#primaryimage"},"thumbnailUrl":"https:\/\/karatecanada.org\/wp-content\/uploads\/2018\/11\/2018-karate-world-championships-officially-inaugurated-502-1.jpg","datePublished":"2018-11-09T21:21:42+00:00","dateModified":"2018-11-09T21:26:33+00:00","author":{"@id":"https:\/\/karatecanada.org\/fr\/#\/schema\/person\/4bf5431dbf9d58396308966e19cd3509"},"breadcrumb":{"@id":"https:\/\/karatecanada.org\/fr\/resume-du-jour-4-aux-mondiaux-sr\/#breadcrumb"},"inLanguage":"fr-FR","potentialAction":[{"@type":"ReadAction","target":["https:\/\/karatecanada.org\/fr\/resume-du-jour-4-aux-mondiaux-sr\/"]}]},{"@type":"ImageObject","inLanguage":"fr-FR","@id":"https:\/\/karatecanada.org\/fr\/resume-du-jour-4-aux-mondiaux-sr\/#primaryimage","url":"https:\/\/karatecanada.org\/wp-content\/uploads\/2018\/11\/2018-karate-world-championships-officially-inaugurated-502-1.jpg","contentUrl":"https:\/\/karatecanada.org\/wp-content\/uploads\/2018\/11\/2018-karate-world-championships-officially-inaugurated-502-1.jpg","width":1728,"height":791},{"@type":"BreadcrumbList","@id":"https:\/\/karatecanada.org\/fr\/resume-du-jour-4-aux-mondiaux-sr\/#breadcrumb","itemListElement":[{"@type":"ListItem","position":1,"name":"Home","item":"https:\/\/karatecanada.org\/fr\/"},{"@type":"ListItem","position":2,"name":"R\u00c9SUM\u00c9 DU JOUR 4 AUX MONDIAUX SR"}]},{"@type":"WebSite","@id":"https:\/\/karatecanada.org\/fr\/#website","url":"https:\/\/karatecanada.org\/fr\/","name":"Karate Canada","description":"Just another WordPress site","potentialAction":[{"@type":"SearchAction","target":{"@type":"EntryPoint","urlTemplate":"https:\/\/karatecanada.org\/fr\/?s={search_term_string}"},"query-input":{"@type":"PropertyValueSpecification","valueRequired":true,"valueName":"search_term_string"}}],"inLanguage":"fr-FR"},{"@type":"Person","@id":"https:\/\/karatecanada.org\/fr\/#\/schema\/person\/4bf5431dbf9d58396308966e19cd3509","name":"Andrea Mortenson","image":{"@type":"ImageObject","inLanguage":"fr-FR","@id":"https:\/\/secure.gravatar.com\/avatar\/c0fbb2ccf4c18c46c3889bd8919e99cf6ddb6bbda8924ffd8391edcb42b3ae47?s=96&d=mm&r=g","url":"https:\/\/secure.gravatar.com\/avatar\/c0fbb2ccf4c18c46c3889bd8919e99cf6ddb6bbda8924ffd8391edcb42b3ae47?s=96&d=mm&r=g","contentUrl":"https:\/\/secure.gravatar.com\/avatar\/c0fbb2ccf4c18c46c3889bd8919e99cf6ddb6bbda8924ffd8391edcb42b3ae47?s=96&d=mm&r=g","caption":"Andrea Mortenson"},"url":"https:\/\/karatecanada.org\/fr\/author\/andi\/"}]}},"featured_image_src":"https:\/\/karatecanada.org\/wp-content\/uploads\/2018\/11\/2018-karate-world-championships-officially-inaugurated-502-1-768x352.jpg","date_format":"novembre 09, 2018","_links":{"self":[{"href":"https:\/\/karatecanada.org\/fr\/wp-json\/wp\/v2\/posts\/8096","targetHints":{"allow":["GET"]}}],"collection":[{"href":"https:\/\/karatecanada.org\/fr\/wp-json\/wp\/v2\/posts"}],"about":[{"href":"https:\/\/karatecanada.org\/fr\/wp-json\/wp\/v2\/types\/post"}],"author":[{"embeddable":true,"href":"https:\/\/karatecanada.org\/fr\/wp-json\/wp\/v2\/users\/7"}],"replies":[{"embeddable":true,"href":"https:\/\/karatecanada.org\/fr\/wp-json\/wp\/v2\/comments?post=8096"}],"version-history":[{"count":0,"href":"https:\/\/karatecanada.org\/fr\/wp-json\/wp\/v2\/posts\/8096\/revisions"}],"wp:featuredmedia":[{"embeddable":true,"href":"https:\/\/karatecanada.org\/fr\/wp-json\/wp\/v2\/media\/8155"}],"wp:attachment":[{"href":"https:\/\/karatecanada.org\/fr\/wp-json\/wp\/v2\/media?parent=8096"}],"wp:term":[{"taxonomy":"category","embeddable":true,"href":"https:\/\/karatecanada.org\/fr\/wp-json\/wp\/v2\/categories?post=8096"},{"taxonomy":"post_tag","embeddable":true,"href":"https:\/\/karatecanada.org\/fr\/wp-json\/wp\/v2\/tags?post=8096"}],"curies":[{"name":"wp","href":"https:\/\/api.w.org\/{rel}","templated":true}]}}