{"id":8299,"date":"2019-01-25T22:51:10","date_gmt":"2019-01-25T22:51:10","guid":{"rendered":"https:\/\/karatecanada.org\/?p=8299"},"modified":"2019-01-25T22:06:05","modified_gmt":"2019-01-25T22:06:05","slug":"bassin-de-lequipe-nationale-senior-2019-20-annonce","status":"publish","type":"post","link":"https:\/\/karatecanada.org\/fr\/bassin-de-lequipe-nationale-senior-2019-20-annonce\/","title":{"rendered":"Bassin de l&rsquo;\u00e9quipe nationale senior 2019-20 annonc\u00e9"},"content":{"rendered":"<p>Karate Canada est tr\u00e8s fi\u00e8re de publier la liste mise \u00e0 jour du bassin de l&rsquo;\u00e9quipe nationale senior pour la saison comp\u00e9titive 2019-2020: veuillez cliquer\u00a0<a href=\"https:\/\/karatecanada.org\/wp-content\/uploads\/2019\/01\/KC_Sr_Roster_2019Jan20.pdf\">ici<\/a> pour la consulter.<\/p>\n<p>Veuillez SVP noter que cette liste se base sur les Classements de l&rsquo;\u00e9quipe nationale senior \u00e0 partir du 20 janvier 2019; cliquer\u00a0<a href=\"https:\/\/karatecanada.org\/wp-content\/uploads\/2019\/01\/Sr_Ranking_PTS_24Jan2019_Pub.xlsx\">ici<\/a>\u00a0pour consulter les points de classement.<\/p>\n","protected":false},"excerpt":{"rendered":"<p>Karate Canada est tr\u00e8s fi\u00e8re de publier la liste mise \u00e0 jour du bassin de l&rsquo;\u00e9quipe nationale senior pour la saison comp\u00e9titive 2019-2020: veuillez cliquer\u00a0ici pour la consulter. Veuillez SVP noter que cette liste se base sur les Classements de l&rsquo;\u00e9quipe nationale senior \u00e0 partir du 20 janvier 2019; cliquer\u00a0ici\u00a0pour consulter les points de classement.<\/p>\n","protected":false},"author":7,"featured_media":0,"comment_status":"open","ping_status":"open","sticky":false,"template":"","format":"standard","meta":{"_acf_changed":false,"footnotes":""},"categories":[],"tags":[],"class_list":["post-8299","post","type-post","status-publish","format-standard","hentry"],"acf":[],"yoast_head":"<!-- This site is optimized with the Yoast SEO plugin v27.3 - https:\/\/yoast.com\/product\/yoast-seo-wordpress\/ -->\n<title>Bassin de l&#039;\u00e9quipe nationale senior 2019-20 annonc\u00e9 - Karate Canada<\/title>\n<meta name=\"robots\" content=\"index, follow, max-snippet:-1, max-image-preview:large, max-video-preview:-1\" \/>\n<link rel=\"canonical\" href=\"https:\/\/karatecanada.org\/fr\/bassin-de-lequipe-nationale-senior-2019-20-annonce\/\" \/>\n<meta property=\"og:locale\" content=\"fr_FR\" \/>\n<meta property=\"og:type\" content=\"article\" \/>\n<meta property=\"og:title\" content=\"Bassin de l&#039;\u00e9quipe nationale senior 2019-20 annonc\u00e9 - Karate Canada\" \/>\n<meta property=\"og:description\" content=\"Karate Canada est tr\u00e8s fi\u00e8re de publier la liste mise \u00e0 jour du bassin de l&rsquo;\u00e9quipe nationale senior pour la saison comp\u00e9titive 2019-2020: veuillez cliquer\u00a0ici pour la consulter. Veuillez SVP noter que cette liste se base sur les Classements de l&rsquo;\u00e9quipe nationale senior \u00e0 partir du 20 janvier 2019; cliquer\u00a0ici\u00a0pour consulter les points de classement.\" \/>\n<meta property=\"og:url\" content=\"https:\/\/karatecanada.org\/fr\/bassin-de-lequipe-nationale-senior-2019-20-annonce\/\" \/>\n<meta property=\"og:site_name\" content=\"Karate Canada\" \/>\n<meta property=\"article:published_time\" content=\"2019-01-25T22:51:10+00:00\" \/>\n<meta name=\"author\" content=\"Andrea Mortenson\" \/>\n<meta name=\"twitter:card\" content=\"summary_large_image\" \/>\n<meta name=\"twitter:label1\" content=\"\u00c9crit par\" \/>\n\t<meta name=\"twitter:data1\" content=\"Andrea Mortenson\" \/>\n<script type=\"application\/ld+json\" class=\"yoast-schema-graph\">{\"@context\":\"https:\\\/\\\/schema.org\",\"@graph\":[{\"@type\":\"Article\",\"@id\":\"https:\\\/\\\/karatecanada.org\\\/fr\\\/bassin-de-lequipe-nationale-senior-2019-20-annonce\\\/#article\",\"isPartOf\":{\"@id\":\"https:\\\/\\\/karatecanada.org\\\/fr\\\/bassin-de-lequipe-nationale-senior-2019-20-annonce\\\/\"},\"author\":{\"name\":\"Andrea Mortenson\",\"@id\":\"https:\\\/\\\/karatecanada.org\\\/fr\\\/#\\\/schema\\\/person\\\/4bf5431dbf9d58396308966e19cd3509\"},\"headline\":\"Bassin de l&rsquo;\u00e9quipe nationale senior 2019-20 annonc\u00e9\",\"datePublished\":\"2019-01-25T22:51:10+00:00\",\"mainEntityOfPage\":{\"@id\":\"https:\\\/\\\/karatecanada.org\\\/fr\\\/bassin-de-lequipe-nationale-senior-2019-20-annonce\\\/\"},\"wordCount\":67,\"commentCount\":0,\"inLanguage\":\"fr-FR\",\"potentialAction\":[{\"@type\":\"CommentAction\",\"name\":\"Comment\",\"target\":[\"https:\\\/\\\/karatecanada.org\\\/fr\\\/bassin-de-lequipe-nationale-senior-2019-20-annonce\\\/#respond\"]}]},{\"@type\":\"WebPage\",\"@id\":\"https:\\\/\\\/karatecanada.org\\\/fr\\\/bassin-de-lequipe-nationale-senior-2019-20-annonce\\\/\",\"url\":\"https:\\\/\\\/karatecanada.org\\\/fr\\\/bassin-de-lequipe-nationale-senior-2019-20-annonce\\\/\",\"name\":\"Bassin de l'\u00e9quipe nationale senior 2019-20 annonc\u00e9 - Karate Canada\",\"isPartOf\":{\"@id\":\"https:\\\/\\\/karatecanada.org\\\/fr\\\/#website\"},\"datePublished\":\"2019-01-25T22:51:10+00:00\",\"author\":{\"@id\":\"https:\\\/\\\/karatecanada.org\\\/fr\\\/#\\\/schema\\\/person\\\/4bf5431dbf9d58396308966e19cd3509\"},\"breadcrumb\":{\"@id\":\"https:\\\/\\\/karatecanada.org\\\/fr\\\/bassin-de-lequipe-nationale-senior-2019-20-annonce\\\/#breadcrumb\"},\"inLanguage\":\"fr-FR\",\"potentialAction\":[{\"@type\":\"ReadAction\",\"target\":[\"https:\\\/\\\/karatecanada.org\\\/fr\\\/bassin-de-lequipe-nationale-senior-2019-20-annonce\\\/\"]}]},{\"@type\":\"BreadcrumbList\",\"@id\":\"https:\\\/\\\/karatecanada.org\\\/fr\\\/bassin-de-lequipe-nationale-senior-2019-20-annonce\\\/#breadcrumb\",\"itemListElement\":[{\"@type\":\"ListItem\",\"position\":1,\"name\":\"Home\",\"item\":\"https:\\\/\\\/karatecanada.org\\\/fr\\\/\"},{\"@type\":\"ListItem\",\"position\":2,\"name\":\"Bassin de l&rsquo;\u00e9quipe nationale senior 2019-20 annonc\u00e9\"}]},{\"@type\":\"WebSite\",\"@id\":\"https:\\\/\\\/karatecanada.org\\\/fr\\\/#website\",\"url\":\"https:\\\/\\\/karatecanada.org\\\/fr\\\/\",\"name\":\"Karate Canada\",\"description\":\"Just another WordPress site\",\"potentialAction\":[{\"@type\":\"SearchAction\",\"target\":{\"@type\":\"EntryPoint\",\"urlTemplate\":\"https:\\\/\\\/karatecanada.org\\\/fr\\\/?s={search_term_string}\"},\"query-input\":{\"@type\":\"PropertyValueSpecification\",\"valueRequired\":true,\"valueName\":\"search_term_string\"}}],\"inLanguage\":\"fr-FR\"},{\"@type\":\"Person\",\"@id\":\"https:\\\/\\\/karatecanada.org\\\/fr\\\/#\\\/schema\\\/person\\\/4bf5431dbf9d58396308966e19cd3509\",\"name\":\"Andrea Mortenson\",\"image\":{\"@type\":\"ImageObject\",\"inLanguage\":\"fr-FR\",\"@id\":\"https:\\\/\\\/secure.gravatar.com\\\/avatar\\\/c0fbb2ccf4c18c46c3889bd8919e99cf6ddb6bbda8924ffd8391edcb42b3ae47?s=96&d=mm&r=g\",\"url\":\"https:\\\/\\\/secure.gravatar.com\\\/avatar\\\/c0fbb2ccf4c18c46c3889bd8919e99cf6ddb6bbda8924ffd8391edcb42b3ae47?s=96&d=mm&r=g\",\"contentUrl\":\"https:\\\/\\\/secure.gravatar.com\\\/avatar\\\/c0fbb2ccf4c18c46c3889bd8919e99cf6ddb6bbda8924ffd8391edcb42b3ae47?s=96&d=mm&r=g\",\"caption\":\"Andrea Mortenson\"},\"url\":\"https:\\\/\\\/karatecanada.org\\\/fr\\\/author\\\/andi\\\/\"}]}<\/script>\n<!-- \/ Yoast SEO plugin. -->","yoast_head_json":{"title":"Bassin de l'\u00e9quipe nationale senior 2019-20 annonc\u00e9 - Karate Canada","robots":{"index":"index","follow":"follow","max-snippet":"max-snippet:-1","max-image-preview":"max-image-preview:large","max-video-preview":"max-video-preview:-1"},"canonical":"https:\/\/karatecanada.org\/fr\/bassin-de-lequipe-nationale-senior-2019-20-annonce\/","og_locale":"fr_FR","og_type":"article","og_title":"Bassin de l'\u00e9quipe nationale senior 2019-20 annonc\u00e9 - Karate Canada","og_description":"Karate Canada est tr\u00e8s fi\u00e8re de publier la liste mise \u00e0 jour du bassin de l&rsquo;\u00e9quipe nationale senior pour la saison comp\u00e9titive 2019-2020: veuillez cliquer\u00a0ici pour la consulter. Veuillez SVP noter que cette liste se base sur les Classements de l&rsquo;\u00e9quipe nationale senior \u00e0 partir du 20 janvier 2019; cliquer\u00a0ici\u00a0pour consulter les points de classement.","og_url":"https:\/\/karatecanada.org\/fr\/bassin-de-lequipe-nationale-senior-2019-20-annonce\/","og_site_name":"Karate Canada","article_published_time":"2019-01-25T22:51:10+00:00","author":"Andrea Mortenson","twitter_card":"summary_large_image","twitter_misc":{"\u00c9crit par":"Andrea Mortenson"},"schema":{"@context":"https:\/\/schema.org","@graph":[{"@type":"Article","@id":"https:\/\/karatecanada.org\/fr\/bassin-de-lequipe-nationale-senior-2019-20-annonce\/#article","isPartOf":{"@id":"https:\/\/karatecanada.org\/fr\/bassin-de-lequipe-nationale-senior-2019-20-annonce\/"},"author":{"name":"Andrea Mortenson","@id":"https:\/\/karatecanada.org\/fr\/#\/schema\/person\/4bf5431dbf9d58396308966e19cd3509"},"headline":"Bassin de l&rsquo;\u00e9quipe nationale senior 2019-20 annonc\u00e9","datePublished":"2019-01-25T22:51:10+00:00","mainEntityOfPage":{"@id":"https:\/\/karatecanada.org\/fr\/bassin-de-lequipe-nationale-senior-2019-20-annonce\/"},"wordCount":67,"commentCount":0,"inLanguage":"fr-FR","potentialAction":[{"@type":"CommentAction","name":"Comment","target":["https:\/\/karatecanada.org\/fr\/bassin-de-lequipe-nationale-senior-2019-20-annonce\/#respond"]}]},{"@type":"WebPage","@id":"https:\/\/karatecanada.org\/fr\/bassin-de-lequipe-nationale-senior-2019-20-annonce\/","url":"https:\/\/karatecanada.org\/fr\/bassin-de-lequipe-nationale-senior-2019-20-annonce\/","name":"Bassin de l'\u00e9quipe nationale senior 2019-20 annonc\u00e9 - Karate Canada","isPartOf":{"@id":"https:\/\/karatecanada.org\/fr\/#website"},"datePublished":"2019-01-25T22:51:10+00:00","author":{"@id":"https:\/\/karatecanada.org\/fr\/#\/schema\/person\/4bf5431dbf9d58396308966e19cd3509"},"breadcrumb":{"@id":"https:\/\/karatecanada.org\/fr\/bassin-de-lequipe-nationale-senior-2019-20-annonce\/#breadcrumb"},"inLanguage":"fr-FR","potentialAction":[{"@type":"ReadAction","target":["https:\/\/karatecanada.org\/fr\/bassin-de-lequipe-nationale-senior-2019-20-annonce\/"]}]},{"@type":"BreadcrumbList","@id":"https:\/\/karatecanada.org\/fr\/bassin-de-lequipe-nationale-senior-2019-20-annonce\/#breadcrumb","itemListElement":[{"@type":"ListItem","position":1,"name":"Home","item":"https:\/\/karatecanada.org\/fr\/"},{"@type":"ListItem","position":2,"name":"Bassin de l&rsquo;\u00e9quipe nationale senior 2019-20 annonc\u00e9"}]},{"@type":"WebSite","@id":"https:\/\/karatecanada.org\/fr\/#website","url":"https:\/\/karatecanada.org\/fr\/","name":"Karate Canada","description":"Just another WordPress site","potentialAction":[{"@type":"SearchAction","target":{"@type":"EntryPoint","urlTemplate":"https:\/\/karatecanada.org\/fr\/?s={search_term_string}"},"query-input":{"@type":"PropertyValueSpecification","valueRequired":true,"valueName":"search_term_string"}}],"inLanguage":"fr-FR"},{"@type":"Person","@id":"https:\/\/karatecanada.org\/fr\/#\/schema\/person\/4bf5431dbf9d58396308966e19cd3509","name":"Andrea Mortenson","image":{"@type":"ImageObject","inLanguage":"fr-FR","@id":"https:\/\/secure.gravatar.com\/avatar\/c0fbb2ccf4c18c46c3889bd8919e99cf6ddb6bbda8924ffd8391edcb42b3ae47?s=96&d=mm&r=g","url":"https:\/\/secure.gravatar.com\/avatar\/c0fbb2ccf4c18c46c3889bd8919e99cf6ddb6bbda8924ffd8391edcb42b3ae47?s=96&d=mm&r=g","contentUrl":"https:\/\/secure.gravatar.com\/avatar\/c0fbb2ccf4c18c46c3889bd8919e99cf6ddb6bbda8924ffd8391edcb42b3ae47?s=96&d=mm&r=g","caption":"Andrea Mortenson"},"url":"https:\/\/karatecanada.org\/fr\/author\/andi\/"}]}},"featured_image_src":"https:\/\/karatecanada.org\/wp-content\/uploads\/2018\/05\/gni-3b.jpg","date_format":"janvier 25, 2019","_links":{"self":[{"href":"https:\/\/karatecanada.org\/fr\/wp-json\/wp\/v2\/posts\/8299","targetHints":{"allow":["GET"]}}],"collection":[{"href":"https:\/\/karatecanada.org\/fr\/wp-json\/wp\/v2\/posts"}],"about":[{"href":"https:\/\/karatecanada.org\/fr\/wp-json\/wp\/v2\/types\/post"}],"author":[{"embeddable":true,"href":"https:\/\/karatecanada.org\/fr\/wp-json\/wp\/v2\/users\/7"}],"replies":[{"embeddable":true,"href":"https:\/\/karatecanada.org\/fr\/wp-json\/wp\/v2\/comments?post=8299"}],"version-history":[{"count":0,"href":"https:\/\/karatecanada.org\/fr\/wp-json\/wp\/v2\/posts\/8299\/revisions"}],"wp:attachment":[{"href":"https:\/\/karatecanada.org\/fr\/wp-json\/wp\/v2\/media?parent=8299"}],"wp:term":[{"taxonomy":"category","embeddable":true,"href":"https:\/\/karatecanada.org\/fr\/wp-json\/wp\/v2\/categories?post=8299"},{"taxonomy":"post_tag","embeddable":true,"href":"https:\/\/karatecanada.org\/fr\/wp-json\/wp\/v2\/tags?post=8299"}],"curies":[{"name":"wp","href":"https:\/\/api.w.org\/{rel}","templated":true}]}}