{"id":8414,"date":"2019-02-19T17:29:42","date_gmt":"2019-02-19T17:29:42","guid":{"rendered":"https:\/\/karatecanada.org\/?p=8414"},"modified":"2019-02-19T17:29:42","modified_gmt":"2019-02-19T17:29:42","slug":"medaille-de-bronze-en-karate-pour-le-canada-a-dubai","status":"publish","type":"post","link":"https:\/\/karatecanada.org\/fr\/medaille-de-bronze-en-karate-pour-le-canada-a-dubai\/","title":{"rendered":"M\u00c9DAILLE DE BRONZE EN KARAT\u00c9 POUR LE CANADA \u00c0 DUBAI"},"content":{"rendered":"<p><strong>Dubai, UAE, le 18 f\u00e9vrier 2019 &#8211; <\/strong>Au cours de la fin de semaine, plusieurs membres du bassin de l&rsquo;\u00e9quipe nationale canadienne de karat\u00e9 \u00e9taient \u00e0 Dubai pour la comp\u00e9tition Premi\u00e8re Ligue K-1 Dubai 2019, qui a eu lieu du 15 au 17 f\u00e9vrier 2019. La d\u00e9l\u00e9gation canadienne comprenait trois athl\u00e8tes accompagn\u00e9s d\u2019une entra\u00eeneure. Au total, 769 athl\u00e8tes, provenant de 86 pays diff\u00e9rents, ont particip\u00e9 \u00e0 cet \u00e9v\u00e9nement. Cette comp\u00e9tition a vu de nombreuses excellentes performances de la part des athl\u00e8tes canadiens, dont notamment une m\u00e9daille de bronze.<\/p>\n<p>En kumit\u00e9 f\u00e9minin, Haya Jumaa, de l\u2019Ontario (-61kg) a remport\u00e9 ses trois premiers matchs avant de s\u2019incliner devant la fran\u00e7aise Gwendoline Philippe. Sa victoire contre la chil\u00e9enne Carolina Videla Toro lui a assur\u00e9 la m\u00e9daille de bronze.<\/p>\n<p>Le pr\u00e9sident de Karat\u00e9 Canada M. Craig Vokey note que \u00ab\u00a0Haya continue sa trajectoire sur la sc\u00e8ne mondiale\u00a0; elle a franchi une nouvelle \u00e9tape importante en vue de la qualification pour les Jeux de Tokyo 2020\u00a0\u00bb. La s\u00e9rie K1 Premi\u00e8re Ligue constitue un circuit d\u2019\u00e9v\u00e9nements de pr\u00e9paration importants en route vers les Jeux olympiques de Tokyo.<\/p>\n","protected":false},"excerpt":{"rendered":"<p>Dubai, UAE, le 18 f\u00e9vrier 2019 &#8211; Au cours de la fin de semaine, plusieurs membres du bassin de l&rsquo;\u00e9quipe nationale canadienne de karat\u00e9 \u00e9taient \u00e0 Dubai pour la comp\u00e9tition Premi\u00e8re Ligue K-1 Dubai 2019, qui a eu lieu du 15 au 17 f\u00e9vrier 2019. La d\u00e9l\u00e9gation canadienne comprenait trois athl\u00e8tes accompagn\u00e9s d\u2019une entra\u00eeneure. Au [&hellip;]<\/p>\n","protected":false},"author":7,"featured_media":8415,"comment_status":"open","ping_status":"open","sticky":false,"template":"","format":"standard","meta":{"_acf_changed":false,"footnotes":""},"categories":[212,216],"tags":[],"class_list":["post-8414","post","type-post","status-publish","format-standard","has-post-thumbnail","hentry","category-equipe-nationale","category-olympiques"],"acf":[],"yoast_head":"<!-- This site is optimized with the Yoast SEO plugin v27.3 - https:\/\/yoast.com\/product\/yoast-seo-wordpress\/ -->\n<title>M\u00c9DAILLE DE BRONZE EN KARAT\u00c9 POUR LE CANADA \u00c0 DUBAI - Karate Canada<\/title>\n<meta name=\"robots\" content=\"index, follow, max-snippet:-1, max-image-preview:large, max-video-preview:-1\" \/>\n<link rel=\"canonical\" href=\"https:\/\/karatecanada.org\/fr\/medaille-de-bronze-en-karate-pour-le-canada-a-dubai\/\" \/>\n<meta property=\"og:locale\" content=\"fr_FR\" \/>\n<meta property=\"og:type\" content=\"article\" \/>\n<meta property=\"og:title\" content=\"M\u00c9DAILLE DE BRONZE EN KARAT\u00c9 POUR LE CANADA \u00c0 DUBAI - Karate Canada\" \/>\n<meta property=\"og:description\" content=\"Dubai, UAE, le 18 f\u00e9vrier 2019 &#8211; Au cours de la fin de semaine, plusieurs membres du bassin de l&rsquo;\u00e9quipe nationale canadienne de karat\u00e9 \u00e9taient \u00e0 Dubai pour la comp\u00e9tition Premi\u00e8re Ligue K-1 Dubai 2019, qui a eu lieu du 15 au 17 f\u00e9vrier 2019. La d\u00e9l\u00e9gation canadienne comprenait trois athl\u00e8tes accompagn\u00e9s d\u2019une entra\u00eeneure. Au [&hellip;]\" \/>\n<meta property=\"og:url\" content=\"https:\/\/karatecanada.org\/fr\/medaille-de-bronze-en-karate-pour-le-canada-a-dubai\/\" \/>\n<meta property=\"og:site_name\" content=\"Karate Canada\" \/>\n<meta property=\"article:published_time\" content=\"2019-02-19T17:29:42+00:00\" \/>\n<meta property=\"og:image\" content=\"https:\/\/karatecanada.org\/wp-content\/uploads\/2019\/02\/DubaiB-084-copy.jpg\" \/>\n\t<meta property=\"og:image:width\" content=\"726\" \/>\n\t<meta property=\"og:image:height\" content=\"484\" \/>\n\t<meta property=\"og:image:type\" content=\"image\/jpeg\" \/>\n<meta name=\"author\" content=\"Andrea Mortenson\" \/>\n<meta name=\"twitter:card\" content=\"summary_large_image\" \/>\n<meta name=\"twitter:label1\" content=\"\u00c9crit par\" \/>\n\t<meta name=\"twitter:data1\" content=\"Andrea Mortenson\" \/>\n\t<meta name=\"twitter:label2\" content=\"Dur\u00e9e de lecture estim\u00e9e\" \/>\n\t<meta name=\"twitter:data2\" content=\"1 minute\" \/>\n<script type=\"application\/ld+json\" class=\"yoast-schema-graph\">{\"@context\":\"https:\\\/\\\/schema.org\",\"@graph\":[{\"@type\":\"Article\",\"@id\":\"https:\\\/\\\/karatecanada.org\\\/fr\\\/medaille-de-bronze-en-karate-pour-le-canada-a-dubai\\\/#article\",\"isPartOf\":{\"@id\":\"https:\\\/\\\/karatecanada.org\\\/fr\\\/medaille-de-bronze-en-karate-pour-le-canada-a-dubai\\\/\"},\"author\":{\"name\":\"Andrea Mortenson\",\"@id\":\"https:\\\/\\\/karatecanada.org\\\/fr\\\/#\\\/schema\\\/person\\\/4bf5431dbf9d58396308966e19cd3509\"},\"headline\":\"M\u00c9DAILLE DE BRONZE EN KARAT\u00c9 POUR LE CANADA \u00c0 DUBAI\",\"datePublished\":\"2019-02-19T17:29:42+00:00\",\"mainEntityOfPage\":{\"@id\":\"https:\\\/\\\/karatecanada.org\\\/fr\\\/medaille-de-bronze-en-karate-pour-le-canada-a-dubai\\\/\"},\"wordCount\":211,\"commentCount\":0,\"image\":{\"@id\":\"https:\\\/\\\/karatecanada.org\\\/fr\\\/medaille-de-bronze-en-karate-pour-le-canada-a-dubai\\\/#primaryimage\"},\"thumbnailUrl\":\"https:\\\/\\\/karatecanada.org\\\/wp-content\\\/uploads\\\/2019\\\/02\\\/DubaiB-084-copy.jpg\",\"articleSection\":[\"\u00c9quipe nationale\",\"Olympiques\"],\"inLanguage\":\"fr-FR\",\"potentialAction\":[{\"@type\":\"CommentAction\",\"name\":\"Comment\",\"target\":[\"https:\\\/\\\/karatecanada.org\\\/fr\\\/medaille-de-bronze-en-karate-pour-le-canada-a-dubai\\\/#respond\"]}]},{\"@type\":\"WebPage\",\"@id\":\"https:\\\/\\\/karatecanada.org\\\/fr\\\/medaille-de-bronze-en-karate-pour-le-canada-a-dubai\\\/\",\"url\":\"https:\\\/\\\/karatecanada.org\\\/fr\\\/medaille-de-bronze-en-karate-pour-le-canada-a-dubai\\\/\",\"name\":\"M\u00c9DAILLE DE BRONZE EN KARAT\u00c9 POUR LE CANADA \u00c0 DUBAI - Karate Canada\",\"isPartOf\":{\"@id\":\"https:\\\/\\\/karatecanada.org\\\/fr\\\/#website\"},\"primaryImageOfPage\":{\"@id\":\"https:\\\/\\\/karatecanada.org\\\/fr\\\/medaille-de-bronze-en-karate-pour-le-canada-a-dubai\\\/#primaryimage\"},\"image\":{\"@id\":\"https:\\\/\\\/karatecanada.org\\\/fr\\\/medaille-de-bronze-en-karate-pour-le-canada-a-dubai\\\/#primaryimage\"},\"thumbnailUrl\":\"https:\\\/\\\/karatecanada.org\\\/wp-content\\\/uploads\\\/2019\\\/02\\\/DubaiB-084-copy.jpg\",\"datePublished\":\"2019-02-19T17:29:42+00:00\",\"author\":{\"@id\":\"https:\\\/\\\/karatecanada.org\\\/fr\\\/#\\\/schema\\\/person\\\/4bf5431dbf9d58396308966e19cd3509\"},\"breadcrumb\":{\"@id\":\"https:\\\/\\\/karatecanada.org\\\/fr\\\/medaille-de-bronze-en-karate-pour-le-canada-a-dubai\\\/#breadcrumb\"},\"inLanguage\":\"fr-FR\",\"potentialAction\":[{\"@type\":\"ReadAction\",\"target\":[\"https:\\\/\\\/karatecanada.org\\\/fr\\\/medaille-de-bronze-en-karate-pour-le-canada-a-dubai\\\/\"]}]},{\"@type\":\"ImageObject\",\"inLanguage\":\"fr-FR\",\"@id\":\"https:\\\/\\\/karatecanada.org\\\/fr\\\/medaille-de-bronze-en-karate-pour-le-canada-a-dubai\\\/#primaryimage\",\"url\":\"https:\\\/\\\/karatecanada.org\\\/wp-content\\\/uploads\\\/2019\\\/02\\\/DubaiB-084-copy.jpg\",\"contentUrl\":\"https:\\\/\\\/karatecanada.org\\\/wp-content\\\/uploads\\\/2019\\\/02\\\/DubaiB-084-copy.jpg\",\"width\":726,\"height\":484,\"caption\":\"VIDELA TORO CAROLINA (CHILE) VS JUMAA HAYA (CANADA) in Junior Kumite Male -61 Kg - Bronze bout Photo taken during Karate-1 Premier League Dubai 2019 in Al Wasl Stadium on 17\\\/02\\\/2019. Event organized by World Karate Federation. \u00a92019 Xavier Servolle \\\/ Kphotos\"},{\"@type\":\"BreadcrumbList\",\"@id\":\"https:\\\/\\\/karatecanada.org\\\/fr\\\/medaille-de-bronze-en-karate-pour-le-canada-a-dubai\\\/#breadcrumb\",\"itemListElement\":[{\"@type\":\"ListItem\",\"position\":1,\"name\":\"Home\",\"item\":\"https:\\\/\\\/karatecanada.org\\\/fr\\\/\"},{\"@type\":\"ListItem\",\"position\":2,\"name\":\"M\u00c9DAILLE DE BRONZE EN KARAT\u00c9 POUR LE CANADA \u00c0 DUBAI\"}]},{\"@type\":\"WebSite\",\"@id\":\"https:\\\/\\\/karatecanada.org\\\/fr\\\/#website\",\"url\":\"https:\\\/\\\/karatecanada.org\\\/fr\\\/\",\"name\":\"Karate Canada\",\"description\":\"Just another WordPress site\",\"potentialAction\":[{\"@type\":\"SearchAction\",\"target\":{\"@type\":\"EntryPoint\",\"urlTemplate\":\"https:\\\/\\\/karatecanada.org\\\/fr\\\/?s={search_term_string}\"},\"query-input\":{\"@type\":\"PropertyValueSpecification\",\"valueRequired\":true,\"valueName\":\"search_term_string\"}}],\"inLanguage\":\"fr-FR\"},{\"@type\":\"Person\",\"@id\":\"https:\\\/\\\/karatecanada.org\\\/fr\\\/#\\\/schema\\\/person\\\/4bf5431dbf9d58396308966e19cd3509\",\"name\":\"Andrea Mortenson\",\"image\":{\"@type\":\"ImageObject\",\"inLanguage\":\"fr-FR\",\"@id\":\"https:\\\/\\\/secure.gravatar.com\\\/avatar\\\/c0fbb2ccf4c18c46c3889bd8919e99cf6ddb6bbda8924ffd8391edcb42b3ae47?s=96&d=mm&r=g\",\"url\":\"https:\\\/\\\/secure.gravatar.com\\\/avatar\\\/c0fbb2ccf4c18c46c3889bd8919e99cf6ddb6bbda8924ffd8391edcb42b3ae47?s=96&d=mm&r=g\",\"contentUrl\":\"https:\\\/\\\/secure.gravatar.com\\\/avatar\\\/c0fbb2ccf4c18c46c3889bd8919e99cf6ddb6bbda8924ffd8391edcb42b3ae47?s=96&d=mm&r=g\",\"caption\":\"Andrea Mortenson\"},\"url\":\"https:\\\/\\\/karatecanada.org\\\/fr\\\/author\\\/andi\\\/\"}]}<\/script>\n<!-- \/ Yoast SEO plugin. -->","yoast_head_json":{"title":"M\u00c9DAILLE DE BRONZE EN KARAT\u00c9 POUR LE CANADA \u00c0 DUBAI - Karate Canada","robots":{"index":"index","follow":"follow","max-snippet":"max-snippet:-1","max-image-preview":"max-image-preview:large","max-video-preview":"max-video-preview:-1"},"canonical":"https:\/\/karatecanada.org\/fr\/medaille-de-bronze-en-karate-pour-le-canada-a-dubai\/","og_locale":"fr_FR","og_type":"article","og_title":"M\u00c9DAILLE DE BRONZE EN KARAT\u00c9 POUR LE CANADA \u00c0 DUBAI - Karate Canada","og_description":"Dubai, UAE, le 18 f\u00e9vrier 2019 &#8211; Au cours de la fin de semaine, plusieurs membres du bassin de l&rsquo;\u00e9quipe nationale canadienne de karat\u00e9 \u00e9taient \u00e0 Dubai pour la comp\u00e9tition Premi\u00e8re Ligue K-1 Dubai 2019, qui a eu lieu du 15 au 17 f\u00e9vrier 2019. La d\u00e9l\u00e9gation canadienne comprenait trois athl\u00e8tes accompagn\u00e9s d\u2019une entra\u00eeneure. Au [&hellip;]","og_url":"https:\/\/karatecanada.org\/fr\/medaille-de-bronze-en-karate-pour-le-canada-a-dubai\/","og_site_name":"Karate Canada","article_published_time":"2019-02-19T17:29:42+00:00","og_image":[{"width":726,"height":484,"url":"https:\/\/karatecanada.org\/wp-content\/uploads\/2019\/02\/DubaiB-084-copy.jpg","type":"image\/jpeg"}],"author":"Andrea Mortenson","twitter_card":"summary_large_image","twitter_misc":{"\u00c9crit par":"Andrea Mortenson","Dur\u00e9e de lecture estim\u00e9e":"1 minute"},"schema":{"@context":"https:\/\/schema.org","@graph":[{"@type":"Article","@id":"https:\/\/karatecanada.org\/fr\/medaille-de-bronze-en-karate-pour-le-canada-a-dubai\/#article","isPartOf":{"@id":"https:\/\/karatecanada.org\/fr\/medaille-de-bronze-en-karate-pour-le-canada-a-dubai\/"},"author":{"name":"Andrea Mortenson","@id":"https:\/\/karatecanada.org\/fr\/#\/schema\/person\/4bf5431dbf9d58396308966e19cd3509"},"headline":"M\u00c9DAILLE DE BRONZE EN KARAT\u00c9 POUR LE CANADA \u00c0 DUBAI","datePublished":"2019-02-19T17:29:42+00:00","mainEntityOfPage":{"@id":"https:\/\/karatecanada.org\/fr\/medaille-de-bronze-en-karate-pour-le-canada-a-dubai\/"},"wordCount":211,"commentCount":0,"image":{"@id":"https:\/\/karatecanada.org\/fr\/medaille-de-bronze-en-karate-pour-le-canada-a-dubai\/#primaryimage"},"thumbnailUrl":"https:\/\/karatecanada.org\/wp-content\/uploads\/2019\/02\/DubaiB-084-copy.jpg","articleSection":["\u00c9quipe nationale","Olympiques"],"inLanguage":"fr-FR","potentialAction":[{"@type":"CommentAction","name":"Comment","target":["https:\/\/karatecanada.org\/fr\/medaille-de-bronze-en-karate-pour-le-canada-a-dubai\/#respond"]}]},{"@type":"WebPage","@id":"https:\/\/karatecanada.org\/fr\/medaille-de-bronze-en-karate-pour-le-canada-a-dubai\/","url":"https:\/\/karatecanada.org\/fr\/medaille-de-bronze-en-karate-pour-le-canada-a-dubai\/","name":"M\u00c9DAILLE DE BRONZE EN KARAT\u00c9 POUR LE CANADA \u00c0 DUBAI - Karate Canada","isPartOf":{"@id":"https:\/\/karatecanada.org\/fr\/#website"},"primaryImageOfPage":{"@id":"https:\/\/karatecanada.org\/fr\/medaille-de-bronze-en-karate-pour-le-canada-a-dubai\/#primaryimage"},"image":{"@id":"https:\/\/karatecanada.org\/fr\/medaille-de-bronze-en-karate-pour-le-canada-a-dubai\/#primaryimage"},"thumbnailUrl":"https:\/\/karatecanada.org\/wp-content\/uploads\/2019\/02\/DubaiB-084-copy.jpg","datePublished":"2019-02-19T17:29:42+00:00","author":{"@id":"https:\/\/karatecanada.org\/fr\/#\/schema\/person\/4bf5431dbf9d58396308966e19cd3509"},"breadcrumb":{"@id":"https:\/\/karatecanada.org\/fr\/medaille-de-bronze-en-karate-pour-le-canada-a-dubai\/#breadcrumb"},"inLanguage":"fr-FR","potentialAction":[{"@type":"ReadAction","target":["https:\/\/karatecanada.org\/fr\/medaille-de-bronze-en-karate-pour-le-canada-a-dubai\/"]}]},{"@type":"ImageObject","inLanguage":"fr-FR","@id":"https:\/\/karatecanada.org\/fr\/medaille-de-bronze-en-karate-pour-le-canada-a-dubai\/#primaryimage","url":"https:\/\/karatecanada.org\/wp-content\/uploads\/2019\/02\/DubaiB-084-copy.jpg","contentUrl":"https:\/\/karatecanada.org\/wp-content\/uploads\/2019\/02\/DubaiB-084-copy.jpg","width":726,"height":484,"caption":"VIDELA TORO CAROLINA (CHILE) VS JUMAA HAYA (CANADA) in Junior Kumite Male -61 Kg - Bronze bout Photo taken during Karate-1 Premier League Dubai 2019 in Al Wasl Stadium on 17\/02\/2019. Event organized by World Karate Federation. \u00a92019 Xavier Servolle \/ Kphotos"},{"@type":"BreadcrumbList","@id":"https:\/\/karatecanada.org\/fr\/medaille-de-bronze-en-karate-pour-le-canada-a-dubai\/#breadcrumb","itemListElement":[{"@type":"ListItem","position":1,"name":"Home","item":"https:\/\/karatecanada.org\/fr\/"},{"@type":"ListItem","position":2,"name":"M\u00c9DAILLE DE BRONZE EN KARAT\u00c9 POUR LE CANADA \u00c0 DUBAI"}]},{"@type":"WebSite","@id":"https:\/\/karatecanada.org\/fr\/#website","url":"https:\/\/karatecanada.org\/fr\/","name":"Karate Canada","description":"Just another WordPress site","potentialAction":[{"@type":"SearchAction","target":{"@type":"EntryPoint","urlTemplate":"https:\/\/karatecanada.org\/fr\/?s={search_term_string}"},"query-input":{"@type":"PropertyValueSpecification","valueRequired":true,"valueName":"search_term_string"}}],"inLanguage":"fr-FR"},{"@type":"Person","@id":"https:\/\/karatecanada.org\/fr\/#\/schema\/person\/4bf5431dbf9d58396308966e19cd3509","name":"Andrea Mortenson","image":{"@type":"ImageObject","inLanguage":"fr-FR","@id":"https:\/\/secure.gravatar.com\/avatar\/c0fbb2ccf4c18c46c3889bd8919e99cf6ddb6bbda8924ffd8391edcb42b3ae47?s=96&d=mm&r=g","url":"https:\/\/secure.gravatar.com\/avatar\/c0fbb2ccf4c18c46c3889bd8919e99cf6ddb6bbda8924ffd8391edcb42b3ae47?s=96&d=mm&r=g","contentUrl":"https:\/\/secure.gravatar.com\/avatar\/c0fbb2ccf4c18c46c3889bd8919e99cf6ddb6bbda8924ffd8391edcb42b3ae47?s=96&d=mm&r=g","caption":"Andrea Mortenson"},"url":"https:\/\/karatecanada.org\/fr\/author\/andi\/"}]}},"featured_image_src":"https:\/\/karatecanada.org\/wp-content\/uploads\/2019\/02\/DubaiB-084-copy.jpg","date_format":"f\u00e9vrier 19, 2019","_links":{"self":[{"href":"https:\/\/karatecanada.org\/fr\/wp-json\/wp\/v2\/posts\/8414","targetHints":{"allow":["GET"]}}],"collection":[{"href":"https:\/\/karatecanada.org\/fr\/wp-json\/wp\/v2\/posts"}],"about":[{"href":"https:\/\/karatecanada.org\/fr\/wp-json\/wp\/v2\/types\/post"}],"author":[{"embeddable":true,"href":"https:\/\/karatecanada.org\/fr\/wp-json\/wp\/v2\/users\/7"}],"replies":[{"embeddable":true,"href":"https:\/\/karatecanada.org\/fr\/wp-json\/wp\/v2\/comments?post=8414"}],"version-history":[{"count":0,"href":"https:\/\/karatecanada.org\/fr\/wp-json\/wp\/v2\/posts\/8414\/revisions"}],"wp:featuredmedia":[{"embeddable":true,"href":"https:\/\/karatecanada.org\/fr\/wp-json\/wp\/v2\/media\/8415"}],"wp:attachment":[{"href":"https:\/\/karatecanada.org\/fr\/wp-json\/wp\/v2\/media?parent=8414"}],"wp:term":[{"taxonomy":"category","embeddable":true,"href":"https:\/\/karatecanada.org\/fr\/wp-json\/wp\/v2\/categories?post=8414"},{"taxonomy":"post_tag","embeddable":true,"href":"https:\/\/karatecanada.org\/fr\/wp-json\/wp\/v2\/tags?post=8414"}],"curies":[{"name":"wp","href":"https:\/\/api.w.org\/{rel}","templated":true}]}}