{"id":8965,"date":"2019-03-27T16:03:07","date_gmt":"2019-03-27T16:03:07","guid":{"rendered":"https:\/\/karatecanada.org\/?p=8965"},"modified":"2019-03-27T16:23:39","modified_gmt":"2019-03-27T16:23:39","slug":"ateliers-pnce-et-evaluations-de-dan-aux-nationaux-jr","status":"publish","type":"post","link":"https:\/\/karatecanada.org\/fr\/ateliers-pnce-et-evaluations-de-dan-aux-nationaux-jr\/","title":{"rendered":"ATELIERS PNCE ET \u00c9VALUATIONS DE DAN AUX NATIONAUX JR"},"content":{"rendered":"<p>Karat\u00e9 Canada offrira des ateliers du PNCE et organisera des \u00e9valuations de Dan lors des Championnats nationaux junior \u00e0 Edmonton en mai. Le module multisport Comp\u00e9tition-d\u00e9veloppement <a href=\"https:\/\/thelocker.coach.ca\/event\/registration\/3249\" target=\"_blank\" rel=\"noopener noreferrer\"><strong>Psychologie de la performance<\/strong><\/a> ainsi que le module sp\u00e9cifique au karat\u00e9 <a href=\"https:\/\/lecasier.coach.ca\/event\/public\/5290814?language=fr\" target=\"_blank\" rel=\"noopener noreferrer\"><strong>Analyse de la performance technique et tactique<\/strong><\/a> seront offerts en anglais au Centre de congr\u00e8s d&rsquo;Edmonton, respectivement les 1er et 2 mai. Les entra\u00eeneurs auront aussi la possibilit\u00e9 d&rsquo;\u00eatre \u00e9valu\u00e9s pour les contextes Comp\u00e9tition-introduction et Comp\u00e9tition-d\u00e9veloppement. Vous trouverez tous les d\u00e9tails pour l\u2019inscription dans le <a href=\"https:\/\/www.sportdata.org\/karate\/set-online\/veranstaltung_info_main.php?active_menu=calendar&amp;vernr=4544#a_eventhead\" target=\"_blank\" rel=\"noopener noreferrer\">bulletin de l&rsquo;\u00e9v\u00e9nement<\/a> (section 25).<\/p>\n<p>Les membres du comit\u00e9 technique de Karat\u00e9 Canada seront au Centre des congr\u00e8s d\u2019Edmonton le jeudi apr\u00e8s-midi 2 mai pour \u00e9valuer les karat\u00e9as et fournir une certification nationale. Pour vous inscrire et consulter les directives d\u2019\u00e9valuation, rendez-vous \u00e0 la <a href=\"https:\/\/karatecanada.org\/fr\/programs\/dan-testings-and-recognitions\/\">section Dan\/Technique<\/a> de notre site Web et faites-nous parvenir votre formulaire de demande d&rsquo;examen. Nous vous contacterons ensuite pour vous fournir plus de d\u00e9tails sur votre examen. Ne manquez pas cette opportunit\u00e9 d\u2019\u00eatre certifi\u00e9!<\/p>\n<p>La date limite pour vous inscrire aux ateliers et \u00e9valuations est le <strong>jeudi 18 avril<\/strong>.<\/p>\n<p>&nbsp;<\/p>\n<p>Photo: Marc-Andr\u00e9 Donato<\/p>\n","protected":false},"excerpt":{"rendered":"<p>Karat\u00e9 Canada offrira des ateliers du PNCE et organisera des \u00e9valuations de Dan lors des Championnats nationaux junior \u00e0 Edmonton en mai. Le module multisport Comp\u00e9tition-d\u00e9veloppement Psychologie de la performance ainsi que le module sp\u00e9cifique au karat\u00e9 Analyse de la performance technique et tactique seront offerts en anglais au Centre de congr\u00e8s d&rsquo;Edmonton, respectivement les [&hellip;]<\/p>\n","protected":false},"author":7,"featured_media":8964,"comment_status":"open","ping_status":"open","sticky":false,"template":"","format":"standard","meta":{"_acf_changed":false,"footnotes":""},"categories":[218],"tags":[],"class_list":["post-8965","post","type-post","status-publish","format-standard","has-post-thumbnail","hentry","category-benevole"],"acf":[],"yoast_head":"<!-- This site is optimized with the Yoast SEO plugin v27.3 - https:\/\/yoast.com\/product\/yoast-seo-wordpress\/ -->\n<title>ATELIERS PNCE ET \u00c9VALUATIONS DE DAN AUX NATIONAUX JR - Karate Canada<\/title>\n<meta name=\"robots\" content=\"index, follow, max-snippet:-1, max-image-preview:large, max-video-preview:-1\" \/>\n<link rel=\"canonical\" href=\"https:\/\/karatecanada.org\/fr\/ateliers-pnce-et-evaluations-de-dan-aux-nationaux-jr\/\" \/>\n<meta property=\"og:locale\" content=\"fr_FR\" \/>\n<meta property=\"og:type\" content=\"article\" \/>\n<meta property=\"og:title\" content=\"ATELIERS PNCE ET \u00c9VALUATIONS DE DAN AUX NATIONAUX JR - Karate Canada\" \/>\n<meta property=\"og:description\" content=\"Karat\u00e9 Canada offrira des ateliers du PNCE et organisera des \u00e9valuations de Dan lors des Championnats nationaux junior \u00e0 Edmonton en mai. Le module multisport Comp\u00e9tition-d\u00e9veloppement Psychologie de la performance ainsi que le module sp\u00e9cifique au karat\u00e9 Analyse de la performance technique et tactique seront offerts en anglais au Centre de congr\u00e8s d&rsquo;Edmonton, respectivement les [&hellip;]\" \/>\n<meta property=\"og:url\" content=\"https:\/\/karatecanada.org\/fr\/ateliers-pnce-et-evaluations-de-dan-aux-nationaux-jr\/\" \/>\n<meta property=\"og:site_name\" content=\"Karate Canada\" \/>\n<meta property=\"article:published_time\" content=\"2019-03-27T16:03:07+00:00\" \/>\n<meta property=\"article:modified_time\" content=\"2019-03-27T16:23:39+00:00\" \/>\n<meta property=\"og:image\" content=\"https:\/\/karatecanada.org\/wp-content\/uploads\/2019\/03\/NCCPatNationals_web.jpg\" \/>\n\t<meta property=\"og:image:width\" content=\"648\" \/>\n\t<meta property=\"og:image:height\" content=\"484\" \/>\n\t<meta property=\"og:image:type\" content=\"image\/jpeg\" \/>\n<meta name=\"author\" content=\"Andrea Mortenson\" \/>\n<meta name=\"twitter:card\" content=\"summary_large_image\" \/>\n<meta name=\"twitter:label1\" content=\"\u00c9crit par\" \/>\n\t<meta name=\"twitter:data1\" content=\"Andrea Mortenson\" \/>\n\t<meta name=\"twitter:label2\" content=\"Dur\u00e9e de lecture estim\u00e9e\" \/>\n\t<meta name=\"twitter:data2\" content=\"1 minute\" \/>\n<script type=\"application\/ld+json\" class=\"yoast-schema-graph\">{\"@context\":\"https:\\\/\\\/schema.org\",\"@graph\":[{\"@type\":\"Article\",\"@id\":\"https:\\\/\\\/karatecanada.org\\\/fr\\\/ateliers-pnce-et-evaluations-de-dan-aux-nationaux-jr\\\/#article\",\"isPartOf\":{\"@id\":\"https:\\\/\\\/karatecanada.org\\\/fr\\\/ateliers-pnce-et-evaluations-de-dan-aux-nationaux-jr\\\/\"},\"author\":{\"name\":\"Andrea Mortenson\",\"@id\":\"https:\\\/\\\/karatecanada.org\\\/fr\\\/#\\\/schema\\\/person\\\/4bf5431dbf9d58396308966e19cd3509\"},\"headline\":\"ATELIERS PNCE ET \u00c9VALUATIONS DE DAN AUX NATIONAUX JR\",\"datePublished\":\"2019-03-27T16:03:07+00:00\",\"dateModified\":\"2019-03-27T16:23:39+00:00\",\"mainEntityOfPage\":{\"@id\":\"https:\\\/\\\/karatecanada.org\\\/fr\\\/ateliers-pnce-et-evaluations-de-dan-aux-nationaux-jr\\\/\"},\"wordCount\":206,\"commentCount\":0,\"image\":{\"@id\":\"https:\\\/\\\/karatecanada.org\\\/fr\\\/ateliers-pnce-et-evaluations-de-dan-aux-nationaux-jr\\\/#primaryimage\"},\"thumbnailUrl\":\"https:\\\/\\\/karatecanada.org\\\/wp-content\\\/uploads\\\/2019\\\/03\\\/NCCPatNationals_web.jpg\",\"articleSection\":[\"B\u00e9n\u00e9vole\"],\"inLanguage\":\"fr-FR\",\"potentialAction\":[{\"@type\":\"CommentAction\",\"name\":\"Comment\",\"target\":[\"https:\\\/\\\/karatecanada.org\\\/fr\\\/ateliers-pnce-et-evaluations-de-dan-aux-nationaux-jr\\\/#respond\"]}]},{\"@type\":\"WebPage\",\"@id\":\"https:\\\/\\\/karatecanada.org\\\/fr\\\/ateliers-pnce-et-evaluations-de-dan-aux-nationaux-jr\\\/\",\"url\":\"https:\\\/\\\/karatecanada.org\\\/fr\\\/ateliers-pnce-et-evaluations-de-dan-aux-nationaux-jr\\\/\",\"name\":\"ATELIERS PNCE ET \u00c9VALUATIONS DE DAN AUX NATIONAUX JR - Karate Canada\",\"isPartOf\":{\"@id\":\"https:\\\/\\\/karatecanada.org\\\/fr\\\/#website\"},\"primaryImageOfPage\":{\"@id\":\"https:\\\/\\\/karatecanada.org\\\/fr\\\/ateliers-pnce-et-evaluations-de-dan-aux-nationaux-jr\\\/#primaryimage\"},\"image\":{\"@id\":\"https:\\\/\\\/karatecanada.org\\\/fr\\\/ateliers-pnce-et-evaluations-de-dan-aux-nationaux-jr\\\/#primaryimage\"},\"thumbnailUrl\":\"https:\\\/\\\/karatecanada.org\\\/wp-content\\\/uploads\\\/2019\\\/03\\\/NCCPatNationals_web.jpg\",\"datePublished\":\"2019-03-27T16:03:07+00:00\",\"dateModified\":\"2019-03-27T16:23:39+00:00\",\"author\":{\"@id\":\"https:\\\/\\\/karatecanada.org\\\/fr\\\/#\\\/schema\\\/person\\\/4bf5431dbf9d58396308966e19cd3509\"},\"breadcrumb\":{\"@id\":\"https:\\\/\\\/karatecanada.org\\\/fr\\\/ateliers-pnce-et-evaluations-de-dan-aux-nationaux-jr\\\/#breadcrumb\"},\"inLanguage\":\"fr-FR\",\"potentialAction\":[{\"@type\":\"ReadAction\",\"target\":[\"https:\\\/\\\/karatecanada.org\\\/fr\\\/ateliers-pnce-et-evaluations-de-dan-aux-nationaux-jr\\\/\"]}]},{\"@type\":\"ImageObject\",\"inLanguage\":\"fr-FR\",\"@id\":\"https:\\\/\\\/karatecanada.org\\\/fr\\\/ateliers-pnce-et-evaluations-de-dan-aux-nationaux-jr\\\/#primaryimage\",\"url\":\"https:\\\/\\\/karatecanada.org\\\/wp-content\\\/uploads\\\/2019\\\/03\\\/NCCPatNationals_web.jpg\",\"contentUrl\":\"https:\\\/\\\/karatecanada.org\\\/wp-content\\\/uploads\\\/2019\\\/03\\\/NCCPatNationals_web.jpg\",\"width\":648,\"height\":484},{\"@type\":\"BreadcrumbList\",\"@id\":\"https:\\\/\\\/karatecanada.org\\\/fr\\\/ateliers-pnce-et-evaluations-de-dan-aux-nationaux-jr\\\/#breadcrumb\",\"itemListElement\":[{\"@type\":\"ListItem\",\"position\":1,\"name\":\"Home\",\"item\":\"https:\\\/\\\/karatecanada.org\\\/fr\\\/\"},{\"@type\":\"ListItem\",\"position\":2,\"name\":\"ATELIERS PNCE ET \u00c9VALUATIONS DE DAN AUX NATIONAUX JR\"}]},{\"@type\":\"WebSite\",\"@id\":\"https:\\\/\\\/karatecanada.org\\\/fr\\\/#website\",\"url\":\"https:\\\/\\\/karatecanada.org\\\/fr\\\/\",\"name\":\"Karate Canada\",\"description\":\"Just another WordPress site\",\"potentialAction\":[{\"@type\":\"SearchAction\",\"target\":{\"@type\":\"EntryPoint\",\"urlTemplate\":\"https:\\\/\\\/karatecanada.org\\\/fr\\\/?s={search_term_string}\"},\"query-input\":{\"@type\":\"PropertyValueSpecification\",\"valueRequired\":true,\"valueName\":\"search_term_string\"}}],\"inLanguage\":\"fr-FR\"},{\"@type\":\"Person\",\"@id\":\"https:\\\/\\\/karatecanada.org\\\/fr\\\/#\\\/schema\\\/person\\\/4bf5431dbf9d58396308966e19cd3509\",\"name\":\"Andrea Mortenson\",\"image\":{\"@type\":\"ImageObject\",\"inLanguage\":\"fr-FR\",\"@id\":\"https:\\\/\\\/secure.gravatar.com\\\/avatar\\\/c0fbb2ccf4c18c46c3889bd8919e99cf6ddb6bbda8924ffd8391edcb42b3ae47?s=96&d=mm&r=g\",\"url\":\"https:\\\/\\\/secure.gravatar.com\\\/avatar\\\/c0fbb2ccf4c18c46c3889bd8919e99cf6ddb6bbda8924ffd8391edcb42b3ae47?s=96&d=mm&r=g\",\"contentUrl\":\"https:\\\/\\\/secure.gravatar.com\\\/avatar\\\/c0fbb2ccf4c18c46c3889bd8919e99cf6ddb6bbda8924ffd8391edcb42b3ae47?s=96&d=mm&r=g\",\"caption\":\"Andrea Mortenson\"},\"url\":\"https:\\\/\\\/karatecanada.org\\\/fr\\\/author\\\/andi\\\/\"}]}<\/script>\n<!-- \/ Yoast SEO plugin. -->","yoast_head_json":{"title":"ATELIERS PNCE ET \u00c9VALUATIONS DE DAN AUX NATIONAUX JR - Karate Canada","robots":{"index":"index","follow":"follow","max-snippet":"max-snippet:-1","max-image-preview":"max-image-preview:large","max-video-preview":"max-video-preview:-1"},"canonical":"https:\/\/karatecanada.org\/fr\/ateliers-pnce-et-evaluations-de-dan-aux-nationaux-jr\/","og_locale":"fr_FR","og_type":"article","og_title":"ATELIERS PNCE ET \u00c9VALUATIONS DE DAN AUX NATIONAUX JR - Karate Canada","og_description":"Karat\u00e9 Canada offrira des ateliers du PNCE et organisera des \u00e9valuations de Dan lors des Championnats nationaux junior \u00e0 Edmonton en mai. Le module multisport Comp\u00e9tition-d\u00e9veloppement Psychologie de la performance ainsi que le module sp\u00e9cifique au karat\u00e9 Analyse de la performance technique et tactique seront offerts en anglais au Centre de congr\u00e8s d&rsquo;Edmonton, respectivement les [&hellip;]","og_url":"https:\/\/karatecanada.org\/fr\/ateliers-pnce-et-evaluations-de-dan-aux-nationaux-jr\/","og_site_name":"Karate Canada","article_published_time":"2019-03-27T16:03:07+00:00","article_modified_time":"2019-03-27T16:23:39+00:00","og_image":[{"width":648,"height":484,"url":"https:\/\/karatecanada.org\/wp-content\/uploads\/2019\/03\/NCCPatNationals_web.jpg","type":"image\/jpeg"}],"author":"Andrea Mortenson","twitter_card":"summary_large_image","twitter_misc":{"\u00c9crit par":"Andrea Mortenson","Dur\u00e9e de lecture estim\u00e9e":"1 minute"},"schema":{"@context":"https:\/\/schema.org","@graph":[{"@type":"Article","@id":"https:\/\/karatecanada.org\/fr\/ateliers-pnce-et-evaluations-de-dan-aux-nationaux-jr\/#article","isPartOf":{"@id":"https:\/\/karatecanada.org\/fr\/ateliers-pnce-et-evaluations-de-dan-aux-nationaux-jr\/"},"author":{"name":"Andrea Mortenson","@id":"https:\/\/karatecanada.org\/fr\/#\/schema\/person\/4bf5431dbf9d58396308966e19cd3509"},"headline":"ATELIERS PNCE ET \u00c9VALUATIONS DE DAN AUX NATIONAUX JR","datePublished":"2019-03-27T16:03:07+00:00","dateModified":"2019-03-27T16:23:39+00:00","mainEntityOfPage":{"@id":"https:\/\/karatecanada.org\/fr\/ateliers-pnce-et-evaluations-de-dan-aux-nationaux-jr\/"},"wordCount":206,"commentCount":0,"image":{"@id":"https:\/\/karatecanada.org\/fr\/ateliers-pnce-et-evaluations-de-dan-aux-nationaux-jr\/#primaryimage"},"thumbnailUrl":"https:\/\/karatecanada.org\/wp-content\/uploads\/2019\/03\/NCCPatNationals_web.jpg","articleSection":["B\u00e9n\u00e9vole"],"inLanguage":"fr-FR","potentialAction":[{"@type":"CommentAction","name":"Comment","target":["https:\/\/karatecanada.org\/fr\/ateliers-pnce-et-evaluations-de-dan-aux-nationaux-jr\/#respond"]}]},{"@type":"WebPage","@id":"https:\/\/karatecanada.org\/fr\/ateliers-pnce-et-evaluations-de-dan-aux-nationaux-jr\/","url":"https:\/\/karatecanada.org\/fr\/ateliers-pnce-et-evaluations-de-dan-aux-nationaux-jr\/","name":"ATELIERS PNCE ET \u00c9VALUATIONS DE DAN AUX NATIONAUX JR - Karate Canada","isPartOf":{"@id":"https:\/\/karatecanada.org\/fr\/#website"},"primaryImageOfPage":{"@id":"https:\/\/karatecanada.org\/fr\/ateliers-pnce-et-evaluations-de-dan-aux-nationaux-jr\/#primaryimage"},"image":{"@id":"https:\/\/karatecanada.org\/fr\/ateliers-pnce-et-evaluations-de-dan-aux-nationaux-jr\/#primaryimage"},"thumbnailUrl":"https:\/\/karatecanada.org\/wp-content\/uploads\/2019\/03\/NCCPatNationals_web.jpg","datePublished":"2019-03-27T16:03:07+00:00","dateModified":"2019-03-27T16:23:39+00:00","author":{"@id":"https:\/\/karatecanada.org\/fr\/#\/schema\/person\/4bf5431dbf9d58396308966e19cd3509"},"breadcrumb":{"@id":"https:\/\/karatecanada.org\/fr\/ateliers-pnce-et-evaluations-de-dan-aux-nationaux-jr\/#breadcrumb"},"inLanguage":"fr-FR","potentialAction":[{"@type":"ReadAction","target":["https:\/\/karatecanada.org\/fr\/ateliers-pnce-et-evaluations-de-dan-aux-nationaux-jr\/"]}]},{"@type":"ImageObject","inLanguage":"fr-FR","@id":"https:\/\/karatecanada.org\/fr\/ateliers-pnce-et-evaluations-de-dan-aux-nationaux-jr\/#primaryimage","url":"https:\/\/karatecanada.org\/wp-content\/uploads\/2019\/03\/NCCPatNationals_web.jpg","contentUrl":"https:\/\/karatecanada.org\/wp-content\/uploads\/2019\/03\/NCCPatNationals_web.jpg","width":648,"height":484},{"@type":"BreadcrumbList","@id":"https:\/\/karatecanada.org\/fr\/ateliers-pnce-et-evaluations-de-dan-aux-nationaux-jr\/#breadcrumb","itemListElement":[{"@type":"ListItem","position":1,"name":"Home","item":"https:\/\/karatecanada.org\/fr\/"},{"@type":"ListItem","position":2,"name":"ATELIERS PNCE ET \u00c9VALUATIONS DE DAN AUX NATIONAUX JR"}]},{"@type":"WebSite","@id":"https:\/\/karatecanada.org\/fr\/#website","url":"https:\/\/karatecanada.org\/fr\/","name":"Karate Canada","description":"Just another WordPress site","potentialAction":[{"@type":"SearchAction","target":{"@type":"EntryPoint","urlTemplate":"https:\/\/karatecanada.org\/fr\/?s={search_term_string}"},"query-input":{"@type":"PropertyValueSpecification","valueRequired":true,"valueName":"search_term_string"}}],"inLanguage":"fr-FR"},{"@type":"Person","@id":"https:\/\/karatecanada.org\/fr\/#\/schema\/person\/4bf5431dbf9d58396308966e19cd3509","name":"Andrea Mortenson","image":{"@type":"ImageObject","inLanguage":"fr-FR","@id":"https:\/\/secure.gravatar.com\/avatar\/c0fbb2ccf4c18c46c3889bd8919e99cf6ddb6bbda8924ffd8391edcb42b3ae47?s=96&d=mm&r=g","url":"https:\/\/secure.gravatar.com\/avatar\/c0fbb2ccf4c18c46c3889bd8919e99cf6ddb6bbda8924ffd8391edcb42b3ae47?s=96&d=mm&r=g","contentUrl":"https:\/\/secure.gravatar.com\/avatar\/c0fbb2ccf4c18c46c3889bd8919e99cf6ddb6bbda8924ffd8391edcb42b3ae47?s=96&d=mm&r=g","caption":"Andrea Mortenson"},"url":"https:\/\/karatecanada.org\/fr\/author\/andi\/"}]}},"featured_image_src":"https:\/\/karatecanada.org\/wp-content\/uploads\/2019\/03\/NCCPatNationals_web.jpg","date_format":"mars 27, 2019","_links":{"self":[{"href":"https:\/\/karatecanada.org\/fr\/wp-json\/wp\/v2\/posts\/8965","targetHints":{"allow":["GET"]}}],"collection":[{"href":"https:\/\/karatecanada.org\/fr\/wp-json\/wp\/v2\/posts"}],"about":[{"href":"https:\/\/karatecanada.org\/fr\/wp-json\/wp\/v2\/types\/post"}],"author":[{"embeddable":true,"href":"https:\/\/karatecanada.org\/fr\/wp-json\/wp\/v2\/users\/7"}],"replies":[{"embeddable":true,"href":"https:\/\/karatecanada.org\/fr\/wp-json\/wp\/v2\/comments?post=8965"}],"version-history":[{"count":0,"href":"https:\/\/karatecanada.org\/fr\/wp-json\/wp\/v2\/posts\/8965\/revisions"}],"wp:featuredmedia":[{"embeddable":true,"href":"https:\/\/karatecanada.org\/fr\/wp-json\/wp\/v2\/media\/8964"}],"wp:attachment":[{"href":"https:\/\/karatecanada.org\/fr\/wp-json\/wp\/v2\/media?parent=8965"}],"wp:term":[{"taxonomy":"category","embeddable":true,"href":"https:\/\/karatecanada.org\/fr\/wp-json\/wp\/v2\/categories?post=8965"},{"taxonomy":"post_tag","embeddable":true,"href":"https:\/\/karatecanada.org\/fr\/wp-json\/wp\/v2\/tags?post=8965"}],"curies":[{"name":"wp","href":"https:\/\/api.w.org\/{rel}","templated":true}]}}