{"id":9038,"date":"2019-04-18T19:48:14","date_gmt":"2019-04-18T19:48:14","guid":{"rendered":"https:\/\/karatecanada.org\/?p=9038"},"modified":"2019-04-18T19:48:14","modified_gmt":"2019-04-18T19:48:14","slug":"lequipe-du-canada-au-tournoi-karate-1-premiere-ligue-de-rabat","status":"publish","type":"post","link":"https:\/\/karatecanada.org\/fr\/lequipe-du-canada-au-tournoi-karate-1-premiere-ligue-de-rabat\/","title":{"rendered":"L\u2019\u00c9QUIPE DU CANADA AU TOURNOI KARAT\u00c9-1 PREMI\u00c8RE LIGUE DE RABAT"},"content":{"rendered":"<p>Cinq membres de l\u2019\u00e9quipe nationale sont arriv\u00e9s au Maroc, afin d&rsquo;y participer \u00e0 l&rsquo;\u00e9dition 2019 du tournoi K1 Premi\u00e8re Ligue de Rabat, qui aura lieu les 19-21 avril (<a href=\"https:\/\/karatecanada.org\/wp-content\/uploads\/2019\/04\/RABATK12019_Roster.pdf\">cliquez ici pour voir la liste compl\u00e8te des participants de l\u2019\u00e9quipe du Canada<\/a>). Cet \u00e9v\u00e9nement constituera une \u00e9tape importante en vue de la qualification pour les jeux Olympiques de Tokyo en 2020. Les athl\u00e8tes y sont accompagn\u00e9(e)s par Mme Nassim Varasteh, entra\u00eeneure-chef de l\u2019\u00e9quipe nationale Senior en kumit\u00e9 et Mme Pam Ross, entra\u00eeneure de l\u2019\u00e9quipe nationale en kata, ainsi que deux officiels canadiens M Andreas Kuntze et Mme Yoshie Furumoto. Karat\u00e9 Canada souhaite la meilleure des chances \u00e0 tou(te)s les participant(e)s canadien(ne)s lors de cet \u00e9v\u00e9nement! (Nous afficherons bien s\u00fbr les r\u00e9sultats d\u00e8s que possible, mais vous invitons aussi \u00e0 consulter<a href=\"https:\/\/www.facebook.com\/pages\/Karate-Canada\/459465044133223\">\u00a0notre page Facebook<\/a>\u00a0pour des mises \u00e0 jour.)<\/p>\n","protected":false},"excerpt":{"rendered":"<p>Cinq membres de l\u2019\u00e9quipe nationale sont arriv\u00e9s au Maroc, afin d&rsquo;y participer \u00e0 l&rsquo;\u00e9dition 2019 du tournoi K1 Premi\u00e8re Ligue de Rabat, qui aura lieu les 19-21 avril (cliquez ici pour voir la liste compl\u00e8te des participants de l\u2019\u00e9quipe du Canada). Cet \u00e9v\u00e9nement constituera une \u00e9tape importante en vue de la qualification pour les jeux [&hellip;]<\/p>\n","protected":false},"author":7,"featured_media":9031,"comment_status":"open","ping_status":"open","sticky":false,"template":"","format":"standard","meta":{"_acf_changed":false,"footnotes":""},"categories":[],"tags":[],"class_list":["post-9038","post","type-post","status-publish","format-standard","has-post-thumbnail","hentry"],"acf":[],"yoast_head":"<!-- This site is optimized with the Yoast SEO plugin v27.3 - https:\/\/yoast.com\/product\/yoast-seo-wordpress\/ -->\n<title>L\u2019\u00c9QUIPE DU CANADA AU TOURNOI KARAT\u00c9-1 PREMI\u00c8RE LIGUE DE RABAT - Karate Canada<\/title>\n<meta name=\"robots\" content=\"index, follow, max-snippet:-1, max-image-preview:large, max-video-preview:-1\" \/>\n<link rel=\"canonical\" href=\"https:\/\/karatecanada.org\/fr\/lequipe-du-canada-au-tournoi-karate-1-premiere-ligue-de-rabat\/\" \/>\n<meta property=\"og:locale\" content=\"fr_FR\" \/>\n<meta property=\"og:type\" content=\"article\" \/>\n<meta property=\"og:title\" content=\"L\u2019\u00c9QUIPE DU CANADA AU TOURNOI KARAT\u00c9-1 PREMI\u00c8RE LIGUE DE RABAT - Karate Canada\" \/>\n<meta property=\"og:description\" content=\"Cinq membres de l\u2019\u00e9quipe nationale sont arriv\u00e9s au Maroc, afin d&rsquo;y participer \u00e0 l&rsquo;\u00e9dition 2019 du tournoi K1 Premi\u00e8re Ligue de Rabat, qui aura lieu les 19-21 avril (cliquez ici pour voir la liste compl\u00e8te des participants de l\u2019\u00e9quipe du Canada). Cet \u00e9v\u00e9nement constituera une \u00e9tape importante en vue de la qualification pour les jeux [&hellip;]\" \/>\n<meta property=\"og:url\" content=\"https:\/\/karatecanada.org\/fr\/lequipe-du-canada-au-tournoi-karate-1-premiere-ligue-de-rabat\/\" \/>\n<meta property=\"og:site_name\" content=\"Karate Canada\" \/>\n<meta property=\"article:published_time\" content=\"2019-04-18T19:48:14+00:00\" \/>\n<meta property=\"og:image\" content=\"https:\/\/karatecanada.org\/wp-content\/uploads\/2019\/04\/Team_rabat.jpg\" \/>\n\t<meta property=\"og:image:width\" content=\"960\" \/>\n\t<meta property=\"og:image:height\" content=\"720\" \/>\n\t<meta property=\"og:image:type\" content=\"image\/jpeg\" \/>\n<meta name=\"author\" content=\"Andrea Mortenson\" \/>\n<meta name=\"twitter:card\" content=\"summary_large_image\" \/>\n<meta name=\"twitter:label1\" content=\"\u00c9crit par\" \/>\n\t<meta name=\"twitter:data1\" content=\"Andrea Mortenson\" \/>\n\t<meta name=\"twitter:label2\" content=\"Dur\u00e9e de lecture estim\u00e9e\" \/>\n\t<meta name=\"twitter:data2\" content=\"1 minute\" \/>\n<script type=\"application\/ld+json\" class=\"yoast-schema-graph\">{\"@context\":\"https:\\\/\\\/schema.org\",\"@graph\":[{\"@type\":\"Article\",\"@id\":\"https:\\\/\\\/karatecanada.org\\\/fr\\\/lequipe-du-canada-au-tournoi-karate-1-premiere-ligue-de-rabat\\\/#article\",\"isPartOf\":{\"@id\":\"https:\\\/\\\/karatecanada.org\\\/fr\\\/lequipe-du-canada-au-tournoi-karate-1-premiere-ligue-de-rabat\\\/\"},\"author\":{\"name\":\"Andrea Mortenson\",\"@id\":\"https:\\\/\\\/karatecanada.org\\\/fr\\\/#\\\/schema\\\/person\\\/4bf5431dbf9d58396308966e19cd3509\"},\"headline\":\"L\u2019\u00c9QUIPE DU CANADA AU TOURNOI KARAT\u00c9-1 PREMI\u00c8RE LIGUE DE RABAT\",\"datePublished\":\"2019-04-18T19:48:14+00:00\",\"mainEntityOfPage\":{\"@id\":\"https:\\\/\\\/karatecanada.org\\\/fr\\\/lequipe-du-canada-au-tournoi-karate-1-premiere-ligue-de-rabat\\\/\"},\"wordCount\":169,\"commentCount\":0,\"image\":{\"@id\":\"https:\\\/\\\/karatecanada.org\\\/fr\\\/lequipe-du-canada-au-tournoi-karate-1-premiere-ligue-de-rabat\\\/#primaryimage\"},\"thumbnailUrl\":\"https:\\\/\\\/karatecanada.org\\\/wp-content\\\/uploads\\\/2019\\\/04\\\/Team_rabat.jpg\",\"inLanguage\":\"fr-FR\",\"potentialAction\":[{\"@type\":\"CommentAction\",\"name\":\"Comment\",\"target\":[\"https:\\\/\\\/karatecanada.org\\\/fr\\\/lequipe-du-canada-au-tournoi-karate-1-premiere-ligue-de-rabat\\\/#respond\"]}]},{\"@type\":\"WebPage\",\"@id\":\"https:\\\/\\\/karatecanada.org\\\/fr\\\/lequipe-du-canada-au-tournoi-karate-1-premiere-ligue-de-rabat\\\/\",\"url\":\"https:\\\/\\\/karatecanada.org\\\/fr\\\/lequipe-du-canada-au-tournoi-karate-1-premiere-ligue-de-rabat\\\/\",\"name\":\"L\u2019\u00c9QUIPE DU CANADA AU TOURNOI KARAT\u00c9-1 PREMI\u00c8RE LIGUE DE RABAT - Karate Canada\",\"isPartOf\":{\"@id\":\"https:\\\/\\\/karatecanada.org\\\/fr\\\/#website\"},\"primaryImageOfPage\":{\"@id\":\"https:\\\/\\\/karatecanada.org\\\/fr\\\/lequipe-du-canada-au-tournoi-karate-1-premiere-ligue-de-rabat\\\/#primaryimage\"},\"image\":{\"@id\":\"https:\\\/\\\/karatecanada.org\\\/fr\\\/lequipe-du-canada-au-tournoi-karate-1-premiere-ligue-de-rabat\\\/#primaryimage\"},\"thumbnailUrl\":\"https:\\\/\\\/karatecanada.org\\\/wp-content\\\/uploads\\\/2019\\\/04\\\/Team_rabat.jpg\",\"datePublished\":\"2019-04-18T19:48:14+00:00\",\"author\":{\"@id\":\"https:\\\/\\\/karatecanada.org\\\/fr\\\/#\\\/schema\\\/person\\\/4bf5431dbf9d58396308966e19cd3509\"},\"breadcrumb\":{\"@id\":\"https:\\\/\\\/karatecanada.org\\\/fr\\\/lequipe-du-canada-au-tournoi-karate-1-premiere-ligue-de-rabat\\\/#breadcrumb\"},\"inLanguage\":\"fr-FR\",\"potentialAction\":[{\"@type\":\"ReadAction\",\"target\":[\"https:\\\/\\\/karatecanada.org\\\/fr\\\/lequipe-du-canada-au-tournoi-karate-1-premiere-ligue-de-rabat\\\/\"]}]},{\"@type\":\"ImageObject\",\"inLanguage\":\"fr-FR\",\"@id\":\"https:\\\/\\\/karatecanada.org\\\/fr\\\/lequipe-du-canada-au-tournoi-karate-1-premiere-ligue-de-rabat\\\/#primaryimage\",\"url\":\"https:\\\/\\\/karatecanada.org\\\/wp-content\\\/uploads\\\/2019\\\/04\\\/Team_rabat.jpg\",\"contentUrl\":\"https:\\\/\\\/karatecanada.org\\\/wp-content\\\/uploads\\\/2019\\\/04\\\/Team_rabat.jpg\",\"width\":960,\"height\":720},{\"@type\":\"BreadcrumbList\",\"@id\":\"https:\\\/\\\/karatecanada.org\\\/fr\\\/lequipe-du-canada-au-tournoi-karate-1-premiere-ligue-de-rabat\\\/#breadcrumb\",\"itemListElement\":[{\"@type\":\"ListItem\",\"position\":1,\"name\":\"Home\",\"item\":\"https:\\\/\\\/karatecanada.org\\\/fr\\\/\"},{\"@type\":\"ListItem\",\"position\":2,\"name\":\"L\u2019\u00c9QUIPE DU CANADA AU TOURNOI KARAT\u00c9-1 PREMI\u00c8RE LIGUE DE RABAT\"}]},{\"@type\":\"WebSite\",\"@id\":\"https:\\\/\\\/karatecanada.org\\\/fr\\\/#website\",\"url\":\"https:\\\/\\\/karatecanada.org\\\/fr\\\/\",\"name\":\"Karate Canada\",\"description\":\"Just another WordPress site\",\"potentialAction\":[{\"@type\":\"SearchAction\",\"target\":{\"@type\":\"EntryPoint\",\"urlTemplate\":\"https:\\\/\\\/karatecanada.org\\\/fr\\\/?s={search_term_string}\"},\"query-input\":{\"@type\":\"PropertyValueSpecification\",\"valueRequired\":true,\"valueName\":\"search_term_string\"}}],\"inLanguage\":\"fr-FR\"},{\"@type\":\"Person\",\"@id\":\"https:\\\/\\\/karatecanada.org\\\/fr\\\/#\\\/schema\\\/person\\\/4bf5431dbf9d58396308966e19cd3509\",\"name\":\"Andrea Mortenson\",\"image\":{\"@type\":\"ImageObject\",\"inLanguage\":\"fr-FR\",\"@id\":\"https:\\\/\\\/secure.gravatar.com\\\/avatar\\\/c0fbb2ccf4c18c46c3889bd8919e99cf6ddb6bbda8924ffd8391edcb42b3ae47?s=96&d=mm&r=g\",\"url\":\"https:\\\/\\\/secure.gravatar.com\\\/avatar\\\/c0fbb2ccf4c18c46c3889bd8919e99cf6ddb6bbda8924ffd8391edcb42b3ae47?s=96&d=mm&r=g\",\"contentUrl\":\"https:\\\/\\\/secure.gravatar.com\\\/avatar\\\/c0fbb2ccf4c18c46c3889bd8919e99cf6ddb6bbda8924ffd8391edcb42b3ae47?s=96&d=mm&r=g\",\"caption\":\"Andrea Mortenson\"},\"url\":\"https:\\\/\\\/karatecanada.org\\\/fr\\\/author\\\/andi\\\/\"}]}<\/script>\n<!-- \/ Yoast SEO plugin. -->","yoast_head_json":{"title":"L\u2019\u00c9QUIPE DU CANADA AU TOURNOI KARAT\u00c9-1 PREMI\u00c8RE LIGUE DE RABAT - Karate Canada","robots":{"index":"index","follow":"follow","max-snippet":"max-snippet:-1","max-image-preview":"max-image-preview:large","max-video-preview":"max-video-preview:-1"},"canonical":"https:\/\/karatecanada.org\/fr\/lequipe-du-canada-au-tournoi-karate-1-premiere-ligue-de-rabat\/","og_locale":"fr_FR","og_type":"article","og_title":"L\u2019\u00c9QUIPE DU CANADA AU TOURNOI KARAT\u00c9-1 PREMI\u00c8RE LIGUE DE RABAT - Karate Canada","og_description":"Cinq membres de l\u2019\u00e9quipe nationale sont arriv\u00e9s au Maroc, afin d&rsquo;y participer \u00e0 l&rsquo;\u00e9dition 2019 du tournoi K1 Premi\u00e8re Ligue de Rabat, qui aura lieu les 19-21 avril (cliquez ici pour voir la liste compl\u00e8te des participants de l\u2019\u00e9quipe du Canada). Cet \u00e9v\u00e9nement constituera une \u00e9tape importante en vue de la qualification pour les jeux [&hellip;]","og_url":"https:\/\/karatecanada.org\/fr\/lequipe-du-canada-au-tournoi-karate-1-premiere-ligue-de-rabat\/","og_site_name":"Karate Canada","article_published_time":"2019-04-18T19:48:14+00:00","og_image":[{"width":960,"height":720,"url":"https:\/\/karatecanada.org\/wp-content\/uploads\/2019\/04\/Team_rabat.jpg","type":"image\/jpeg"}],"author":"Andrea Mortenson","twitter_card":"summary_large_image","twitter_misc":{"\u00c9crit par":"Andrea Mortenson","Dur\u00e9e de lecture estim\u00e9e":"1 minute"},"schema":{"@context":"https:\/\/schema.org","@graph":[{"@type":"Article","@id":"https:\/\/karatecanada.org\/fr\/lequipe-du-canada-au-tournoi-karate-1-premiere-ligue-de-rabat\/#article","isPartOf":{"@id":"https:\/\/karatecanada.org\/fr\/lequipe-du-canada-au-tournoi-karate-1-premiere-ligue-de-rabat\/"},"author":{"name":"Andrea Mortenson","@id":"https:\/\/karatecanada.org\/fr\/#\/schema\/person\/4bf5431dbf9d58396308966e19cd3509"},"headline":"L\u2019\u00c9QUIPE DU CANADA AU TOURNOI KARAT\u00c9-1 PREMI\u00c8RE LIGUE DE RABAT","datePublished":"2019-04-18T19:48:14+00:00","mainEntityOfPage":{"@id":"https:\/\/karatecanada.org\/fr\/lequipe-du-canada-au-tournoi-karate-1-premiere-ligue-de-rabat\/"},"wordCount":169,"commentCount":0,"image":{"@id":"https:\/\/karatecanada.org\/fr\/lequipe-du-canada-au-tournoi-karate-1-premiere-ligue-de-rabat\/#primaryimage"},"thumbnailUrl":"https:\/\/karatecanada.org\/wp-content\/uploads\/2019\/04\/Team_rabat.jpg","inLanguage":"fr-FR","potentialAction":[{"@type":"CommentAction","name":"Comment","target":["https:\/\/karatecanada.org\/fr\/lequipe-du-canada-au-tournoi-karate-1-premiere-ligue-de-rabat\/#respond"]}]},{"@type":"WebPage","@id":"https:\/\/karatecanada.org\/fr\/lequipe-du-canada-au-tournoi-karate-1-premiere-ligue-de-rabat\/","url":"https:\/\/karatecanada.org\/fr\/lequipe-du-canada-au-tournoi-karate-1-premiere-ligue-de-rabat\/","name":"L\u2019\u00c9QUIPE DU CANADA AU TOURNOI KARAT\u00c9-1 PREMI\u00c8RE LIGUE DE RABAT - Karate Canada","isPartOf":{"@id":"https:\/\/karatecanada.org\/fr\/#website"},"primaryImageOfPage":{"@id":"https:\/\/karatecanada.org\/fr\/lequipe-du-canada-au-tournoi-karate-1-premiere-ligue-de-rabat\/#primaryimage"},"image":{"@id":"https:\/\/karatecanada.org\/fr\/lequipe-du-canada-au-tournoi-karate-1-premiere-ligue-de-rabat\/#primaryimage"},"thumbnailUrl":"https:\/\/karatecanada.org\/wp-content\/uploads\/2019\/04\/Team_rabat.jpg","datePublished":"2019-04-18T19:48:14+00:00","author":{"@id":"https:\/\/karatecanada.org\/fr\/#\/schema\/person\/4bf5431dbf9d58396308966e19cd3509"},"breadcrumb":{"@id":"https:\/\/karatecanada.org\/fr\/lequipe-du-canada-au-tournoi-karate-1-premiere-ligue-de-rabat\/#breadcrumb"},"inLanguage":"fr-FR","potentialAction":[{"@type":"ReadAction","target":["https:\/\/karatecanada.org\/fr\/lequipe-du-canada-au-tournoi-karate-1-premiere-ligue-de-rabat\/"]}]},{"@type":"ImageObject","inLanguage":"fr-FR","@id":"https:\/\/karatecanada.org\/fr\/lequipe-du-canada-au-tournoi-karate-1-premiere-ligue-de-rabat\/#primaryimage","url":"https:\/\/karatecanada.org\/wp-content\/uploads\/2019\/04\/Team_rabat.jpg","contentUrl":"https:\/\/karatecanada.org\/wp-content\/uploads\/2019\/04\/Team_rabat.jpg","width":960,"height":720},{"@type":"BreadcrumbList","@id":"https:\/\/karatecanada.org\/fr\/lequipe-du-canada-au-tournoi-karate-1-premiere-ligue-de-rabat\/#breadcrumb","itemListElement":[{"@type":"ListItem","position":1,"name":"Home","item":"https:\/\/karatecanada.org\/fr\/"},{"@type":"ListItem","position":2,"name":"L\u2019\u00c9QUIPE DU CANADA AU TOURNOI KARAT\u00c9-1 PREMI\u00c8RE LIGUE DE RABAT"}]},{"@type":"WebSite","@id":"https:\/\/karatecanada.org\/fr\/#website","url":"https:\/\/karatecanada.org\/fr\/","name":"Karate Canada","description":"Just another WordPress site","potentialAction":[{"@type":"SearchAction","target":{"@type":"EntryPoint","urlTemplate":"https:\/\/karatecanada.org\/fr\/?s={search_term_string}"},"query-input":{"@type":"PropertyValueSpecification","valueRequired":true,"valueName":"search_term_string"}}],"inLanguage":"fr-FR"},{"@type":"Person","@id":"https:\/\/karatecanada.org\/fr\/#\/schema\/person\/4bf5431dbf9d58396308966e19cd3509","name":"Andrea Mortenson","image":{"@type":"ImageObject","inLanguage":"fr-FR","@id":"https:\/\/secure.gravatar.com\/avatar\/c0fbb2ccf4c18c46c3889bd8919e99cf6ddb6bbda8924ffd8391edcb42b3ae47?s=96&d=mm&r=g","url":"https:\/\/secure.gravatar.com\/avatar\/c0fbb2ccf4c18c46c3889bd8919e99cf6ddb6bbda8924ffd8391edcb42b3ae47?s=96&d=mm&r=g","contentUrl":"https:\/\/secure.gravatar.com\/avatar\/c0fbb2ccf4c18c46c3889bd8919e99cf6ddb6bbda8924ffd8391edcb42b3ae47?s=96&d=mm&r=g","caption":"Andrea Mortenson"},"url":"https:\/\/karatecanada.org\/fr\/author\/andi\/"}]}},"featured_image_src":"https:\/\/karatecanada.org\/wp-content\/uploads\/2019\/04\/Team_rabat-768x576.jpg","date_format":"avril 18, 2019","_links":{"self":[{"href":"https:\/\/karatecanada.org\/fr\/wp-json\/wp\/v2\/posts\/9038","targetHints":{"allow":["GET"]}}],"collection":[{"href":"https:\/\/karatecanada.org\/fr\/wp-json\/wp\/v2\/posts"}],"about":[{"href":"https:\/\/karatecanada.org\/fr\/wp-json\/wp\/v2\/types\/post"}],"author":[{"embeddable":true,"href":"https:\/\/karatecanada.org\/fr\/wp-json\/wp\/v2\/users\/7"}],"replies":[{"embeddable":true,"href":"https:\/\/karatecanada.org\/fr\/wp-json\/wp\/v2\/comments?post=9038"}],"version-history":[{"count":0,"href":"https:\/\/karatecanada.org\/fr\/wp-json\/wp\/v2\/posts\/9038\/revisions"}],"wp:featuredmedia":[{"embeddable":true,"href":"https:\/\/karatecanada.org\/fr\/wp-json\/wp\/v2\/media\/9031"}],"wp:attachment":[{"href":"https:\/\/karatecanada.org\/fr\/wp-json\/wp\/v2\/media?parent=9038"}],"wp:term":[{"taxonomy":"category","embeddable":true,"href":"https:\/\/karatecanada.org\/fr\/wp-json\/wp\/v2\/categories?post=9038"},{"taxonomy":"post_tag","embeddable":true,"href":"https:\/\/karatecanada.org\/fr\/wp-json\/wp\/v2\/tags?post=9038"}],"curies":[{"name":"wp","href":"https:\/\/api.w.org\/{rel}","templated":true}]}}